{"id":9909,"date":"2020-05-18T18:22:44","date_gmt":"2020-05-18T18:22:44","guid":{"rendered":"https:\/\/martinezcaballeroabogados.com\/autorizacao-de-trabalho-para-menores-estrangeiros-em-idade-activa\/"},"modified":"2023-01-27T16:03:28","modified_gmt":"2023-01-27T16:03:28","slug":"autorizacao-de-trabalho-para-menores-estrangeiros-em-idade-activa","status":"publish","type":"post","link":"https:\/\/martinezcaballeroabogados.com\/pt-pt\/autorizacao-de-trabalho-para-menores-estrangeiros-em-idade-activa\/","title":{"rendered":"AUTORIZA\u00c7\u00c3O DE TRABALHO PARA MENORES ESTRANGEIROS EM IDADE ACTIVA."},"content":{"rendered":"\t\t<div data-elementor-type=\"wp-post\" data-elementor-id=\"9909\" class=\"elementor elementor-9909 elementor-3787\" data-elementor-post-type=\"post\">\n\t\t\t\t\t\t<section class=\"elementor-section elementor-top-section elementor-element elementor-element-c0c2076 elementor-section-boxed elementor-section-height-default elementor-section-height-default\" data-id=\"c0c2076\" data-element_type=\"section\" data-e-type=\"section\">\n\t\t\t\t\t\t<div class=\"elementor-container elementor-column-gap-extended\">\n\t\t\t\t\t<div class=\"elementor-column elementor-col-100 elementor-top-column elementor-element elementor-element-17cd7baa sc_inner_width_none sc_layouts_column_icons_position_left\" data-id=\"17cd7baa\" data-element_type=\"column\" data-e-type=\"column\">\n\t\t\t<div class=\"elementor-widget-wrap elementor-element-populated\">\n\t\t\t\t\t\t<div class=\"elementor-element elementor-element-6df128cf sc_fly_static elementor-widget elementor-widget-text-editor\" data-id=\"6df128cf\" data-element_type=\"widget\" data-e-type=\"widget\" data-widget_type=\"text-editor.default\">\n\t\t\t\t<div class=\"elementor-widget-container\">\n\t\t\t\t\t\t\t\t\t<h4 style=\"text-align: left;\">Autoriza\u00e7\u00e3o de trabalho para menores estrangeiros.<\/h4>\n<p>Em 6 de Mar\u00e7o de 2020, o Secret\u00e1rio de Estado para as Migra\u00e7\u00f5es emitiu a Instru\u00e7\u00e3o 1\/2020, na qual declarou que o<strong>  A autoriza\u00e7\u00e3o de resid\u00eancia emitida aos menores estrangeiros serve igualmente de autoriza\u00e7\u00e3o de trabalho e d\u00e1-lhes o direito de trabalhar como assalariados logo que atinjam a idade de 16 anos, sem necessidade de qualquer outro procedimento administrativo relativo aos estrangeiros.  <\/strong><\/p>\n<h6><strong>O que \u00e9 um menor desacompanhado?<\/strong><\/h6>\n<p>Estes s\u00e3o <strong>menores estrangeiros<\/strong> que chegam a Espanha sozinhos e <strong>sem um adulto ou fam\u00edlia<\/strong> para os acompanhar.<\/p>\n<p>Menores sem a presen\u00e7a de adultos ou respons\u00e1veis, entre os quais se incluem os seguintes<\/p>\n<p>sublinha a faixa et\u00e1ria entre os <strong>16 e 18 anos<\/strong> de idade.<\/p>\n<p>Dado o seu estatuto de menores de 18 anos, os menores estrangeiros s\u00e3o tratados em Espanha pelos servi\u00e7os competentes para a protec\u00e7\u00e3o de menores.<\/p>\n<h6><strong>O menor n\u00e3o acompanhado tem uma autoriza\u00e7\u00e3o de resid\u00eancia?<\/strong><\/h6>\n<p>Ao menor n\u00e3o acompanhado \u00e9 concedida uma autoriza\u00e7\u00e3o de resid\u00eancia, v\u00e1lida a partir do momento em que \u00e9 colocado \u00e0 disposi\u00e7\u00e3o dos servi\u00e7os de protec\u00e7\u00e3o de menores, mas n\u00e3o tem automaticamente direito a trabalhar.<\/p>\n<h6><strong>Qual \u00e9 a idade de trabalho em Espanha?<\/strong><\/h6>\n<p>Em Espanha, s\u00e3o autorizados a trabalhar a partir dos 16 anos de idade, de acordo com regras especiais de protec\u00e7\u00e3o, e n\u00e3o s\u00e3o autorizados a trabalhar \u00e0 noite antes da idade da maioridade, nem a ocupar empregos pouco saud\u00e1veis, dolorosos, nocivos ou perigosos para a sua sa\u00fade ou para a sua forma\u00e7\u00e3o profissional e humana.<\/p>\n<h6><strong>Como pode trabalhar um menor estrangeiro em idade activa?<\/strong><\/h6>\n<p>O artigo 36.1 da Lei Org\u00e2nica 4\/2000 estipula que os estrangeiros com mais de 16 anos de idade necessitam de autoriza\u00e7\u00e3o administrativa pr\u00e9via para trabalhar.<\/p>\n<h6><strong>E quanto \u00e0 situa\u00e7\u00e3o do emprego nacional nestes casos de menores estrangeiros em idade de trabalhar?<\/strong><\/h6>\n<p>A lei prev\u00ea uma <strong>isen\u00e7\u00e3o do estatuto de emprego nacional<\/strong> nos casos em que o <strong>contrato de trabalho \u00e9 para menores estrangeiros em idade activa<\/strong>,  titulares de uma autoriza\u00e7\u00e3o de resid\u00eancia, e sob tutela da entidade competente para a protec\u00e7\u00e3o de menores, dando ao menor estrangeiro sob tutela a possibilidade de trabalhar a partir dos 16 anos de idade, com as limita\u00e7\u00f5es e o cumprimento pr\u00e9vio das salvaguardas que, se for caso disso, s\u00e3o aplic\u00e1veis ao abrigo da regulamenta\u00e7\u00e3o laboral em vigor, e o cumprimento pr\u00e9vio das regras especiais de protec\u00e7\u00e3o que est\u00e3o previstas a este respeito no sistema jur\u00eddico.<\/p>\n<p>\u00c9 de notar que, no caso de menores emancipados, \u00e9 necess\u00e1rio o consentimento pr\u00e9vio dos seus tutores ou dependentes e, no caso daqueles que n\u00e3o vivem independentemente, \u00e9 necess\u00e1ria a autoriza\u00e7\u00e3o dos pais ou dos seus representantes legais. Tudo isto \u00e9 no melhor interesse da crian\u00e7a.<\/p>\n<p>Martinez &amp; Caballero Advogados<\/p>\n\t\t\t\t\t\t\t\t<\/div>\n\t\t\t\t<\/div>\n\t\t\t\t\t<\/div>\n\t\t<\/div>\n\t\t\t\t\t<\/div>\n\t\t<\/section>\n\t\t\t\t<\/div>\n\t\t","protected":false},"excerpt":{"rendered":"<p>Autoriza\u00e7\u00e3o de trabalho para menores estrangeiros. Em 6 de Mar\u00e7o de 2020, o Secret\u00e1rio de Estado para as Migra\u00e7\u00f5es emitiu a Instru\u00e7\u00e3o 1\/2020, na qual declarou que o A autoriza\u00e7\u00e3o de resid\u00eancia emitida aos menores estrangeiros serve igualmente de autoriza\u00e7\u00e3o de trabalho e d\u00e1-lhes o direito de trabalhar como assalariados logo que atinjam a idade de 16 anos, sem necessidade de qualquer outro procedimento administrativo relativo aos estrangeiros. O que \u00e9 um menor desacompanhado? Estes s\u00e3o menores estrangeiros que chegam&hellip;<\/p>\n","protected":false},"author":1,"featured_media":7668,"comment_status":"closed","ping_status":"open","sticky":false,"template":"","format":"standard","meta":{"_monsterinsights_skip_tracking":false,"_monsterinsights_sitenote_active":false,"_monsterinsights_sitenote_note":"","_monsterinsights_sitenote_category":0,"_joinchat":[],"footnotes":""},"categories":[352,354,376,347,361,342],"tags":[],"class_list":["post-9909","post","type-post","status-publish","format-standard","has-post-thumbnail","hentry","category-alienigenas","category-autorizacao","category-autorizacao-de-trabalho","category-direito-do-trabalho","category-menores","category-noticias-e-actualidades"],"yoast_head":"<!-- This site is optimized with the Yoast SEO plugin v26.8 - https:\/\/yoast.com\/product\/yoast-seo-wordpress\/ -->\n<title>Autoriza\u00e7\u00e3o de trabalho infantil - Martinez Caballero Abogados<\/title>\n<meta name=\"description\" content=\"A autoriza\u00e7\u00e3o de trabalho para um menor em Espanha \u00e9 concedida a partir dos 16 anos de idade e n\u00e3o requer qualquer processamento no servi\u00e7o de imigra\u00e7\u00e3o.\" \/>\n<meta name=\"robots\" content=\"index, follow, max-snippet:-1, max-image-preview:large, max-video-preview:-1\" \/>\n<link rel=\"canonical\" href=\"https:\/\/martinezcaballeroabogados.com\/pt-pt\/autorizacao-de-trabalho-para-menores-estrangeiros-em-idade-activa\/\" \/>\n<meta property=\"og:locale\" content=\"pt_PT\" \/>\n<meta property=\"og:type\" content=\"article\" \/>\n<meta property=\"og:title\" content=\"Autoriza\u00e7\u00e3o de trabalho infantil - Martinez Caballero Abogados\" \/>\n<meta property=\"og:description\" content=\"A autoriza\u00e7\u00e3o de trabalho para um menor em Espanha \u00e9 concedida a partir dos 16 anos de idade e n\u00e3o requer qualquer processamento no servi\u00e7o de imigra\u00e7\u00e3o.\" \/>\n<meta property=\"og:url\" content=\"https:\/\/martinezcaballeroabogados.com\/pt-pt\/autorizacao-de-trabalho-para-menores-estrangeiros-em-idade-activa\/\" \/>\n<meta property=\"og:site_name\" content=\"Martinez Caballero Abogados\" \/>\n<meta property=\"article:publisher\" content=\"https:\/\/www.facebook.com\/martinezcaballeroabogados\/\" \/>\n<meta property=\"article:published_time\" content=\"2020-05-18T18:22:44+00:00\" \/>\n<meta property=\"article:modified_time\" content=\"2023-01-27T16:03:28+00:00\" \/>\n<meta property=\"og:image\" content=\"https:\/\/martinezcaballeroabogados.com\/wp-content\/uploads\/2020\/05\/thoughtful-teenager-at-school-FTMU4H8.jpg\" \/>\n\t<meta property=\"og:image:width\" content=\"1980\" \/>\n\t<meta property=\"og:image:height\" content=\"1321\" \/>\n\t<meta property=\"og:image:type\" content=\"image\/jpeg\" \/>\n<meta name=\"author\" content=\"martinez-admin\" \/>\n<meta name=\"twitter:card\" content=\"summary_large_image\" \/>\n<meta name=\"twitter:creator\" content=\"@MC_abogados_\" \/>\n<meta name=\"twitter:site\" content=\"@MC_abogados_\" \/>\n<meta name=\"twitter:label1\" content=\"Escrito por\" \/>\n\t<meta name=\"twitter:data1\" content=\"martinez-admin\" \/>\n\t<meta name=\"twitter:label2\" content=\"Tempo estimado de leitura\" \/>\n\t<meta name=\"twitter:data2\" content=\"2 minutos\" \/>\n<script type=\"application\/ld+json\" class=\"yoast-schema-graph\">{\"@context\":\"https:\/\/schema.org\",\"@graph\":[{\"@type\":\"Article\",\"@id\":\"https:\/\/martinezcaballeroabogados.com\/pt-pt\/autorizacao-de-trabalho-para-menores-estrangeiros-em-idade-activa\/#article\",\"isPartOf\":{\"@id\":\"https:\/\/martinezcaballeroabogados.com\/pt-pt\/autorizacao-de-trabalho-para-menores-estrangeiros-em-idade-activa\/\"},\"author\":{\"name\":\"martinez-admin\",\"@id\":\"https:\/\/martinezcaballeroabogados.com\/pt-pt\/#\/schema\/person\/ee5a2bfe30c40c7af67cac2f7f0836d3\"},\"headline\":\"AUTORIZA\u00c7\u00c3O DE TRABALHO PARA MENORES ESTRANGEIROS EM IDADE ACTIVA.\",\"datePublished\":\"2020-05-18T18:22:44+00:00\",\"dateModified\":\"2023-01-27T16:03:28+00:00\",\"mainEntityOfPage\":{\"@id\":\"https:\/\/martinezcaballeroabogados.com\/pt-pt\/autorizacao-de-trabalho-para-menores-estrangeiros-em-idade-activa\/\"},\"wordCount\":493,\"publisher\":{\"@id\":\"https:\/\/martinezcaballeroabogados.com\/pt-pt\/#organization\"},\"image\":{\"@id\":\"https:\/\/martinezcaballeroabogados.com\/pt-pt\/autorizacao-de-trabalho-para-menores-estrangeiros-em-idade-activa\/#primaryimage\"},\"thumbnailUrl\":\"https:\/\/martinezcaballeroabogados.com\/wp-content\/uploads\/2020\/05\/thoughtful-teenager-at-school-FTMU4H8.jpg\",\"articleSection\":[\"Alien\u00edgenas\",\"Autoriza\u00e7\u00e3o\",\"Autoriza\u00e7\u00e3o de trabalho\",\"Direito do trabalho\",\"Menores\",\"Not\u00edcias e actualidades\"],\"inLanguage\":\"pt-PT\"},{\"@type\":\"WebPage\",\"@id\":\"https:\/\/martinezcaballeroabogados.com\/pt-pt\/autorizacao-de-trabalho-para-menores-estrangeiros-em-idade-activa\/\",\"url\":\"https:\/\/martinezcaballeroabogados.com\/pt-pt\/autorizacao-de-trabalho-para-menores-estrangeiros-em-idade-activa\/\",\"name\":\"Autoriza\u00e7\u00e3o de trabalho infantil - Martinez Caballero Abogados\",\"isPartOf\":{\"@id\":\"https:\/\/martinezcaballeroabogados.com\/pt-pt\/#website\"},\"primaryImageOfPage\":{\"@id\":\"https:\/\/martinezcaballeroabogados.com\/pt-pt\/autorizacao-de-trabalho-para-menores-estrangeiros-em-idade-activa\/#primaryimage\"},\"image\":{\"@id\":\"https:\/\/martinezcaballeroabogados.com\/pt-pt\/autorizacao-de-trabalho-para-menores-estrangeiros-em-idade-activa\/#primaryimage\"},\"thumbnailUrl\":\"https:\/\/martinezcaballeroabogados.com\/wp-content\/uploads\/2020\/05\/thoughtful-teenager-at-school-FTMU4H8.jpg\",\"datePublished\":\"2020-05-18T18:22:44+00:00\",\"dateModified\":\"2023-01-27T16:03:28+00:00\",\"description\":\"A autoriza\u00e7\u00e3o de trabalho para um menor em Espanha \u00e9 concedida a partir dos 16 anos de idade e n\u00e3o requer qualquer processamento no servi\u00e7o de imigra\u00e7\u00e3o.\",\"breadcrumb\":{\"@id\":\"https:\/\/martinezcaballeroabogados.com\/pt-pt\/autorizacao-de-trabalho-para-menores-estrangeiros-em-idade-activa\/#breadcrumb\"},\"inLanguage\":\"pt-PT\",\"potentialAction\":[{\"@type\":\"ReadAction\",\"target\":[\"https:\/\/martinezcaballeroabogados.com\/pt-pt\/autorizacao-de-trabalho-para-menores-estrangeiros-em-idade-activa\/\"]}]},{\"@type\":\"ImageObject\",\"inLanguage\":\"pt-PT\",\"@id\":\"https:\/\/martinezcaballeroabogados.com\/pt-pt\/autorizacao-de-trabalho-para-menores-estrangeiros-em-idade-activa\/#primaryimage\",\"url\":\"https:\/\/martinezcaballeroabogados.com\/wp-content\/uploads\/2020\/05\/thoughtful-teenager-at-school-FTMU4H8.jpg\",\"contentUrl\":\"https:\/\/martinezcaballeroabogados.com\/wp-content\/uploads\/2020\/05\/thoughtful-teenager-at-school-FTMU4H8.jpg\",\"width\":1980,\"height\":1321},{\"@type\":\"BreadcrumbList\",\"@id\":\"https:\/\/martinezcaballeroabogados.com\/pt-pt\/autorizacao-de-trabalho-para-menores-estrangeiros-em-idade-activa\/#breadcrumb\",\"itemListElement\":[{\"@type\":\"ListItem\",\"position\":1,\"name\":\"Portada\",\"item\":\"https:\/\/martinezcaballeroabogados.com\/pt-pt\/advogados-em-barcelona\/\"},{\"@type\":\"ListItem\",\"position\":2,\"name\":\"AUTORIZA\u00c7\u00c3O DE TRABALHO PARA MENORES ESTRANGEIROS EM IDADE ACTIVA.\"}]},{\"@type\":\"WebSite\",\"@id\":\"https:\/\/martinezcaballeroabogados.com\/pt-pt\/#website\",\"url\":\"https:\/\/martinezcaballeroabogados.com\/pt-pt\/\",\"name\":\"Martinez & Caballero Abogados\",\"description\":\"Advogados abrangentes em Barcelona\",\"publisher\":{\"@id\":\"https:\/\/martinezcaballeroabogados.com\/pt-pt\/#organization\"},\"potentialAction\":[{\"@type\":\"SearchAction\",\"target\":{\"@type\":\"EntryPoint\",\"urlTemplate\":\"https:\/\/martinezcaballeroabogados.com\/pt-pt\/?s={search_term_string}\"},\"query-input\":{\"@type\":\"PropertyValueSpecification\",\"valueRequired\":true,\"valueName\":\"search_term_string\"}}],\"inLanguage\":\"pt-PT\"},{\"@type\":\"Organization\",\"@id\":\"https:\/\/martinezcaballeroabogados.com\/pt-pt\/#organization\",\"name\":\"Martinez & Caballero Abogados\",\"url\":\"https:\/\/martinezcaballeroabogados.com\/pt-pt\/\",\"logo\":{\"@type\":\"ImageObject\",\"inLanguage\":\"pt-PT\",\"@id\":\"https:\/\/martinezcaballeroabogados.com\/pt-pt\/#\/schema\/logo\/image\/\",\"url\":\"https:\/\/martinezcaballeroabogados.com\/wp-content\/uploads\/2020\/02\/cropped-cropped-logo-mc-abogados-web-1-e1497812507401-1.png\",\"contentUrl\":\"https:\/\/martinezcaballeroabogados.com\/wp-content\/uploads\/2020\/02\/cropped-cropped-logo-mc-abogados-web-1-e1497812507401-1.png\",\"width\":300,\"height\":150,\"caption\":\"Martinez & Caballero Abogados\"},\"image\":{\"@id\":\"https:\/\/martinezcaballeroabogados.com\/pt-pt\/#\/schema\/logo\/image\/\"},\"sameAs\":[\"https:\/\/www.facebook.com\/martinezcaballeroabogados\/\",\"https:\/\/x.com\/MC_abogados_\",\"https:\/\/www.instagram.com\/extranjeriabarcelonaabogados\/\"]},{\"@type\":\"Person\",\"@id\":\"https:\/\/martinezcaballeroabogados.com\/pt-pt\/#\/schema\/person\/ee5a2bfe30c40c7af67cac2f7f0836d3\",\"name\":\"martinez-admin\",\"image\":{\"@type\":\"ImageObject\",\"inLanguage\":\"pt-PT\",\"@id\":\"https:\/\/martinezcaballeroabogados.com\/pt-pt\/#\/schema\/person\/image\/\",\"url\":\"https:\/\/secure.gravatar.com\/avatar\/e75c4c04fb977670e5006b7e6fc3f34d?s=96&d=mm&r=g\",\"contentUrl\":\"https:\/\/secure.gravatar.com\/avatar\/e75c4c04fb977670e5006b7e6fc3f34d?s=96&d=mm&r=g\",\"caption\":\"martinez-admin\"}}]}<\/script>\n<!-- \/ Yoast SEO plugin. -->","yoast_head_json":{"title":"Autoriza\u00e7\u00e3o de trabalho infantil - Martinez Caballero Abogados","description":"A autoriza\u00e7\u00e3o de trabalho para um menor em Espanha \u00e9 concedida a partir dos 16 anos de idade e n\u00e3o requer qualquer processamento no servi\u00e7o de imigra\u00e7\u00e3o.","robots":{"index":"index","follow":"follow","max-snippet":"max-snippet:-1","max-image-preview":"max-image-preview:large","max-video-preview":"max-video-preview:-1"},"canonical":"https:\/\/martinezcaballeroabogados.com\/pt-pt\/autorizacao-de-trabalho-para-menores-estrangeiros-em-idade-activa\/","og_locale":"pt_PT","og_type":"article","og_title":"Autoriza\u00e7\u00e3o de trabalho infantil - Martinez Caballero Abogados","og_description":"A autoriza\u00e7\u00e3o de trabalho para um menor em Espanha \u00e9 concedida a partir dos 16 anos de idade e n\u00e3o requer qualquer processamento no servi\u00e7o de imigra\u00e7\u00e3o.","og_url":"https:\/\/martinezcaballeroabogados.com\/pt-pt\/autorizacao-de-trabalho-para-menores-estrangeiros-em-idade-activa\/","og_site_name":"Martinez Caballero Abogados","article_publisher":"https:\/\/www.facebook.com\/martinezcaballeroabogados\/","article_published_time":"2020-05-18T18:22:44+00:00","article_modified_time":"2023-01-27T16:03:28+00:00","og_image":[{"width":1980,"height":1321,"url":"https:\/\/martinezcaballeroabogados.com\/wp-content\/uploads\/2020\/05\/thoughtful-teenager-at-school-FTMU4H8.jpg","type":"image\/jpeg"}],"author":"martinez-admin","twitter_card":"summary_large_image","twitter_creator":"@MC_abogados_","twitter_site":"@MC_abogados_","twitter_misc":{"Escrito por":"martinez-admin","Tempo estimado de leitura":"2 minutos"},"schema":{"@context":"https:\/\/schema.org","@graph":[{"@type":"Article","@id":"https:\/\/martinezcaballeroabogados.com\/pt-pt\/autorizacao-de-trabalho-para-menores-estrangeiros-em-idade-activa\/#article","isPartOf":{"@id":"https:\/\/martinezcaballeroabogados.com\/pt-pt\/autorizacao-de-trabalho-para-menores-estrangeiros-em-idade-activa\/"},"author":{"name":"martinez-admin","@id":"https:\/\/martinezcaballeroabogados.com\/pt-pt\/#\/schema\/person\/ee5a2bfe30c40c7af67cac2f7f0836d3"},"headline":"AUTORIZA\u00c7\u00c3O DE TRABALHO PARA MENORES ESTRANGEIROS EM IDADE ACTIVA.","datePublished":"2020-05-18T18:22:44+00:00","dateModified":"2023-01-27T16:03:28+00:00","mainEntityOfPage":{"@id":"https:\/\/martinezcaballeroabogados.com\/pt-pt\/autorizacao-de-trabalho-para-menores-estrangeiros-em-idade-activa\/"},"wordCount":493,"publisher":{"@id":"https:\/\/martinezcaballeroabogados.com\/pt-pt\/#organization"},"image":{"@id":"https:\/\/martinezcaballeroabogados.com\/pt-pt\/autorizacao-de-trabalho-para-menores-estrangeiros-em-idade-activa\/#primaryimage"},"thumbnailUrl":"https:\/\/martinezcaballeroabogados.com\/wp-content\/uploads\/2020\/05\/thoughtful-teenager-at-school-FTMU4H8.jpg","articleSection":["Alien\u00edgenas","Autoriza\u00e7\u00e3o","Autoriza\u00e7\u00e3o de trabalho","Direito do trabalho","Menores","Not\u00edcias e actualidades"],"inLanguage":"pt-PT"},{"@type":"WebPage","@id":"https:\/\/martinezcaballeroabogados.com\/pt-pt\/autorizacao-de-trabalho-para-menores-estrangeiros-em-idade-activa\/","url":"https:\/\/martinezcaballeroabogados.com\/pt-pt\/autorizacao-de-trabalho-para-menores-estrangeiros-em-idade-activa\/","name":"Autoriza\u00e7\u00e3o de trabalho infantil - Martinez Caballero Abogados","isPartOf":{"@id":"https:\/\/martinezcaballeroabogados.com\/pt-pt\/#website"},"primaryImageOfPage":{"@id":"https:\/\/martinezcaballeroabogados.com\/pt-pt\/autorizacao-de-trabalho-para-menores-estrangeiros-em-idade-activa\/#primaryimage"},"image":{"@id":"https:\/\/martinezcaballeroabogados.com\/pt-pt\/autorizacao-de-trabalho-para-menores-estrangeiros-em-idade-activa\/#primaryimage"},"thumbnailUrl":"https:\/\/martinezcaballeroabogados.com\/wp-content\/uploads\/2020\/05\/thoughtful-teenager-at-school-FTMU4H8.jpg","datePublished":"2020-05-18T18:22:44+00:00","dateModified":"2023-01-27T16:03:28+00:00","description":"A autoriza\u00e7\u00e3o de trabalho para um menor em Espanha \u00e9 concedida a partir dos 16 anos de idade e n\u00e3o requer qualquer processamento no servi\u00e7o de imigra\u00e7\u00e3o.","breadcrumb":{"@id":"https:\/\/martinezcaballeroabogados.com\/pt-pt\/autorizacao-de-trabalho-para-menores-estrangeiros-em-idade-activa\/#breadcrumb"},"inLanguage":"pt-PT","potentialAction":[{"@type":"ReadAction","target":["https:\/\/martinezcaballeroabogados.com\/pt-pt\/autorizacao-de-trabalho-para-menores-estrangeiros-em-idade-activa\/"]}]},{"@type":"ImageObject","inLanguage":"pt-PT","@id":"https:\/\/martinezcaballeroabogados.com\/pt-pt\/autorizacao-de-trabalho-para-menores-estrangeiros-em-idade-activa\/#primaryimage","url":"https:\/\/martinezcaballeroabogados.com\/wp-content\/uploads\/2020\/05\/thoughtful-teenager-at-school-FTMU4H8.jpg","contentUrl":"https:\/\/martinezcaballeroabogados.com\/wp-content\/uploads\/2020\/05\/thoughtful-teenager-at-school-FTMU4H8.jpg","width":1980,"height":1321},{"@type":"BreadcrumbList","@id":"https:\/\/martinezcaballeroabogados.com\/pt-pt\/autorizacao-de-trabalho-para-menores-estrangeiros-em-idade-activa\/#breadcrumb","itemListElement":[{"@type":"ListItem","position":1,"name":"Portada","item":"https:\/\/martinezcaballeroabogados.com\/pt-pt\/advogados-em-barcelona\/"},{"@type":"ListItem","position":2,"name":"AUTORIZA\u00c7\u00c3O DE TRABALHO PARA MENORES ESTRANGEIROS EM IDADE ACTIVA."}]},{"@type":"WebSite","@id":"https:\/\/martinezcaballeroabogados.com\/pt-pt\/#website","url":"https:\/\/martinezcaballeroabogados.com\/pt-pt\/","name":"Martinez & Caballero Abogados","description":"Advogados abrangentes em Barcelona","publisher":{"@id":"https:\/\/martinezcaballeroabogados.com\/pt-pt\/#organization"},"potentialAction":[{"@type":"SearchAction","target":{"@type":"EntryPoint","urlTemplate":"https:\/\/martinezcaballeroabogados.com\/pt-pt\/?s={search_term_string}"},"query-input":{"@type":"PropertyValueSpecification","valueRequired":true,"valueName":"search_term_string"}}],"inLanguage":"pt-PT"},{"@type":"Organization","@id":"https:\/\/martinezcaballeroabogados.com\/pt-pt\/#organization","name":"Martinez & Caballero Abogados","url":"https:\/\/martinezcaballeroabogados.com\/pt-pt\/","logo":{"@type":"ImageObject","inLanguage":"pt-PT","@id":"https:\/\/martinezcaballeroabogados.com\/pt-pt\/#\/schema\/logo\/image\/","url":"https:\/\/martinezcaballeroabogados.com\/wp-content\/uploads\/2020\/02\/cropped-cropped-logo-mc-abogados-web-1-e1497812507401-1.png","contentUrl":"https:\/\/martinezcaballeroabogados.com\/wp-content\/uploads\/2020\/02\/cropped-cropped-logo-mc-abogados-web-1-e1497812507401-1.png","width":300,"height":150,"caption":"Martinez & Caballero Abogados"},"image":{"@id":"https:\/\/martinezcaballeroabogados.com\/pt-pt\/#\/schema\/logo\/image\/"},"sameAs":["https:\/\/www.facebook.com\/martinezcaballeroabogados\/","https:\/\/x.com\/MC_abogados_","https:\/\/www.instagram.com\/extranjeriabarcelonaabogados\/"]},{"@type":"Person","@id":"https:\/\/martinezcaballeroabogados.com\/pt-pt\/#\/schema\/person\/ee5a2bfe30c40c7af67cac2f7f0836d3","name":"martinez-admin","image":{"@type":"ImageObject","inLanguage":"pt-PT","@id":"https:\/\/martinezcaballeroabogados.com\/pt-pt\/#\/schema\/person\/image\/","url":"https:\/\/secure.gravatar.com\/avatar\/e75c4c04fb977670e5006b7e6fc3f34d?s=96&d=mm&r=g","contentUrl":"https:\/\/secure.gravatar.com\/avatar\/e75c4c04fb977670e5006b7e6fc3f34d?s=96&d=mm&r=g","caption":"martinez-admin"}}]}},"_links":{"self":[{"href":"https:\/\/martinezcaballeroabogados.com\/pt-pt\/wp-json\/wp\/v2\/posts\/9909","targetHints":{"allow":["GET"]}}],"collection":[{"href":"https:\/\/martinezcaballeroabogados.com\/pt-pt\/wp-json\/wp\/v2\/posts"}],"about":[{"href":"https:\/\/martinezcaballeroabogados.com\/pt-pt\/wp-json\/wp\/v2\/types\/post"}],"author":[{"embeddable":true,"href":"https:\/\/martinezcaballeroabogados.com\/pt-pt\/wp-json\/wp\/v2\/users\/1"}],"replies":[{"embeddable":true,"href":"https:\/\/martinezcaballeroabogados.com\/pt-pt\/wp-json\/wp\/v2\/comments?post=9909"}],"version-history":[{"count":1,"href":"https:\/\/martinezcaballeroabogados.com\/pt-pt\/wp-json\/wp\/v2\/posts\/9909\/revisions"}],"predecessor-version":[{"id":9910,"href":"https:\/\/martinezcaballeroabogados.com\/pt-pt\/wp-json\/wp\/v2\/posts\/9909\/revisions\/9910"}],"wp:featuredmedia":[{"embeddable":true,"href":"https:\/\/martinezcaballeroabogados.com\/pt-pt\/wp-json\/wp\/v2\/media\/7668"}],"wp:attachment":[{"href":"https:\/\/martinezcaballeroabogados.com\/pt-pt\/wp-json\/wp\/v2\/media?parent=9909"}],"wp:term":[{"taxonomy":"category","embeddable":true,"href":"https:\/\/martinezcaballeroabogados.com\/pt-pt\/wp-json\/wp\/v2\/categories?post=9909"},{"taxonomy":"post_tag","embeddable":true,"href":"https:\/\/martinezcaballeroabogados.com\/pt-pt\/wp-json\/wp\/v2\/tags?post=9909"}],"curies":[{"name":"wp","href":"https:\/\/api.w.org\/{rel}","templated":true}]}}