{"id":23558,"date":"2025-09-19T11:56:21","date_gmt":"2025-09-19T11:56:21","guid":{"rendered":"https:\/\/martinezcaballeroabogados.com\/norma-de-gestao-1-2025-modificacoes-de-estadias-residencias-e-extensoes-de-raizes\/"},"modified":"2025-09-19T12:17:57","modified_gmt":"2025-09-19T12:17:57","slug":"norma-de-gestao-1-2025-modificacoes-de-estadias-residencias-e-extensoes-de-raizes","status":"publish","type":"post","link":"https:\/\/martinezcaballeroabogados.com\/pt-pt\/norma-de-gestao-1-2025-modificacoes-de-estadias-residencias-e-extensoes-de-raizes\/","title":{"rendered":"Norma de gest\u00e3o 1\/2025: Modifica\u00e7\u00f5es de estadias, resid\u00eancias e extens\u00f5es de ra\u00edzes"},"content":{"rendered":"\n<p>A <strong>Dire\u00e7\u00e3o-Geral da Gest\u00e3o das Migra\u00e7\u00f5es (DGGM)<\/strong> publicou <strong>os Crit\u00e9rios de Gest\u00e3o 1\/2025<\/strong>, um documento fundamental para a aplica\u00e7\u00e3o do novo <strong>Regulamento de Estrangeiros (RLOEX)<\/strong> aprovado pelo <strong>Decreto Real 1155\/2024<\/strong>.<\/p>\n\n<p>Este crit\u00e9rio estabelece <strong>orienta\u00e7\u00f5es claras e homog\u00e9neas<\/strong> sobre a forma como devem ser tratadas <strong>as altera\u00e7\u00f5es de resid\u00eancia e as autoriza\u00e7\u00f5es de resid\u00eancia<\/strong>, bem como <strong>as prorroga\u00e7\u00f5es de resid\u00eancia devido a ra\u00edzes<\/strong>, com o objetivo de garantir a seguran\u00e7a jur\u00eddica e a uniformidade em todos os servi\u00e7os de imigra\u00e7\u00e3o em Espanha.<\/p>\n\n<p><strong>1) O que regula a Norma de Gest\u00e3o 1\/2025?<\/strong><\/p>\n\n<p>O documento apresenta instru\u00e7\u00f5es pr\u00e1ticas para a gest\u00e3o de:<\/p>\n\n<ul class=\"wp-block-list\">\n<li><strong>Altera\u00e7\u00f5es das autoriza\u00e7\u00f5es de resid\u00eancia e de estada<\/strong>: por exemplo, mudan\u00e7a de estada para fins de estudo para resid\u00eancia, ou mudan\u00e7a de um tipo de resid\u00eancia para outro.<br\/><\/li>\n\n\n\n<li><strong>Extens\u00f5es de resid\u00eancias devido a ra\u00edzes<\/strong>: regula a extens\u00e3o das autoriza\u00e7\u00f5es concedidas devido a ra\u00edzes (sociais, laborais, familiares ou de forma\u00e7\u00e3o).<br\/><\/li>\n<\/ul>\n\n<p>O objetivo \u00e9 <strong>evitar interpreta\u00e7\u00f5es diferentes em cada servi\u00e7o de estrangeiros<\/strong>, garantindo assim um tratamento mais equitativo dos candidatos.<\/p>\n\n<p><strong>2. modifica\u00e7\u00f5es de estadias e resid\u00eancias<\/strong><\/p>\n\n<p>Um dos pontos centrais do crit\u00e9rio consiste em clarificar a forma como s\u00e3o efectuadas <strong>as altera\u00e7\u00f5es das autoriza\u00e7\u00f5es<\/strong> previstas no RLOEX.<\/p>\n\n<p>Isto inclui, entre outros pressupostos:<\/p>\n\n<ul class=\"wp-block-list\">\n<li>Transi\u00e7\u00e3o da <strong>estadia para a resid\u00eancia tempor\u00e1ria<\/strong>.<br\/><\/li>\n\n\n\n<li>A adapta\u00e7\u00e3o das autoriza\u00e7\u00f5es \u00e0s novas circunst\u00e2ncias do estrangeiro (trabalho, estudos, reagrupamento, etc.).<br\/><\/li>\n\n\n\n<li>A atualiza\u00e7\u00e3o das condi\u00e7\u00f5es em conformidade com a regulamenta\u00e7\u00e3o em vigor.<br\/><\/li>\n<\/ul>\n\n<p>Este crit\u00e9rio tem por objetivo tornar os procedimentos <strong>mais previs\u00edveis e transparentes<\/strong> para os estrangeiros e os seus representantes legais.<\/p>\n\n<p><strong>3. Prorroga\u00e7\u00e3o da resid\u00eancia com base nas ra\u00edzes<\/strong><\/p>\n\n<p>Outra quest\u00e3o fundamental \u00e9 a <strong>continuidade da resid\u00eancia com base no arraigo<\/strong>. O crit\u00e9rio explica como proceder nos casos em que um estrangeiro j\u00e1 possui uma autoriza\u00e7\u00e3o com base em: <\/p>\n\n<ul class=\"wp-block-list\">\n<li><strong>Ra\u00edzes sociais<\/strong>.<br\/><\/li>\n\n\n\n<li><strong>Emprego ou ra\u00edzes s\u00f3cio-ocupacionais<\/strong>.<br\/><\/li>\n\n\n\n<li><strong>Enraizamento por forma\u00e7\u00e3o<\/strong>.<\/li>\n<\/ul>\n\n<p>Estas prorroga\u00e7\u00f5es proporcionam <strong>estabilidade jur\u00eddica e administrativa<\/strong> \u00e0s pessoas que, devido \u00e0 sua integra\u00e7\u00e3o e \u00e0s suas ra\u00edzes em Espanha, necessitam de manter o seu estatuto de resid\u00eancia.<\/p>\n\n<p><strong>4. Impacto pr\u00e1tico para candidatos e profissionais<\/strong><\/p>\n\n<p><strong>A Norma de Gest\u00e3o 1\/2025<\/strong> tem um grande impacto para estrangeiros, consultores jur\u00eddicos e entidades sociais:<\/p>\n\n<ul class=\"wp-block-list\">\n<li><strong>Candidatos<\/strong>: disp\u00f5em de orienta\u00e7\u00f5es mais claras sobre os procedimentos que podem efetuar e em que condi\u00e7\u00f5es.<br\/><\/li>\n\n\n\n<li><strong>Profissionais estrangeiros<\/strong>: disp\u00f5em de um quadro uniforme que facilita a defesa dos direitos dos seus clientes.<br\/><\/li>\n\n\n\n<li><strong>Administra\u00e7\u00e3o<\/strong>: \u00e9 assegurada <strong>uma aplica\u00e7\u00e3o homog\u00e9nea do regulamento<\/strong>, evitando diferen\u00e7as entre os servi\u00e7os provinciais.<\/li>\n<\/ul>\n\n<p><strong>5. Conclus\u00e3o<\/strong><\/p>\n\n<p><strong>A Norma de Gest\u00e3o 1\/2025<\/strong> refor\u00e7a a import\u00e2ncia do novo Regulamento de Estrangeiros, clarificando dois aspectos fundamentais:<\/p>\n\n<ol class=\"wp-block-list\">\n<li><strong>Modifica\u00e7\u00f5es de estadias e resid\u00eancias<\/strong>.<br\/><\/li>\n\n\n\n<li><strong>Extens\u00f5es de arraigo<\/strong>.<br\/><\/li>\n<\/ol>\n\n<p>Com estas orienta\u00e7\u00f5es, o sistema ganha em <strong>transpar\u00eancia, seguran\u00e7a jur\u00eddica e uniformidade<\/strong>, o que constitui um passo positivo tanto para os candidatos como para os profissionais que os aconselham.<\/p>\n\n<p><strong>Fonte de informa\u00e7\u00e3o: <\/strong><a href=\"https:\/\/www.inclusion.gob.es\/documents\/d\/migraciones\/criterio-de-gestion-dggm-1-2025_rloex_modificaciones-estancias-y-residencias-y-prorrogas-arraigos\"><strong>Nota interna<\/strong><\/a><strong> <\/strong><br\/><strong>PDF: <\/strong><a href=\"https:\/\/www.inclusion.gob.es\/documents\/d\/migraciones\/criterio-de-gestion-dggm-1-2025_rloex_modificaciones-estancias-y-residencias-y-prorrogas-arraigos\"><strong>Nota interna<\/strong><\/a><\/p>\n\n<p>Diana Caballero<br\/>CEO &#8211; S\u00f3cia fundadora<br\/> M&amp;C<strong>Abogados<\/strong><\/p>\n","protected":false},"excerpt":{"rendered":"<p>A Dire\u00e7\u00e3o-Geral da Gest\u00e3o das Migra\u00e7\u00f5es (DGGM) publicou os Crit\u00e9rios de Gest\u00e3o 1\/2025, um documento fundamental para a aplica\u00e7\u00e3o do novo Regulamento de Estrangeiros (RLOEX) aprovado pelo Decreto Real 1155\/2024. Este crit\u00e9rio estabelece orienta\u00e7\u00f5es claras e homog\u00e9neas sobre a forma como devem ser tratadas as altera\u00e7\u00f5es de resid\u00eancia e as autoriza\u00e7\u00f5es de resid\u00eancia, bem como as prorroga\u00e7\u00f5es de resid\u00eancia devido a ra\u00edzes, com o objetivo de garantir a seguran\u00e7a jur\u00eddica e a uniformidade em todos os servi\u00e7os de imigra\u00e7\u00e3o em&hellip;<\/p>\n","protected":false},"author":1,"featured_media":23538,"comment_status":"closed","ping_status":"closed","sticky":false,"template":"","format":"standard","meta":{"_monsterinsights_skip_tracking":false,"_monsterinsights_sitenote_active":false,"_monsterinsights_sitenote_note":"","_monsterinsights_sitenote_category":0,"_joinchat":[],"footnotes":""},"categories":[1070],"tags":[],"class_list":["post-23558","post","type-post","status-publish","format-standard","has-post-thumbnail","hentry","category-migractual-pt-pt"],"yoast_head":"<!-- This site is optimized with the Yoast SEO plugin v26.8 - https:\/\/yoast.com\/product\/yoast-seo-wordpress\/ -->\n<title>Norma de gest\u00e3o 1\/2025: altera\u00e7\u00f5es de estadias, resid\u00eancias e enraizamento<\/title>\n<meta name=\"description\" content=\"Informa-te sobre o Crit\u00e9rio de Gest\u00e3o 1\/2025: como alterar as estadias, a resid\u00eancia e as extens\u00f5es de resid\u00eancia de acordo com o novo Regulamento sobre Estrangeiros (RLOEx).\" \/>\n<meta name=\"robots\" content=\"index, follow, max-snippet:-1, max-image-preview:large, max-video-preview:-1\" \/>\n<link rel=\"canonical\" href=\"https:\/\/martinezcaballeroabogados.com\/pt-pt\/norma-de-gestao-1-2025-modificacoes-de-estadias-residencias-e-extensoes-de-raizes\/\" \/>\n<meta property=\"og:locale\" content=\"pt_PT\" \/>\n<meta property=\"og:type\" content=\"article\" \/>\n<meta property=\"og:title\" content=\"Norma de gest\u00e3o 1\/2025: altera\u00e7\u00f5es de estadias, resid\u00eancias e enraizamento\" \/>\n<meta property=\"og:description\" content=\"Informa-te sobre o Crit\u00e9rio de Gest\u00e3o 1\/2025: como alterar as estadias, a resid\u00eancia e as extens\u00f5es de resid\u00eancia de acordo com o novo Regulamento sobre Estrangeiros (RLOEx).\" \/>\n<meta property=\"og:url\" content=\"https:\/\/martinezcaballeroabogados.com\/pt-pt\/norma-de-gestao-1-2025-modificacoes-de-estadias-residencias-e-extensoes-de-raizes\/\" \/>\n<meta property=\"og:site_name\" content=\"Martinez Caballero Abogados\" \/>\n<meta property=\"article:publisher\" content=\"https:\/\/www.facebook.com\/martinezcaballeroabogados\/\" \/>\n<meta property=\"article:published_time\" content=\"2025-09-19T11:56:21+00:00\" \/>\n<meta property=\"article:modified_time\" content=\"2025-09-19T12:17:57+00:00\" \/>\n<meta property=\"og:image\" content=\"https:\/\/martinezcaballeroabogados.com\/wp-content\/uploads\/2025\/09\/modificacion-autorizacion-permiso-residencia-estancia.webp\" \/>\n\t<meta property=\"og:image:width\" content=\"1200\" \/>\n\t<meta property=\"og:image:height\" content=\"675\" \/>\n\t<meta property=\"og:image:type\" content=\"image\/webp\" \/>\n<meta name=\"author\" content=\"martinez-admin\" \/>\n<meta name=\"twitter:card\" content=\"summary_large_image\" \/>\n<meta name=\"twitter:creator\" content=\"@MC_abogados_\" \/>\n<meta name=\"twitter:site\" content=\"@MC_abogados_\" \/>\n<meta name=\"twitter:label1\" content=\"Escrito por\" \/>\n\t<meta name=\"twitter:data1\" content=\"martinez-admin\" \/>\n\t<meta name=\"twitter:label2\" content=\"Tempo estimado de leitura\" \/>\n\t<meta name=\"twitter:data2\" content=\"3 minutos\" \/>\n<script type=\"application\/ld+json\" class=\"yoast-schema-graph\">{\"@context\":\"https:\/\/schema.org\",\"@graph\":[{\"@type\":\"Article\",\"@id\":\"https:\/\/martinezcaballeroabogados.com\/pt-pt\/norma-de-gestao-1-2025-modificacoes-de-estadias-residencias-e-extensoes-de-raizes\/#article\",\"isPartOf\":{\"@id\":\"https:\/\/martinezcaballeroabogados.com\/pt-pt\/norma-de-gestao-1-2025-modificacoes-de-estadias-residencias-e-extensoes-de-raizes\/\"},\"author\":{\"name\":\"martinez-admin\",\"@id\":\"https:\/\/martinezcaballeroabogados.com\/pt-pt\/#\/schema\/person\/ee5a2bfe30c40c7af67cac2f7f0836d3\"},\"headline\":\"Norma de gest\u00e3o 1\/2025: Modifica\u00e7\u00f5es de estadias, resid\u00eancias e extens\u00f5es de ra\u00edzes\",\"datePublished\":\"2025-09-19T11:56:21+00:00\",\"dateModified\":\"2025-09-19T12:17:57+00:00\",\"mainEntityOfPage\":{\"@id\":\"https:\/\/martinezcaballeroabogados.com\/pt-pt\/norma-de-gestao-1-2025-modificacoes-de-estadias-residencias-e-extensoes-de-raizes\/\"},\"wordCount\":566,\"publisher\":{\"@id\":\"https:\/\/martinezcaballeroabogados.com\/pt-pt\/#organization\"},\"image\":{\"@id\":\"https:\/\/martinezcaballeroabogados.com\/pt-pt\/norma-de-gestao-1-2025-modificacoes-de-estadias-residencias-e-extensoes-de-raizes\/#primaryimage\"},\"thumbnailUrl\":\"https:\/\/martinezcaballeroabogados.com\/wp-content\/uploads\/2025\/09\/modificacion-autorizacion-permiso-residencia-estancia.webp\",\"articleSection\":[\"Migractual\"],\"inLanguage\":\"pt-PT\"},{\"@type\":\"WebPage\",\"@id\":\"https:\/\/martinezcaballeroabogados.com\/pt-pt\/norma-de-gestao-1-2025-modificacoes-de-estadias-residencias-e-extensoes-de-raizes\/\",\"url\":\"https:\/\/martinezcaballeroabogados.com\/pt-pt\/norma-de-gestao-1-2025-modificacoes-de-estadias-residencias-e-extensoes-de-raizes\/\",\"name\":\"Norma de gest\u00e3o 1\/2025: altera\u00e7\u00f5es de estadias, resid\u00eancias e enraizamento\",\"isPartOf\":{\"@id\":\"https:\/\/martinezcaballeroabogados.com\/pt-pt\/#website\"},\"primaryImageOfPage\":{\"@id\":\"https:\/\/martinezcaballeroabogados.com\/pt-pt\/norma-de-gestao-1-2025-modificacoes-de-estadias-residencias-e-extensoes-de-raizes\/#primaryimage\"},\"image\":{\"@id\":\"https:\/\/martinezcaballeroabogados.com\/pt-pt\/norma-de-gestao-1-2025-modificacoes-de-estadias-residencias-e-extensoes-de-raizes\/#primaryimage\"},\"thumbnailUrl\":\"https:\/\/martinezcaballeroabogados.com\/wp-content\/uploads\/2025\/09\/modificacion-autorizacion-permiso-residencia-estancia.webp\",\"datePublished\":\"2025-09-19T11:56:21+00:00\",\"dateModified\":\"2025-09-19T12:17:57+00:00\",\"description\":\"Informa-te sobre o Crit\u00e9rio de Gest\u00e3o 1\/2025: como alterar as estadias, a resid\u00eancia e as extens\u00f5es de resid\u00eancia de acordo com o novo Regulamento sobre Estrangeiros (RLOEx).\",\"breadcrumb\":{\"@id\":\"https:\/\/martinezcaballeroabogados.com\/pt-pt\/norma-de-gestao-1-2025-modificacoes-de-estadias-residencias-e-extensoes-de-raizes\/#breadcrumb\"},\"inLanguage\":\"pt-PT\",\"potentialAction\":[{\"@type\":\"ReadAction\",\"target\":[\"https:\/\/martinezcaballeroabogados.com\/pt-pt\/norma-de-gestao-1-2025-modificacoes-de-estadias-residencias-e-extensoes-de-raizes\/\"]}]},{\"@type\":\"ImageObject\",\"inLanguage\":\"pt-PT\",\"@id\":\"https:\/\/martinezcaballeroabogados.com\/pt-pt\/norma-de-gestao-1-2025-modificacoes-de-estadias-residencias-e-extensoes-de-raizes\/#primaryimage\",\"url\":\"https:\/\/martinezcaballeroabogados.com\/wp-content\/uploads\/2025\/09\/modificacion-autorizacion-permiso-residencia-estancia.webp\",\"contentUrl\":\"https:\/\/martinezcaballeroabogados.com\/wp-content\/uploads\/2025\/09\/modificacion-autorizacion-permiso-residencia-estancia.webp\",\"width\":1200,\"height\":675,\"caption\":\"Documento de permiso de residencia en Espa\u00f1a\"},{\"@type\":\"BreadcrumbList\",\"@id\":\"https:\/\/martinezcaballeroabogados.com\/pt-pt\/norma-de-gestao-1-2025-modificacoes-de-estadias-residencias-e-extensoes-de-raizes\/#breadcrumb\",\"itemListElement\":[{\"@type\":\"ListItem\",\"position\":1,\"name\":\"Portada\",\"item\":\"https:\/\/martinezcaballeroabogados.com\/pt-pt\/advogados-em-barcelona\/\"},{\"@type\":\"ListItem\",\"position\":2,\"name\":\"Norma de gest\u00e3o 1\/2025: Modifica\u00e7\u00f5es de estadias, resid\u00eancias e extens\u00f5es de ra\u00edzes\"}]},{\"@type\":\"WebSite\",\"@id\":\"https:\/\/martinezcaballeroabogados.com\/pt-pt\/#website\",\"url\":\"https:\/\/martinezcaballeroabogados.com\/pt-pt\/\",\"name\":\"Martinez & Caballero Abogados\",\"description\":\"Advogados abrangentes em Barcelona\",\"publisher\":{\"@id\":\"https:\/\/martinezcaballeroabogados.com\/pt-pt\/#organization\"},\"potentialAction\":[{\"@type\":\"SearchAction\",\"target\":{\"@type\":\"EntryPoint\",\"urlTemplate\":\"https:\/\/martinezcaballeroabogados.com\/pt-pt\/?s={search_term_string}\"},\"query-input\":{\"@type\":\"PropertyValueSpecification\",\"valueRequired\":true,\"valueName\":\"search_term_string\"}}],\"inLanguage\":\"pt-PT\"},{\"@type\":\"Organization\",\"@id\":\"https:\/\/martinezcaballeroabogados.com\/pt-pt\/#organization\",\"name\":\"Martinez & Caballero Abogados\",\"url\":\"https:\/\/martinezcaballeroabogados.com\/pt-pt\/\",\"logo\":{\"@type\":\"ImageObject\",\"inLanguage\":\"pt-PT\",\"@id\":\"https:\/\/martinezcaballeroabogados.com\/pt-pt\/#\/schema\/logo\/image\/\",\"url\":\"https:\/\/martinezcaballeroabogados.com\/wp-content\/uploads\/2020\/02\/cropped-cropped-logo-mc-abogados-web-1-e1497812507401-1.png\",\"contentUrl\":\"https:\/\/martinezcaballeroabogados.com\/wp-content\/uploads\/2020\/02\/cropped-cropped-logo-mc-abogados-web-1-e1497812507401-1.png\",\"width\":300,\"height\":150,\"caption\":\"Martinez & Caballero Abogados\"},\"image\":{\"@id\":\"https:\/\/martinezcaballeroabogados.com\/pt-pt\/#\/schema\/logo\/image\/\"},\"sameAs\":[\"https:\/\/www.facebook.com\/martinezcaballeroabogados\/\",\"https:\/\/x.com\/MC_abogados_\",\"https:\/\/www.instagram.com\/extranjeriabarcelonaabogados\/\"]},{\"@type\":\"Person\",\"@id\":\"https:\/\/martinezcaballeroabogados.com\/pt-pt\/#\/schema\/person\/ee5a2bfe30c40c7af67cac2f7f0836d3\",\"name\":\"martinez-admin\",\"image\":{\"@type\":\"ImageObject\",\"inLanguage\":\"pt-PT\",\"@id\":\"https:\/\/martinezcaballeroabogados.com\/pt-pt\/#\/schema\/person\/image\/\",\"url\":\"https:\/\/secure.gravatar.com\/avatar\/e75c4c04fb977670e5006b7e6fc3f34d?s=96&d=mm&r=g\",\"contentUrl\":\"https:\/\/secure.gravatar.com\/avatar\/e75c4c04fb977670e5006b7e6fc3f34d?s=96&d=mm&r=g\",\"caption\":\"martinez-admin\"}}]}<\/script>\n<!-- \/ Yoast SEO plugin. -->","yoast_head_json":{"title":"Norma de gest\u00e3o 1\/2025: altera\u00e7\u00f5es de estadias, resid\u00eancias e enraizamento","description":"Informa-te sobre o Crit\u00e9rio de Gest\u00e3o 1\/2025: como alterar as estadias, a resid\u00eancia e as extens\u00f5es de resid\u00eancia de acordo com o novo Regulamento sobre Estrangeiros (RLOEx).","robots":{"index":"index","follow":"follow","max-snippet":"max-snippet:-1","max-image-preview":"max-image-preview:large","max-video-preview":"max-video-preview:-1"},"canonical":"https:\/\/martinezcaballeroabogados.com\/pt-pt\/norma-de-gestao-1-2025-modificacoes-de-estadias-residencias-e-extensoes-de-raizes\/","og_locale":"pt_PT","og_type":"article","og_title":"Norma de gest\u00e3o 1\/2025: altera\u00e7\u00f5es de estadias, resid\u00eancias e enraizamento","og_description":"Informa-te sobre o Crit\u00e9rio de Gest\u00e3o 1\/2025: como alterar as estadias, a resid\u00eancia e as extens\u00f5es de resid\u00eancia de acordo com o novo Regulamento sobre Estrangeiros (RLOEx).","og_url":"https:\/\/martinezcaballeroabogados.com\/pt-pt\/norma-de-gestao-1-2025-modificacoes-de-estadias-residencias-e-extensoes-de-raizes\/","og_site_name":"Martinez Caballero Abogados","article_publisher":"https:\/\/www.facebook.com\/martinezcaballeroabogados\/","article_published_time":"2025-09-19T11:56:21+00:00","article_modified_time":"2025-09-19T12:17:57+00:00","og_image":[{"width":1200,"height":675,"url":"https:\/\/martinezcaballeroabogados.com\/wp-content\/uploads\/2025\/09\/modificacion-autorizacion-permiso-residencia-estancia.webp","type":"image\/webp"}],"author":"martinez-admin","twitter_card":"summary_large_image","twitter_creator":"@MC_abogados_","twitter_site":"@MC_abogados_","twitter_misc":{"Escrito por":"martinez-admin","Tempo estimado de leitura":"3 minutos"},"schema":{"@context":"https:\/\/schema.org","@graph":[{"@type":"Article","@id":"https:\/\/martinezcaballeroabogados.com\/pt-pt\/norma-de-gestao-1-2025-modificacoes-de-estadias-residencias-e-extensoes-de-raizes\/#article","isPartOf":{"@id":"https:\/\/martinezcaballeroabogados.com\/pt-pt\/norma-de-gestao-1-2025-modificacoes-de-estadias-residencias-e-extensoes-de-raizes\/"},"author":{"name":"martinez-admin","@id":"https:\/\/martinezcaballeroabogados.com\/pt-pt\/#\/schema\/person\/ee5a2bfe30c40c7af67cac2f7f0836d3"},"headline":"Norma de gest\u00e3o 1\/2025: Modifica\u00e7\u00f5es de estadias, resid\u00eancias e extens\u00f5es de ra\u00edzes","datePublished":"2025-09-19T11:56:21+00:00","dateModified":"2025-09-19T12:17:57+00:00","mainEntityOfPage":{"@id":"https:\/\/martinezcaballeroabogados.com\/pt-pt\/norma-de-gestao-1-2025-modificacoes-de-estadias-residencias-e-extensoes-de-raizes\/"},"wordCount":566,"publisher":{"@id":"https:\/\/martinezcaballeroabogados.com\/pt-pt\/#organization"},"image":{"@id":"https:\/\/martinezcaballeroabogados.com\/pt-pt\/norma-de-gestao-1-2025-modificacoes-de-estadias-residencias-e-extensoes-de-raizes\/#primaryimage"},"thumbnailUrl":"https:\/\/martinezcaballeroabogados.com\/wp-content\/uploads\/2025\/09\/modificacion-autorizacion-permiso-residencia-estancia.webp","articleSection":["Migractual"],"inLanguage":"pt-PT"},{"@type":"WebPage","@id":"https:\/\/martinezcaballeroabogados.com\/pt-pt\/norma-de-gestao-1-2025-modificacoes-de-estadias-residencias-e-extensoes-de-raizes\/","url":"https:\/\/martinezcaballeroabogados.com\/pt-pt\/norma-de-gestao-1-2025-modificacoes-de-estadias-residencias-e-extensoes-de-raizes\/","name":"Norma de gest\u00e3o 1\/2025: altera\u00e7\u00f5es de estadias, resid\u00eancias e enraizamento","isPartOf":{"@id":"https:\/\/martinezcaballeroabogados.com\/pt-pt\/#website"},"primaryImageOfPage":{"@id":"https:\/\/martinezcaballeroabogados.com\/pt-pt\/norma-de-gestao-1-2025-modificacoes-de-estadias-residencias-e-extensoes-de-raizes\/#primaryimage"},"image":{"@id":"https:\/\/martinezcaballeroabogados.com\/pt-pt\/norma-de-gestao-1-2025-modificacoes-de-estadias-residencias-e-extensoes-de-raizes\/#primaryimage"},"thumbnailUrl":"https:\/\/martinezcaballeroabogados.com\/wp-content\/uploads\/2025\/09\/modificacion-autorizacion-permiso-residencia-estancia.webp","datePublished":"2025-09-19T11:56:21+00:00","dateModified":"2025-09-19T12:17:57+00:00","description":"Informa-te sobre o Crit\u00e9rio de Gest\u00e3o 1\/2025: como alterar as estadias, a resid\u00eancia e as extens\u00f5es de resid\u00eancia de acordo com o novo Regulamento sobre Estrangeiros (RLOEx).","breadcrumb":{"@id":"https:\/\/martinezcaballeroabogados.com\/pt-pt\/norma-de-gestao-1-2025-modificacoes-de-estadias-residencias-e-extensoes-de-raizes\/#breadcrumb"},"inLanguage":"pt-PT","potentialAction":[{"@type":"ReadAction","target":["https:\/\/martinezcaballeroabogados.com\/pt-pt\/norma-de-gestao-1-2025-modificacoes-de-estadias-residencias-e-extensoes-de-raizes\/"]}]},{"@type":"ImageObject","inLanguage":"pt-PT","@id":"https:\/\/martinezcaballeroabogados.com\/pt-pt\/norma-de-gestao-1-2025-modificacoes-de-estadias-residencias-e-extensoes-de-raizes\/#primaryimage","url":"https:\/\/martinezcaballeroabogados.com\/wp-content\/uploads\/2025\/09\/modificacion-autorizacion-permiso-residencia-estancia.webp","contentUrl":"https:\/\/martinezcaballeroabogados.com\/wp-content\/uploads\/2025\/09\/modificacion-autorizacion-permiso-residencia-estancia.webp","width":1200,"height":675,"caption":"Documento de permiso de residencia en Espa\u00f1a"},{"@type":"BreadcrumbList","@id":"https:\/\/martinezcaballeroabogados.com\/pt-pt\/norma-de-gestao-1-2025-modificacoes-de-estadias-residencias-e-extensoes-de-raizes\/#breadcrumb","itemListElement":[{"@type":"ListItem","position":1,"name":"Portada","item":"https:\/\/martinezcaballeroabogados.com\/pt-pt\/advogados-em-barcelona\/"},{"@type":"ListItem","position":2,"name":"Norma de gest\u00e3o 1\/2025: Modifica\u00e7\u00f5es de estadias, resid\u00eancias e extens\u00f5es de ra\u00edzes"}]},{"@type":"WebSite","@id":"https:\/\/martinezcaballeroabogados.com\/pt-pt\/#website","url":"https:\/\/martinezcaballeroabogados.com\/pt-pt\/","name":"Martinez & Caballero Abogados","description":"Advogados abrangentes em Barcelona","publisher":{"@id":"https:\/\/martinezcaballeroabogados.com\/pt-pt\/#organization"},"potentialAction":[{"@type":"SearchAction","target":{"@type":"EntryPoint","urlTemplate":"https:\/\/martinezcaballeroabogados.com\/pt-pt\/?s={search_term_string}"},"query-input":{"@type":"PropertyValueSpecification","valueRequired":true,"valueName":"search_term_string"}}],"inLanguage":"pt-PT"},{"@type":"Organization","@id":"https:\/\/martinezcaballeroabogados.com\/pt-pt\/#organization","name":"Martinez & Caballero Abogados","url":"https:\/\/martinezcaballeroabogados.com\/pt-pt\/","logo":{"@type":"ImageObject","inLanguage":"pt-PT","@id":"https:\/\/martinezcaballeroabogados.com\/pt-pt\/#\/schema\/logo\/image\/","url":"https:\/\/martinezcaballeroabogados.com\/wp-content\/uploads\/2020\/02\/cropped-cropped-logo-mc-abogados-web-1-e1497812507401-1.png","contentUrl":"https:\/\/martinezcaballeroabogados.com\/wp-content\/uploads\/2020\/02\/cropped-cropped-logo-mc-abogados-web-1-e1497812507401-1.png","width":300,"height":150,"caption":"Martinez & Caballero Abogados"},"image":{"@id":"https:\/\/martinezcaballeroabogados.com\/pt-pt\/#\/schema\/logo\/image\/"},"sameAs":["https:\/\/www.facebook.com\/martinezcaballeroabogados\/","https:\/\/x.com\/MC_abogados_","https:\/\/www.instagram.com\/extranjeriabarcelonaabogados\/"]},{"@type":"Person","@id":"https:\/\/martinezcaballeroabogados.com\/pt-pt\/#\/schema\/person\/ee5a2bfe30c40c7af67cac2f7f0836d3","name":"martinez-admin","image":{"@type":"ImageObject","inLanguage":"pt-PT","@id":"https:\/\/martinezcaballeroabogados.com\/pt-pt\/#\/schema\/person\/image\/","url":"https:\/\/secure.gravatar.com\/avatar\/e75c4c04fb977670e5006b7e6fc3f34d?s=96&d=mm&r=g","contentUrl":"https:\/\/secure.gravatar.com\/avatar\/e75c4c04fb977670e5006b7e6fc3f34d?s=96&d=mm&r=g","caption":"martinez-admin"}}]}},"_links":{"self":[{"href":"https:\/\/martinezcaballeroabogados.com\/pt-pt\/wp-json\/wp\/v2\/posts\/23558","targetHints":{"allow":["GET"]}}],"collection":[{"href":"https:\/\/martinezcaballeroabogados.com\/pt-pt\/wp-json\/wp\/v2\/posts"}],"about":[{"href":"https:\/\/martinezcaballeroabogados.com\/pt-pt\/wp-json\/wp\/v2\/types\/post"}],"author":[{"embeddable":true,"href":"https:\/\/martinezcaballeroabogados.com\/pt-pt\/wp-json\/wp\/v2\/users\/1"}],"replies":[{"embeddable":true,"href":"https:\/\/martinezcaballeroabogados.com\/pt-pt\/wp-json\/wp\/v2\/comments?post=23558"}],"version-history":[{"count":1,"href":"https:\/\/martinezcaballeroabogados.com\/pt-pt\/wp-json\/wp\/v2\/posts\/23558\/revisions"}],"predecessor-version":[{"id":23559,"href":"https:\/\/martinezcaballeroabogados.com\/pt-pt\/wp-json\/wp\/v2\/posts\/23558\/revisions\/23559"}],"wp:featuredmedia":[{"embeddable":true,"href":"https:\/\/martinezcaballeroabogados.com\/pt-pt\/wp-json\/wp\/v2\/media\/23538"}],"wp:attachment":[{"href":"https:\/\/martinezcaballeroabogados.com\/pt-pt\/wp-json\/wp\/v2\/media?parent=23558"}],"wp:term":[{"taxonomy":"category","embeddable":true,"href":"https:\/\/martinezcaballeroabogados.com\/pt-pt\/wp-json\/wp\/v2\/categories?post=23558"},{"taxonomy":"post_tag","embeddable":true,"href":"https:\/\/martinezcaballeroabogados.com\/pt-pt\/wp-json\/wp\/v2\/tags?post=23558"}],"curies":[{"name":"wp","href":"https:\/\/api.w.org\/{rel}","templated":true}]}}