{"id":22151,"date":"2025-08-06T14:04:48","date_gmt":"2025-08-06T14:04:48","guid":{"rendered":"https:\/\/martinezcaballeroabogados.com\/doenca-comum-e-acidente-de-trabalho-subsidio-por-incapacidade-temporaria\/"},"modified":"2025-08-18T10:39:02","modified_gmt":"2025-08-18T10:39:02","slug":"doenca-comum-e-acidente-de-trabalho-subsidio-por-incapacidade-temporaria","status":"publish","type":"post","link":"https:\/\/martinezcaballeroabogados.com\/pt-pt\/doenca-comum-e-acidente-de-trabalho-subsidio-por-incapacidade-temporaria\/","title":{"rendered":"Doen\u00e7a comum e acidente de trabalho: subs\u00eddio por incapacidade tempor\u00e1ria"},"content":{"rendered":"\n<p>Se estiveres a trabalhar e sofreres um acidente durante a presta\u00e7\u00e3o de servi\u00e7os, ou se estiveres a trabalhar e sofreres de uma doen\u00e7a que te impossibilite de prestar servi\u00e7os. \u00c9 necess\u00e1rio fazer uma distin\u00e7\u00e3o entre <\/p>\n\n<p><strong>ACIDENTE DE TRABALHO:<\/strong><\/p>\n\n<p>A defini\u00e7\u00e3o consta do artigo 156.\u00ba da LGSS: &#8220;Acidente de trabalho \u00e9 <strong>qualquer les\u00e3o corporal sofrida pelo trabalhador por ocasi\u00e3o ou em consequ\u00eancia do seu trabalho <\/strong>&#8220;.  <\/p>\n\n<p>Como se pode ver na defini\u00e7\u00e3o, um acidente de trabalho pode ocorrer <strong>tanto como consequ\u00eancia do trabalho como por ocasi\u00e3o do trabalho.<\/strong><\/p>\n\n<p>Assim, o conceito inclui <a href=\"https:\/\/juantorroba.es\/blog\/indemnizacion-accidente-trafico-in-itinere\/\">os acidentes ocorridos<em> in itinere<\/em><\/a>, ou seja, no trajeto de ida e volta para o trabalho, bem como os ocorridos em qualquer outra situa\u00e7\u00e3o em que o trabalhador esteja a trabalhar (actos de representa\u00e7\u00e3o dos trabalhadores, doen\u00e7as profissionais, etc.).<\/p>\n\n<p><strong>Exemplos<\/strong> de acidentes de trabalho s\u00e3o: trope\u00e7ar num cabo no escrit\u00f3rio e sofrer ferimentos na queda, cair de um andaime durante um trabalho de constru\u00e7\u00e3o, ser cortado ao operar m\u00e1quinas da empresa, etc.<\/p>\n\n<p><strong>DOEN\u00c7A COMUM:<\/strong><\/p>\n\n<p>  Um acidente que n\u00e3o seja um acidente de trabalho \u00e9 considerado um acidente n\u00e3o profissional se, em conformidade com o artigo 156\u00ba, n\u00e3o tiver as carater\u00edsticas de um acidente de trabalho.<\/p>\n\n<p>Considera-se doen\u00e7a comum qualquer perturba\u00e7\u00e3o da sa\u00fade que n\u00e3o constitua um acidente de trabalho ou uma doen\u00e7a profissional na ace\u00e7\u00e3o, respetivamente, das al\u00edneas e), f) e g) do n\u00ba 2 do artigo 156\u00ba e do artigo 157\u00ba.  <\/p>\n\n<p>Que presta\u00e7\u00f5es podes obter em caso de incapacidade tempor\u00e1ria, quer seja devido a um acidente de trabalho ou a uma doen\u00e7a comum?<\/p>\n\n<p><strong>Ter\u00e1s direito a requerer o subs\u00eddio por incapacidade tempor\u00e1ria<\/strong><\/p>\n\n<p>Para receber a presta\u00e7\u00e3o por incapacidade tempor\u00e1ria, em ambos os casos, <strong>o trabalhador deve estar inscrito e registado ou em <a href=\"https:\/\/josepmariamerino.com\/es\/situacion-asimilada-alta\/\">situa\u00e7\u00e3o equiparada \u00e0 inscri\u00e7\u00e3o<\/a> na Seguran\u00e7a Social. <\/strong> <\/p>\n\n<ul class=\"wp-block-list\">\n<li>No entanto, <strong><a href=\"https:\/\/josepmariamerino.com\/es\/incapacidad-permanente-enfermedad-comun\/\">se a incapacidade for devida a uma doen\u00e7a comum, \u00e9 necess\u00e1rio um per\u00edodo contributivo anterior de 180 dias nos \u00faltimos 5 anos.<\/a><\/strong>No entanto, se a incapacidade for devida a uma doen\u00e7a comum, \u00e9 necess\u00e1rio um per\u00edodo contributivo anterior <strong>de 180 dias nos \u00faltimos 5 anos<\/strong>.<\/li>\n\n\n\n<li><strong><a href=\"https:\/\/josepmariamerino.com\/es\/incapacidad-permanente-total-accidente-laboral\/\">Em caso de acidente de trabalho<\/a><\/strong> n\u00e3o necessita de ter pago contribui\u00e7\u00f5es anteriormente, pelo que esta causa de incapacidade pode ser avaliada a partir do primeiro dia de trabalho.<\/li>\n<\/ul>\n\n<p>Quanto aos <strong>poss\u00edveis benefici\u00e1rios da presta\u00e7\u00e3o<\/strong>, embora a lei apenas refira o trabalho por conta de outrem como \u00e1rea em que pode ocorrer um acidente de trabalho,<strong> os trabalhadores sujeitos ao regime especial dos trabalhadores independentes (RETA)<\/strong> tamb\u00e9m podem receber a presta\u00e7\u00e3o por acidentes de trabalho e por doen\u00e7as comuns.<\/p>\n\n<p><strong>Como funciona o subs\u00eddio tempor\u00e1rio de incapacidade?<\/strong><\/p>\n\n<p>A este respeito, as diferen\u00e7as entre as duas eventualidades residem no momento em que<strong> a presta\u00e7\u00e3o \u00e9 paga e no montante da presta\u00e7\u00e3o<\/strong><a href=\"https:\/\/boe.es\/buscar\/act.php?id=BOE-A-2015-11724&amp;p=20230629&amp;tn=1#a173\">(art. 173.\u00ba da LGSS<\/a>):<\/p>\n\n<ul class=\"wp-block-list\">\n<li>No caso de <strong>doen\u00e7a comum<\/strong>, 60% da base regulamentar \u00e9 paga a partir do 4.\u00ba dia de baixa at\u00e9 ao 20.\u00ba dia, inclusive, e a partir do 21.\u00ba dia 75%.<\/li>\n\n\n\n<li>Em caso de <strong>acidente de trabalho<\/strong>, 75% da base regulamentar \u00e9 paga a partir do dia seguinte ao dia do acidente, que se presume ser o dia em que este ocorre. O dia do acidente \u00e9 pago na \u00edntegra pela entidade patronal como um dia de sal\u00e1rio. <\/li>\n<\/ul>\n\n<p>No entanto, a este respeito, ser\u00e1 necess\u00e1rio seguir as disposi\u00e7\u00f5es da conven\u00e7\u00e3o colectiva, que podem melhorar os direitos do trabalhador (por exemplo, reconhecendo que este receber\u00e1 100% do seu sal\u00e1rio a partir do primeiro dia de baixa por doen\u00e7a, atrav\u00e9s de um suplemento de invalidez a pagar pela empresa).<\/p>\n\n<p><strong>quem paga as presta\u00e7\u00f5es por incapacidade tempor\u00e1ria em caso de acidente de trabalho e de doen\u00e7a comum?<\/strong><\/p>\n\n<ul class=\"wp-block-list\">\n<li><strong>No caso dos trabalhadores por conta de outrem:<\/strong>\n<ul class=\"wp-block-list\">\n<li>Em geral, o pagamento \u00e9 efectuado pelo Instituto Nacional de Seguran\u00e7a Social (INSS), pela m\u00fatua de seguros que colabora com a Seguran\u00e7a Social ou pelo Instituto Mar\u00edtimo Social (ISM), conforme o caso.<\/li>\n\n\n\n<li>No caso de doen\u00e7a comum, o pagamento entre o 4.\u00ba e o 15.\u00ba dia \u00e9 da responsabilidade da entidade patronal, mas a partir do 16.\u00ba dia \u00e9 o INSS, a m\u00fatua de seguros ou a empresa autorizada escolhida pela entidade patronal que paga (art. 173.\u00ba da LGSS).<\/li>\n\n\n\n<li>Em caso de acidente de trabalho, a m\u00fatua de seguros escolhida pela empresa ser\u00e1 respons\u00e1vel pelo pagamento.<\/li>\n\n\n\n<li>Em qualquer caso, o pagamento ser\u00e1 efectuado pela entidade patronal, como <a href=\"https:\/\/josepmariamerino.com\/es\/pago-delegado-y-directo-incapacidad-temporal\/\">pagamento delegado<\/a> e com a mesma periodicidade que o sal\u00e1rio, embora haja casos excepcionais em que o pagamento \u00e9 feito diretamente pelo INSS, pelo ISM ou pela m\u00fatua de seguros colaboradora (pagamento direto das presta\u00e7\u00f5es, que deve ser solicitado em qualquer caso pela parte afetada).<\/li>\n<\/ul>\n<\/li>\n\n\n\n<li><strong>Para os trabalhadores independentes.<\/strong>  O pagamento ser\u00e1 efectuado diretamente pela Mutualidade colaboradora ou pela entidade gestora competente.<\/li>\n<\/ul>\n\n<p><strong>Quanto tempo dura a presta\u00e7\u00e3o por incapacidade tempor\u00e1ria em caso de acidente de trabalho ou de doen\u00e7a comum?<\/strong><\/p>\n\n<p>Tanto no caso de doen\u00e7a como no de acidente, a dura\u00e7\u00e3o m\u00e1xima do subs\u00eddio est\u00e1 legalmente fixada em <strong>365 dias, podendo ser prorrogada<\/strong> por mais 180 dias se for previs\u00edvel a cura durante esse per\u00edodo (art. 169.\u00ba, n.\u00ba 1, al\u00ednea a), da LGSS).<\/p>\n\n<p><strong>Quando termina o subs\u00eddio por incapacidade tempor\u00e1ria?<\/strong><\/p>\n\n<p>Em caso de acidente de trabalho ou de doen\u00e7a comum, <strong>o subs\u00eddio termina no <a href=\"https:\/\/josepmariamerino.com\/es\/agotado-plazo-incapacidad-temporal\/\">termo do prazo m\u00e1ximo<\/a> legalmente previsto ou no momento da alta m\u00e9dica<\/strong> (com ou sem declara\u00e7\u00e3o de incapacidade permanente), que pode ocorrer a qualquer momento durante o per\u00edodo em que estiver de baixa.<\/p>\n\n<p>Tamb\u00e9m \u00e9 poss\u00edvel que a presta\u00e7\u00e3o cesse <strong>porque o trabalhador pede voluntariamente alta m\u00e9dica<\/strong>, porque <a href=\"https:\/\/josepmariamerino.com\/es\/pasar-incapacidad-permanente-a-jubilacion\/\">passa a ser pensionista por reforma<\/a> e, obviamente, tamb\u00e9m por morte.<\/p>\n\n<p>\u00c9 poss\u00edvel que o trabalhador <strong>n\u00e3o compare\u00e7a \u00e0s per\u00edcias m\u00e9d<\/strong> icas estabelecidas pelos profissionais da Previd\u00eancia Social, o que tamb\u00e9m resultar\u00e1 na cessa\u00e7\u00e3o do benef\u00edcio.<\/p>\n\n<p><strong>COMO PROCEDER EM CASO DE ACIDENTE OU DE DOEN\u00c7A COMUM?<\/strong><\/p>\n\n<p><strong>Em caso de acidente de trabalho -&gt;<\/strong> Temos de pedir \u00e0 empresa um formul\u00e1rio de assist\u00eancia \u00e0 m\u00fatua de seguros da empresa.<\/p>\n\n<p>Se o acidente for muito grave, a pol\u00edcia pode deslocar?se ao local de trabalho e a pr\u00f3pria Inspe\u00e7\u00e3o do Trabalho pode deslocar?se ao local de trabalho, podendo instaurar um processo de cobran\u00e7a de presta\u00e7\u00f5es contra a empresa, se detetar que o acidente de trabalho foi provocado pelo incumprimento, por parte da empresa, das suas obriga\u00e7\u00f5es em mat\u00e9ria de seguran\u00e7a e preven\u00e7\u00e3o de riscos profissionais.<\/p>\n\n<p><strong>Em caso de doen\u00e7a comum -&gt;<\/strong> Dirigimo-nos ao nosso centro de sa\u00fade e eles emitem-nos um relat\u00f3rio de baixa por doen\u00e7a.<\/p>\n\n<p>A partir de agora, os trabalhadores deixam de ser obrigados a enviar \u00e0 entidade patronal os relat\u00f3rios sobre as suas baixas por doen\u00e7a, devendo apenas informar a entidade patronal de que se encontram de baixa por doen\u00e7a, o mesmo se aplicando se j\u00e1 tiverem sido informados de que foram dispensados.<\/p>\n\n<p>Existe um ficheiro FIE da seguran\u00e7a social onde se informa se os trabalhadores da empresa registaram baixas m\u00e9dicas ou dispensas m\u00e9dicas, mas n\u00e3o \u00e9 um meio imediato, pelo que se recomenda que os trabalhadores informem as empresas no caso de iniciarem um per\u00edodo de incapacidade tempor\u00e1ria.<\/p>\n\n<p><strong>Quem nos paga e quanto?<\/strong><\/p>\n\n<p>Como referi anteriormente, a empresa pagar\u00e1 sempre em \u00faltimo lugar como pagamento delegado.<\/p>\n\n<p>No que diz respeito aos montantes gerais indicados, tamb\u00e9m devemos rever cada contrato de trabalho para ver se temos uma presta\u00e7\u00e3o de Complemento Tempor\u00e1rio de Incapacidade. <br\/><br\/>Sheila Quiroz Sifuentes<br\/><em>Advogada Especialista em Direito do Trabalho<\/em><br\/> M&amp;C<strong>Abogados<\/strong><\/p>\n\n<p><\/p>\n","protected":false},"excerpt":{"rendered":"<p>Se estiveres a trabalhar e sofreres um acidente durante a presta\u00e7\u00e3o de servi\u00e7os, ou se estiveres a trabalhar e sofreres de uma doen\u00e7a que te impossibilite de prestar servi\u00e7os. \u00c9 necess\u00e1rio fazer uma distin\u00e7\u00e3o entre ACIDENTE DE TRABALHO: A defini\u00e7\u00e3o consta do artigo 156.\u00ba da LGSS: &#8220;Acidente de trabalho \u00e9 qualquer les\u00e3o corporal sofrida pelo trabalhador por ocasi\u00e3o ou em consequ\u00eancia do seu trabalho &#8220;. Como se pode ver na defini\u00e7\u00e3o, um acidente de trabalho pode ocorrer tanto como consequ\u00eancia&hellip;<\/p>\n","protected":false},"author":1,"featured_media":22055,"comment_status":"closed","ping_status":"closed","sticky":false,"template":"","format":"standard","meta":{"_monsterinsights_skip_tracking":false,"_monsterinsights_sitenote_active":false,"_monsterinsights_sitenote_note":"","_monsterinsights_sitenote_category":0,"_joinchat":[],"footnotes":""},"categories":[966,347,965,967,351,646],"tags":[],"class_list":["post-22151","post","type-post","status-publish","format-standard","has-post-thumbnail","hentry","category-acidente-de-trabalho","category-direito-do-trabalho","category-doenca","category-incapacidade","category-subvencao","category-trabalhadores"],"yoast_head":"<!-- This site is optimized with the Yoast SEO plugin v26.8 - https:\/\/yoast.com\/product\/yoast-seo-wordpress\/ -->\n<title>Presta\u00e7\u00e3o por incapacidade tempor\u00e1ria em Espanha -% Martinez Caballero Abogados% Martinez Caballero Abogados%<\/title>\n<meta name=\"description\" content=\"Informa-te sobre os teus direitos ao subs\u00eddio por incapacidade tempor\u00e1ria em Espanha, devido a doen\u00e7a comum ou acidente de trabalho. Aconselhamento jur\u00eddico especializado.\" \/>\n<meta name=\"robots\" content=\"index, follow, max-snippet:-1, max-image-preview:large, max-video-preview:-1\" \/>\n<link rel=\"canonical\" href=\"https:\/\/martinezcaballeroabogados.com\/pt-pt\/doenca-comum-e-acidente-de-trabalho-subsidio-por-incapacidade-temporaria\/\" \/>\n<meta property=\"og:locale\" content=\"pt_PT\" \/>\n<meta property=\"og:type\" content=\"article\" \/>\n<meta property=\"og:title\" content=\"Presta\u00e7\u00e3o por incapacidade tempor\u00e1ria em Espanha -% Martinez Caballero Abogados% Martinez Caballero Abogados%\" \/>\n<meta property=\"og:description\" content=\"Informa-te sobre os teus direitos ao subs\u00eddio por incapacidade tempor\u00e1ria em Espanha, devido a doen\u00e7a comum ou acidente de trabalho. Aconselhamento jur\u00eddico especializado.\" \/>\n<meta property=\"og:url\" content=\"https:\/\/martinezcaballeroabogados.com\/pt-pt\/doenca-comum-e-acidente-de-trabalho-subsidio-por-incapacidade-temporaria\/\" \/>\n<meta property=\"og:site_name\" content=\"Martinez Caballero Abogados\" \/>\n<meta property=\"article:publisher\" content=\"https:\/\/www.facebook.com\/martinezcaballeroabogados\/\" \/>\n<meta property=\"article:published_time\" content=\"2025-08-06T14:04:48+00:00\" \/>\n<meta property=\"article:modified_time\" content=\"2025-08-18T10:39:02+00:00\" \/>\n<meta property=\"og:image\" content=\"https:\/\/martinezcaballeroabogados.com\/wp-content\/uploads\/2025\/08\/subsidio-incapacidad-temporal.webp\" \/>\n\t<meta property=\"og:image:width\" content=\"1980\" \/>\n\t<meta property=\"og:image:height\" content=\"1321\" \/>\n\t<meta property=\"og:image:type\" content=\"image\/webp\" \/>\n<meta name=\"author\" content=\"martinez-admin\" \/>\n<meta name=\"twitter:card\" content=\"summary_large_image\" \/>\n<meta name=\"twitter:creator\" content=\"@MC_abogados_\" \/>\n<meta name=\"twitter:site\" content=\"@MC_abogados_\" \/>\n<meta name=\"twitter:label1\" content=\"Escrito por\" \/>\n\t<meta name=\"twitter:data1\" content=\"martinez-admin\" \/>\n\t<meta name=\"twitter:label2\" content=\"Tempo estimado de leitura\" \/>\n\t<meta name=\"twitter:data2\" content=\"7 minutos\" \/>\n<script type=\"application\/ld+json\" class=\"yoast-schema-graph\">{\"@context\":\"https:\/\/schema.org\",\"@graph\":[{\"@type\":\"Article\",\"@id\":\"https:\/\/martinezcaballeroabogados.com\/pt-pt\/doenca-comum-e-acidente-de-trabalho-subsidio-por-incapacidade-temporaria\/#article\",\"isPartOf\":{\"@id\":\"https:\/\/martinezcaballeroabogados.com\/pt-pt\/doenca-comum-e-acidente-de-trabalho-subsidio-por-incapacidade-temporaria\/\"},\"author\":{\"name\":\"martinez-admin\",\"@id\":\"https:\/\/martinezcaballeroabogados.com\/pt-pt\/#\/schema\/person\/ee5a2bfe30c40c7af67cac2f7f0836d3\"},\"headline\":\"Doen\u00e7a comum e acidente de trabalho: subs\u00eddio por incapacidade tempor\u00e1ria\",\"datePublished\":\"2025-08-06T14:04:48+00:00\",\"dateModified\":\"2025-08-18T10:39:02+00:00\",\"mainEntityOfPage\":{\"@id\":\"https:\/\/martinezcaballeroabogados.com\/pt-pt\/doenca-comum-e-acidente-de-trabalho-subsidio-por-incapacidade-temporaria\/\"},\"wordCount\":1324,\"publisher\":{\"@id\":\"https:\/\/martinezcaballeroabogados.com\/pt-pt\/#organization\"},\"image\":{\"@id\":\"https:\/\/martinezcaballeroabogados.com\/pt-pt\/doenca-comum-e-acidente-de-trabalho-subsidio-por-incapacidade-temporaria\/#primaryimage\"},\"thumbnailUrl\":\"https:\/\/martinezcaballeroabogados.com\/wp-content\/uploads\/2025\/08\/subsidio-incapacidad-temporal.webp\",\"articleSection\":[\"Acidente de trabalho\",\"Direito do trabalho\",\"Doen\u00e7a\",\"Incapacidade\",\"Subven\u00e7\u00e3o\",\"Trabalhadores\"],\"inLanguage\":\"pt-PT\"},{\"@type\":\"WebPage\",\"@id\":\"https:\/\/martinezcaballeroabogados.com\/pt-pt\/doenca-comum-e-acidente-de-trabalho-subsidio-por-incapacidade-temporaria\/\",\"url\":\"https:\/\/martinezcaballeroabogados.com\/pt-pt\/doenca-comum-e-acidente-de-trabalho-subsidio-por-incapacidade-temporaria\/\",\"name\":\"Presta\u00e7\u00e3o por incapacidade tempor\u00e1ria em Espanha -% Martinez Caballero Abogados% Martinez Caballero Abogados%\",\"isPartOf\":{\"@id\":\"https:\/\/martinezcaballeroabogados.com\/pt-pt\/#website\"},\"primaryImageOfPage\":{\"@id\":\"https:\/\/martinezcaballeroabogados.com\/pt-pt\/doenca-comum-e-acidente-de-trabalho-subsidio-por-incapacidade-temporaria\/#primaryimage\"},\"image\":{\"@id\":\"https:\/\/martinezcaballeroabogados.com\/pt-pt\/doenca-comum-e-acidente-de-trabalho-subsidio-por-incapacidade-temporaria\/#primaryimage\"},\"thumbnailUrl\":\"https:\/\/martinezcaballeroabogados.com\/wp-content\/uploads\/2025\/08\/subsidio-incapacidad-temporal.webp\",\"datePublished\":\"2025-08-06T14:04:48+00:00\",\"dateModified\":\"2025-08-18T10:39:02+00:00\",\"description\":\"Informa-te sobre os teus direitos ao subs\u00eddio por incapacidade tempor\u00e1ria em Espanha, devido a doen\u00e7a comum ou acidente de trabalho. Aconselhamento jur\u00eddico especializado.\",\"breadcrumb\":{\"@id\":\"https:\/\/martinezcaballeroabogados.com\/pt-pt\/doenca-comum-e-acidente-de-trabalho-subsidio-por-incapacidade-temporaria\/#breadcrumb\"},\"inLanguage\":\"pt-PT\",\"potentialAction\":[{\"@type\":\"ReadAction\",\"target\":[\"https:\/\/martinezcaballeroabogados.com\/pt-pt\/doenca-comum-e-acidente-de-trabalho-subsidio-por-incapacidade-temporaria\/\"]}]},{\"@type\":\"ImageObject\",\"inLanguage\":\"pt-PT\",\"@id\":\"https:\/\/martinezcaballeroabogados.com\/pt-pt\/doenca-comum-e-acidente-de-trabalho-subsidio-por-incapacidade-temporaria\/#primaryimage\",\"url\":\"https:\/\/martinezcaballeroabogados.com\/wp-content\/uploads\/2025\/08\/subsidio-incapacidad-temporal.webp\",\"contentUrl\":\"https:\/\/martinezcaballeroabogados.com\/wp-content\/uploads\/2025\/08\/subsidio-incapacidad-temporal.webp\",\"width\":1980,\"height\":1321,\"caption\":\"Trabajador de baja temporal por incapacidad\"},{\"@type\":\"BreadcrumbList\",\"@id\":\"https:\/\/martinezcaballeroabogados.com\/pt-pt\/doenca-comum-e-acidente-de-trabalho-subsidio-por-incapacidade-temporaria\/#breadcrumb\",\"itemListElement\":[{\"@type\":\"ListItem\",\"position\":1,\"name\":\"Portada\",\"item\":\"https:\/\/martinezcaballeroabogados.com\/pt-pt\/advogados-em-barcelona\/\"},{\"@type\":\"ListItem\",\"position\":2,\"name\":\"Doen\u00e7a comum e acidente de trabalho: subs\u00eddio por incapacidade tempor\u00e1ria\"}]},{\"@type\":\"WebSite\",\"@id\":\"https:\/\/martinezcaballeroabogados.com\/pt-pt\/#website\",\"url\":\"https:\/\/martinezcaballeroabogados.com\/pt-pt\/\",\"name\":\"Martinez & Caballero Abogados\",\"description\":\"Advogados abrangentes em Barcelona\",\"publisher\":{\"@id\":\"https:\/\/martinezcaballeroabogados.com\/pt-pt\/#organization\"},\"potentialAction\":[{\"@type\":\"SearchAction\",\"target\":{\"@type\":\"EntryPoint\",\"urlTemplate\":\"https:\/\/martinezcaballeroabogados.com\/pt-pt\/?s={search_term_string}\"},\"query-input\":{\"@type\":\"PropertyValueSpecification\",\"valueRequired\":true,\"valueName\":\"search_term_string\"}}],\"inLanguage\":\"pt-PT\"},{\"@type\":\"Organization\",\"@id\":\"https:\/\/martinezcaballeroabogados.com\/pt-pt\/#organization\",\"name\":\"Martinez & Caballero Abogados\",\"url\":\"https:\/\/martinezcaballeroabogados.com\/pt-pt\/\",\"logo\":{\"@type\":\"ImageObject\",\"inLanguage\":\"pt-PT\",\"@id\":\"https:\/\/martinezcaballeroabogados.com\/pt-pt\/#\/schema\/logo\/image\/\",\"url\":\"https:\/\/martinezcaballeroabogados.com\/wp-content\/uploads\/2020\/02\/cropped-cropped-logo-mc-abogados-web-1-e1497812507401-1.png\",\"contentUrl\":\"https:\/\/martinezcaballeroabogados.com\/wp-content\/uploads\/2020\/02\/cropped-cropped-logo-mc-abogados-web-1-e1497812507401-1.png\",\"width\":300,\"height\":150,\"caption\":\"Martinez & Caballero Abogados\"},\"image\":{\"@id\":\"https:\/\/martinezcaballeroabogados.com\/pt-pt\/#\/schema\/logo\/image\/\"},\"sameAs\":[\"https:\/\/www.facebook.com\/martinezcaballeroabogados\/\",\"https:\/\/x.com\/MC_abogados_\",\"https:\/\/www.instagram.com\/extranjeriabarcelonaabogados\/\"]},{\"@type\":\"Person\",\"@id\":\"https:\/\/martinezcaballeroabogados.com\/pt-pt\/#\/schema\/person\/ee5a2bfe30c40c7af67cac2f7f0836d3\",\"name\":\"martinez-admin\",\"image\":{\"@type\":\"ImageObject\",\"inLanguage\":\"pt-PT\",\"@id\":\"https:\/\/martinezcaballeroabogados.com\/pt-pt\/#\/schema\/person\/image\/\",\"url\":\"https:\/\/secure.gravatar.com\/avatar\/e75c4c04fb977670e5006b7e6fc3f34d?s=96&d=mm&r=g\",\"contentUrl\":\"https:\/\/secure.gravatar.com\/avatar\/e75c4c04fb977670e5006b7e6fc3f34d?s=96&d=mm&r=g\",\"caption\":\"martinez-admin\"}}]}<\/script>\n<!-- \/ Yoast SEO plugin. -->","yoast_head_json":{"title":"Presta\u00e7\u00e3o por incapacidade tempor\u00e1ria em Espanha -% Martinez Caballero Abogados% Martinez Caballero Abogados%","description":"Informa-te sobre os teus direitos ao subs\u00eddio por incapacidade tempor\u00e1ria em Espanha, devido a doen\u00e7a comum ou acidente de trabalho. Aconselhamento jur\u00eddico especializado.","robots":{"index":"index","follow":"follow","max-snippet":"max-snippet:-1","max-image-preview":"max-image-preview:large","max-video-preview":"max-video-preview:-1"},"canonical":"https:\/\/martinezcaballeroabogados.com\/pt-pt\/doenca-comum-e-acidente-de-trabalho-subsidio-por-incapacidade-temporaria\/","og_locale":"pt_PT","og_type":"article","og_title":"Presta\u00e7\u00e3o por incapacidade tempor\u00e1ria em Espanha -% Martinez Caballero Abogados% Martinez Caballero Abogados%","og_description":"Informa-te sobre os teus direitos ao subs\u00eddio por incapacidade tempor\u00e1ria em Espanha, devido a doen\u00e7a comum ou acidente de trabalho. Aconselhamento jur\u00eddico especializado.","og_url":"https:\/\/martinezcaballeroabogados.com\/pt-pt\/doenca-comum-e-acidente-de-trabalho-subsidio-por-incapacidade-temporaria\/","og_site_name":"Martinez Caballero Abogados","article_publisher":"https:\/\/www.facebook.com\/martinezcaballeroabogados\/","article_published_time":"2025-08-06T14:04:48+00:00","article_modified_time":"2025-08-18T10:39:02+00:00","og_image":[{"width":1980,"height":1321,"url":"https:\/\/martinezcaballeroabogados.com\/wp-content\/uploads\/2025\/08\/subsidio-incapacidad-temporal.webp","type":"image\/webp"}],"author":"martinez-admin","twitter_card":"summary_large_image","twitter_creator":"@MC_abogados_","twitter_site":"@MC_abogados_","twitter_misc":{"Escrito por":"martinez-admin","Tempo estimado de leitura":"7 minutos"},"schema":{"@context":"https:\/\/schema.org","@graph":[{"@type":"Article","@id":"https:\/\/martinezcaballeroabogados.com\/pt-pt\/doenca-comum-e-acidente-de-trabalho-subsidio-por-incapacidade-temporaria\/#article","isPartOf":{"@id":"https:\/\/martinezcaballeroabogados.com\/pt-pt\/doenca-comum-e-acidente-de-trabalho-subsidio-por-incapacidade-temporaria\/"},"author":{"name":"martinez-admin","@id":"https:\/\/martinezcaballeroabogados.com\/pt-pt\/#\/schema\/person\/ee5a2bfe30c40c7af67cac2f7f0836d3"},"headline":"Doen\u00e7a comum e acidente de trabalho: subs\u00eddio por incapacidade tempor\u00e1ria","datePublished":"2025-08-06T14:04:48+00:00","dateModified":"2025-08-18T10:39:02+00:00","mainEntityOfPage":{"@id":"https:\/\/martinezcaballeroabogados.com\/pt-pt\/doenca-comum-e-acidente-de-trabalho-subsidio-por-incapacidade-temporaria\/"},"wordCount":1324,"publisher":{"@id":"https:\/\/martinezcaballeroabogados.com\/pt-pt\/#organization"},"image":{"@id":"https:\/\/martinezcaballeroabogados.com\/pt-pt\/doenca-comum-e-acidente-de-trabalho-subsidio-por-incapacidade-temporaria\/#primaryimage"},"thumbnailUrl":"https:\/\/martinezcaballeroabogados.com\/wp-content\/uploads\/2025\/08\/subsidio-incapacidad-temporal.webp","articleSection":["Acidente de trabalho","Direito do trabalho","Doen\u00e7a","Incapacidade","Subven\u00e7\u00e3o","Trabalhadores"],"inLanguage":"pt-PT"},{"@type":"WebPage","@id":"https:\/\/martinezcaballeroabogados.com\/pt-pt\/doenca-comum-e-acidente-de-trabalho-subsidio-por-incapacidade-temporaria\/","url":"https:\/\/martinezcaballeroabogados.com\/pt-pt\/doenca-comum-e-acidente-de-trabalho-subsidio-por-incapacidade-temporaria\/","name":"Presta\u00e7\u00e3o por incapacidade tempor\u00e1ria em Espanha -% Martinez Caballero Abogados% Martinez Caballero Abogados%","isPartOf":{"@id":"https:\/\/martinezcaballeroabogados.com\/pt-pt\/#website"},"primaryImageOfPage":{"@id":"https:\/\/martinezcaballeroabogados.com\/pt-pt\/doenca-comum-e-acidente-de-trabalho-subsidio-por-incapacidade-temporaria\/#primaryimage"},"image":{"@id":"https:\/\/martinezcaballeroabogados.com\/pt-pt\/doenca-comum-e-acidente-de-trabalho-subsidio-por-incapacidade-temporaria\/#primaryimage"},"thumbnailUrl":"https:\/\/martinezcaballeroabogados.com\/wp-content\/uploads\/2025\/08\/subsidio-incapacidad-temporal.webp","datePublished":"2025-08-06T14:04:48+00:00","dateModified":"2025-08-18T10:39:02+00:00","description":"Informa-te sobre os teus direitos ao subs\u00eddio por incapacidade tempor\u00e1ria em Espanha, devido a doen\u00e7a comum ou acidente de trabalho. Aconselhamento jur\u00eddico especializado.","breadcrumb":{"@id":"https:\/\/martinezcaballeroabogados.com\/pt-pt\/doenca-comum-e-acidente-de-trabalho-subsidio-por-incapacidade-temporaria\/#breadcrumb"},"inLanguage":"pt-PT","potentialAction":[{"@type":"ReadAction","target":["https:\/\/martinezcaballeroabogados.com\/pt-pt\/doenca-comum-e-acidente-de-trabalho-subsidio-por-incapacidade-temporaria\/"]}]},{"@type":"ImageObject","inLanguage":"pt-PT","@id":"https:\/\/martinezcaballeroabogados.com\/pt-pt\/doenca-comum-e-acidente-de-trabalho-subsidio-por-incapacidade-temporaria\/#primaryimage","url":"https:\/\/martinezcaballeroabogados.com\/wp-content\/uploads\/2025\/08\/subsidio-incapacidad-temporal.webp","contentUrl":"https:\/\/martinezcaballeroabogados.com\/wp-content\/uploads\/2025\/08\/subsidio-incapacidad-temporal.webp","width":1980,"height":1321,"caption":"Trabajador de baja temporal por incapacidad"},{"@type":"BreadcrumbList","@id":"https:\/\/martinezcaballeroabogados.com\/pt-pt\/doenca-comum-e-acidente-de-trabalho-subsidio-por-incapacidade-temporaria\/#breadcrumb","itemListElement":[{"@type":"ListItem","position":1,"name":"Portada","item":"https:\/\/martinezcaballeroabogados.com\/pt-pt\/advogados-em-barcelona\/"},{"@type":"ListItem","position":2,"name":"Doen\u00e7a comum e acidente de trabalho: subs\u00eddio por incapacidade tempor\u00e1ria"}]},{"@type":"WebSite","@id":"https:\/\/martinezcaballeroabogados.com\/pt-pt\/#website","url":"https:\/\/martinezcaballeroabogados.com\/pt-pt\/","name":"Martinez & Caballero Abogados","description":"Advogados abrangentes em Barcelona","publisher":{"@id":"https:\/\/martinezcaballeroabogados.com\/pt-pt\/#organization"},"potentialAction":[{"@type":"SearchAction","target":{"@type":"EntryPoint","urlTemplate":"https:\/\/martinezcaballeroabogados.com\/pt-pt\/?s={search_term_string}"},"query-input":{"@type":"PropertyValueSpecification","valueRequired":true,"valueName":"search_term_string"}}],"inLanguage":"pt-PT"},{"@type":"Organization","@id":"https:\/\/martinezcaballeroabogados.com\/pt-pt\/#organization","name":"Martinez & Caballero Abogados","url":"https:\/\/martinezcaballeroabogados.com\/pt-pt\/","logo":{"@type":"ImageObject","inLanguage":"pt-PT","@id":"https:\/\/martinezcaballeroabogados.com\/pt-pt\/#\/schema\/logo\/image\/","url":"https:\/\/martinezcaballeroabogados.com\/wp-content\/uploads\/2020\/02\/cropped-cropped-logo-mc-abogados-web-1-e1497812507401-1.png","contentUrl":"https:\/\/martinezcaballeroabogados.com\/wp-content\/uploads\/2020\/02\/cropped-cropped-logo-mc-abogados-web-1-e1497812507401-1.png","width":300,"height":150,"caption":"Martinez & Caballero Abogados"},"image":{"@id":"https:\/\/martinezcaballeroabogados.com\/pt-pt\/#\/schema\/logo\/image\/"},"sameAs":["https:\/\/www.facebook.com\/martinezcaballeroabogados\/","https:\/\/x.com\/MC_abogados_","https:\/\/www.instagram.com\/extranjeriabarcelonaabogados\/"]},{"@type":"Person","@id":"https:\/\/martinezcaballeroabogados.com\/pt-pt\/#\/schema\/person\/ee5a2bfe30c40c7af67cac2f7f0836d3","name":"martinez-admin","image":{"@type":"ImageObject","inLanguage":"pt-PT","@id":"https:\/\/martinezcaballeroabogados.com\/pt-pt\/#\/schema\/person\/image\/","url":"https:\/\/secure.gravatar.com\/avatar\/e75c4c04fb977670e5006b7e6fc3f34d?s=96&d=mm&r=g","contentUrl":"https:\/\/secure.gravatar.com\/avatar\/e75c4c04fb977670e5006b7e6fc3f34d?s=96&d=mm&r=g","caption":"martinez-admin"}}]}},"_links":{"self":[{"href":"https:\/\/martinezcaballeroabogados.com\/pt-pt\/wp-json\/wp\/v2\/posts\/22151","targetHints":{"allow":["GET"]}}],"collection":[{"href":"https:\/\/martinezcaballeroabogados.com\/pt-pt\/wp-json\/wp\/v2\/posts"}],"about":[{"href":"https:\/\/martinezcaballeroabogados.com\/pt-pt\/wp-json\/wp\/v2\/types\/post"}],"author":[{"embeddable":true,"href":"https:\/\/martinezcaballeroabogados.com\/pt-pt\/wp-json\/wp\/v2\/users\/1"}],"replies":[{"embeddable":true,"href":"https:\/\/martinezcaballeroabogados.com\/pt-pt\/wp-json\/wp\/v2\/comments?post=22151"}],"version-history":[{"count":1,"href":"https:\/\/martinezcaballeroabogados.com\/pt-pt\/wp-json\/wp\/v2\/posts\/22151\/revisions"}],"predecessor-version":[{"id":22152,"href":"https:\/\/martinezcaballeroabogados.com\/pt-pt\/wp-json\/wp\/v2\/posts\/22151\/revisions\/22152"}],"wp:featuredmedia":[{"embeddable":true,"href":"https:\/\/martinezcaballeroabogados.com\/pt-pt\/wp-json\/wp\/v2\/media\/22055"}],"wp:attachment":[{"href":"https:\/\/martinezcaballeroabogados.com\/pt-pt\/wp-json\/wp\/v2\/media?parent=22151"}],"wp:term":[{"taxonomy":"category","embeddable":true,"href":"https:\/\/martinezcaballeroabogados.com\/pt-pt\/wp-json\/wp\/v2\/categories?post=22151"},{"taxonomy":"post_tag","embeddable":true,"href":"https:\/\/martinezcaballeroabogados.com\/pt-pt\/wp-json\/wp\/v2\/tags?post=22151"}],"curies":[{"name":"wp","href":"https:\/\/api.w.org\/{rel}","templated":true}]}}