{"id":21747,"date":"2025-07-18T13:19:24","date_gmt":"2025-07-18T13:19:24","guid":{"rendered":"https:\/\/martinezcaballeroabogados.com\/contratos-de-trabalho-em-espanha-direitos-de-todos-os-trabalhadores-sem-excepcoes\/"},"modified":"2025-07-18T13:29:28","modified_gmt":"2025-07-18T13:29:28","slug":"contratos-de-trabalho-em-espanha-direitos-de-todos-os-trabalhadores-sem-excepcoes","status":"publish","type":"post","link":"https:\/\/martinezcaballeroabogados.com\/pt-pt\/contratos-de-trabalho-em-espanha-direitos-de-todos-os-trabalhadores-sem-excepcoes\/","title":{"rendered":"Contratos de trabalho em Espanha: direitos de todos os trabalhadores, sem excep\u00e7\u00f5es"},"content":{"rendered":"\n<p>Em Espanha, um contrato de trabalho deve cumprir uma s\u00e9rie de requisitos e conter informa\u00e7\u00f5es espec\u00edficas para ser considerado v\u00e1lido e estar em conformidade com a legisla\u00e7\u00e3o laboral. Apresentamos-te os elementos essenciais que devem constar de um contrato de trabalho: <\/p>\n\n<ol start=\"1\" class=\"wp-block-list\">\n<li><strong>Identifica\u00e7\u00e3o das partes<\/strong>:\n<ul class=\"wp-block-list\">\n<li><strong>Trabalhador<\/strong>: Nome, apelido(s), n\u00famero do bilhete de identidade (DNI\/NIE) e, se for caso disso, n\u00famero de seguran\u00e7a social.<\/li>\n\n\n\n<li><strong>Empresa<\/strong>: Nome ou raz\u00e3o social, n\u00famero de IVA, sede social e n\u00famero de seguran\u00e7a social da empresa.<br\/><\/li>\n<\/ul>\n<\/li>\n\n\n\n<li><strong>Descri\u00e7\u00e3o do trabalho<\/strong>:\n<ul class=\"wp-block-list\">\n<li><strong>Categoria profissional<\/strong>: Nome do posto de trabalho a ocupar pelo trabalhador.<\/li>\n\n\n\n<li><strong>Fun\u00e7\u00f5es<\/strong>: Descri\u00e7\u00e3o das tarefas e responsabilidades que lhe foram atribu\u00eddas.<br\/><\/li>\n<\/ul>\n<\/li>\n\n\n\n<li><strong>Dura\u00e7\u00e3o do contrato<\/strong>:\n<ul class=\"wp-block-list\">\n<li><strong>Tipo de contrato<\/strong>: indica se \u00e9 permanente, tempor\u00e1rio, de forma\u00e7\u00e3o, a tempo parcial, etc.<\/li>\n\n\n\n<li><strong>Data de in\u00edcio<\/strong> e, se for caso disso, <strong>data de termo<\/strong>, no caso de um contrato tempor\u00e1rio.<br\/><\/li>\n<\/ul>\n<\/li>\n\n\n\n<li><strong>Hor\u00e1rio de trabalho<\/strong>:\n<ul class=\"wp-block-list\">\n<li>Hor\u00e1rio de trabalho: hor\u00e1rio de <strong>trabalho<\/strong>, dura\u00e7\u00e3o do dia de trabalho, se \u00e9 a tempo inteiro ou parcial, e distribui\u00e7\u00e3o do dia de trabalho (turnos, dias \u00fateis, etc.).<br\/><\/li>\n<\/ul>\n<\/li>\n\n\n\n<li><strong>Remunera\u00e7\u00e3o<\/strong>:\n<ul class=\"wp-block-list\">\n<li><strong>Sal\u00e1rio<\/strong>: Montante a receber, especificando se \u00e9 bruto ou l\u00edquido e a periodicidade do pagamento (mensal, quinzenal, etc.).<\/li>\n\n\n\n<li><strong>Subs\u00eddios<\/strong>: Informa\u00e7\u00f5es sobre qualquer outra remunera\u00e7\u00e3o adicional (comiss\u00f5es, b\u00f3nus, etc.).<br\/><\/li>\n<\/ul>\n<\/li>\n\n\n\n<li><strong>Per\u00edodo de est\u00e1gio<\/strong>:\n<ul class=\"wp-block-list\">\n<li>Se for estabelecido um per\u00edodo de est\u00e1gio, a sua dura\u00e7\u00e3o e as condi\u00e7\u00f5es aplic\u00e1veis devem ser especificadas.<br\/><\/li>\n<\/ul>\n<\/li>\n\n\n\n<li><strong>Condi\u00e7\u00f5es de trabalho<\/strong>:\n<ul class=\"wp-block-list\">\n<li>Informa\u00e7\u00f5es sobre o local de trabalho e outras condi\u00e7\u00f5es relevantes.<br\/><\/li>\n<\/ul>\n<\/li>\n\n\n\n<li><strong>Direitos e obriga\u00e7\u00f5es<\/strong>:\n<ul class=\"wp-block-list\">\n<li>Resumo dos direitos e obriga\u00e7\u00f5es do trabalhador e da entidade patronal.<br\/><\/li>\n<\/ul>\n<\/li>\n\n\n\n<li><strong>Cl\u00e1usulas adicionais<\/strong>:\n<ul class=\"wp-block-list\">\n<li>As cl\u00e1usulas adicionais que as partes considerem necess\u00e1rias, tais como as cl\u00e1usulas de confidencialidade, de n\u00e3o concorr\u00eancia, etc., desde que n\u00e3o sejam contr\u00e1rias \u00e0 legisla\u00e7\u00e3o laboral.<br\/><\/li>\n<\/ul>\n<\/li>\n\n\n\n<li><strong>Assina<\/strong>:\n<ul class=\"wp-block-list\">\n<li>Assinatura do trabalhador e do representante da empresa, com a data de assinatura do contrato.<\/li>\n<\/ul>\n<\/li>\n<\/ol>\n\n<p><strong>Requisitos legais<\/strong><\/p>\n\n<ul class=\"wp-block-list\">\n<li><strong>Formaliza\u00e7\u00e3o<\/strong>: Embora os contratos possam ser verbais, \u00e9 aconselh\u00e1vel que sejam sempre formalizados por escrito, especialmente no caso de contratos a tempo parcial, tempor\u00e1rios ou de forma\u00e7\u00e3o.<\/li>\n\n\n\n<li><strong>Registo<\/strong>: Em alguns casos, como os contratos tempor\u00e1rios, \u00e9 necess\u00e1rio registar o contrato no Servicio P\u00fablico de Empleo Estatal (SEPE).<\/li>\n\n\n\n<li><strong>Legisla\u00e7\u00e3o aplic\u00e1vel<\/strong>: \u00c9 importante ter em conta a conven\u00e7\u00e3o colectiva de trabalho aplic\u00e1vel \u00e0 empresa, uma vez que esta pode estabelecer condi\u00e7\u00f5es espec\u00edficas para os contratos.<\/li>\n<\/ul>\n\n<p><strong>Consequ\u00eancias do incumprimento<\/strong><\/p>\n\n<p>O incumprimento dos requisitos legais de um contrato de trabalho pode levar \u00e0 nulidade do contrato, a san\u00e7\u00f5es para a empresa ou \u00e0 obriga\u00e7\u00e3o de indemnizar o trabalhador por danos.<\/p>\n\n<p>\u00c9 aconselh\u00e1vel que tanto os trabalhadores como as entidades patronais consultem um advogado especializado em direito do trabalho ou um especialista em recursos humanos para garantir que os contratos cumprem a regulamenta\u00e7\u00e3o em vigor e s\u00e3o adaptados \u00e0s necessidades espec\u00edficas de cada caso.<\/p>\n\n<p>Sheila Quiroz Sifuentes<br\/><em>Perita em Direito do Trabalho<\/em><br\/><strong>Mart\u00ednez &amp; Caballero Abogados<br\/><\/strong><\/p>\n","protected":false},"excerpt":{"rendered":"<p>Em Espanha, um contrato de trabalho deve cumprir uma s\u00e9rie de requisitos e conter informa\u00e7\u00f5es espec\u00edficas para ser considerado v\u00e1lido e estar em conformidade com a legisla\u00e7\u00e3o laboral. Apresentamos-te os elementos essenciais que devem constar de um contrato de trabalho: Requisitos legais Consequ\u00eancias do incumprimento O incumprimento dos requisitos legais de um contrato de trabalho pode levar \u00e0 nulidade do contrato, a san\u00e7\u00f5es para a empresa ou \u00e0 obriga\u00e7\u00e3o de indemnizar o trabalhador por danos. \u00c9 aconselh\u00e1vel que tanto os&hellip;<\/p>\n","protected":false},"author":1,"featured_media":21739,"comment_status":"closed","ping_status":"closed","sticky":false,"template":"","format":"standard","meta":{"_monsterinsights_skip_tracking":false,"_monsterinsights_sitenote_active":false,"_monsterinsights_sitenote_note":"","_monsterinsights_sitenote_category":0,"_joinchat":[],"footnotes":""},"categories":[900,347,699],"tags":[],"class_list":["post-21747","post","type-post","status-publish","format-standard","has-post-thumbnail","hentry","category-contrato-de-trabalho","category-direito-do-trabalho","category-documentos-pt-pt"],"yoast_head":"<!-- This site is optimized with the Yoast SEO plugin v26.8 - https:\/\/yoast.com\/product\/yoast-seo-wordpress\/ -->\n<title>Contratos de trabalho em Espanha: os teus direitos laborais -% Martinez Caballero Abogados% Martinez Caballero Abogados%<\/title>\n<meta name=\"description\" content=\"Descobre os direitos e os tipos de contratos em Espanha: permanentes, tempor\u00e1rios e outros. Conselhos de especialistas para proteger os trabalhadores.\" \/>\n<meta name=\"robots\" content=\"index, follow, max-snippet:-1, max-image-preview:large, max-video-preview:-1\" \/>\n<link rel=\"canonical\" href=\"https:\/\/martinezcaballeroabogados.com\/pt-pt\/contratos-de-trabalho-em-espanha-direitos-de-todos-os-trabalhadores-sem-excepcoes\/\" \/>\n<meta property=\"og:locale\" content=\"pt_PT\" \/>\n<meta property=\"og:type\" content=\"article\" \/>\n<meta property=\"og:title\" content=\"Contratos de trabalho em Espanha: os teus direitos laborais -% Martinez Caballero Abogados% Martinez Caballero Abogados%\" \/>\n<meta property=\"og:description\" content=\"Descobre os direitos e os tipos de contratos em Espanha: permanentes, tempor\u00e1rios e outros. Conselhos de especialistas para proteger os trabalhadores.\" \/>\n<meta property=\"og:url\" content=\"https:\/\/martinezcaballeroabogados.com\/pt-pt\/contratos-de-trabalho-em-espanha-direitos-de-todos-os-trabalhadores-sem-excepcoes\/\" \/>\n<meta property=\"og:site_name\" content=\"Martinez Caballero Abogados\" \/>\n<meta property=\"article:publisher\" content=\"https:\/\/www.facebook.com\/martinezcaballeroabogados\/\" \/>\n<meta property=\"article:published_time\" content=\"2025-07-18T13:19:24+00:00\" \/>\n<meta property=\"article:modified_time\" content=\"2025-07-18T13:29:28+00:00\" \/>\n<meta property=\"og:image\" content=\"https:\/\/martinezcaballeroabogados.com\/wp-content\/uploads\/2025\/07\/trabajador-firma-contrato-trabajo-espana.webp\" \/>\n\t<meta property=\"og:image:width\" content=\"1920\" \/>\n\t<meta property=\"og:image:height\" content=\"1282\" \/>\n\t<meta property=\"og:image:type\" content=\"image\/webp\" \/>\n<meta name=\"author\" content=\"martinez-admin\" \/>\n<meta name=\"twitter:card\" content=\"summary_large_image\" \/>\n<meta name=\"twitter:creator\" content=\"@MC_abogados_\" \/>\n<meta name=\"twitter:site\" content=\"@MC_abogados_\" \/>\n<meta name=\"twitter:label1\" content=\"Escrito por\" \/>\n\t<meta name=\"twitter:data1\" content=\"martinez-admin\" \/>\n\t<meta name=\"twitter:label2\" content=\"Tempo estimado de leitura\" \/>\n\t<meta name=\"twitter:data2\" content=\"3 minutos\" \/>\n<script type=\"application\/ld+json\" class=\"yoast-schema-graph\">{\"@context\":\"https:\/\/schema.org\",\"@graph\":[{\"@type\":\"Article\",\"@id\":\"https:\/\/martinezcaballeroabogados.com\/pt-pt\/contratos-de-trabalho-em-espanha-direitos-de-todos-os-trabalhadores-sem-excepcoes\/#article\",\"isPartOf\":{\"@id\":\"https:\/\/martinezcaballeroabogados.com\/pt-pt\/contratos-de-trabalho-em-espanha-direitos-de-todos-os-trabalhadores-sem-excepcoes\/\"},\"author\":{\"name\":\"martinez-admin\",\"@id\":\"https:\/\/martinezcaballeroabogados.com\/pt-pt\/#\/schema\/person\/ee5a2bfe30c40c7af67cac2f7f0836d3\"},\"headline\":\"Contratos de trabalho em Espanha: direitos de todos os trabalhadores, sem excep\u00e7\u00f5es\",\"datePublished\":\"2025-07-18T13:19:24+00:00\",\"dateModified\":\"2025-07-18T13:29:28+00:00\",\"mainEntityOfPage\":{\"@id\":\"https:\/\/martinezcaballeroabogados.com\/pt-pt\/contratos-de-trabalho-em-espanha-direitos-de-todos-os-trabalhadores-sem-excepcoes\/\"},\"wordCount\":531,\"publisher\":{\"@id\":\"https:\/\/martinezcaballeroabogados.com\/pt-pt\/#organization\"},\"image\":{\"@id\":\"https:\/\/martinezcaballeroabogados.com\/pt-pt\/contratos-de-trabalho-em-espanha-direitos-de-todos-os-trabalhadores-sem-excepcoes\/#primaryimage\"},\"thumbnailUrl\":\"https:\/\/martinezcaballeroabogados.com\/wp-content\/uploads\/2025\/07\/trabajador-firma-contrato-trabajo-espana.webp\",\"articleSection\":[\"Contrato de trabalho\",\"Direito do trabalho\",\"Documentos\"],\"inLanguage\":\"pt-PT\"},{\"@type\":\"WebPage\",\"@id\":\"https:\/\/martinezcaballeroabogados.com\/pt-pt\/contratos-de-trabalho-em-espanha-direitos-de-todos-os-trabalhadores-sem-excepcoes\/\",\"url\":\"https:\/\/martinezcaballeroabogados.com\/pt-pt\/contratos-de-trabalho-em-espanha-direitos-de-todos-os-trabalhadores-sem-excepcoes\/\",\"name\":\"Contratos de trabalho em Espanha: os teus direitos laborais -% Martinez Caballero Abogados% Martinez Caballero Abogados%\",\"isPartOf\":{\"@id\":\"https:\/\/martinezcaballeroabogados.com\/pt-pt\/#website\"},\"primaryImageOfPage\":{\"@id\":\"https:\/\/martinezcaballeroabogados.com\/pt-pt\/contratos-de-trabalho-em-espanha-direitos-de-todos-os-trabalhadores-sem-excepcoes\/#primaryimage\"},\"image\":{\"@id\":\"https:\/\/martinezcaballeroabogados.com\/pt-pt\/contratos-de-trabalho-em-espanha-direitos-de-todos-os-trabalhadores-sem-excepcoes\/#primaryimage\"},\"thumbnailUrl\":\"https:\/\/martinezcaballeroabogados.com\/wp-content\/uploads\/2025\/07\/trabajador-firma-contrato-trabajo-espana.webp\",\"datePublished\":\"2025-07-18T13:19:24+00:00\",\"dateModified\":\"2025-07-18T13:29:28+00:00\",\"description\":\"Descobre os direitos e os tipos de contratos em Espanha: permanentes, tempor\u00e1rios e outros. Conselhos de especialistas para proteger os trabalhadores.\",\"breadcrumb\":{\"@id\":\"https:\/\/martinezcaballeroabogados.com\/pt-pt\/contratos-de-trabalho-em-espanha-direitos-de-todos-os-trabalhadores-sem-excepcoes\/#breadcrumb\"},\"inLanguage\":\"pt-PT\",\"potentialAction\":[{\"@type\":\"ReadAction\",\"target\":[\"https:\/\/martinezcaballeroabogados.com\/pt-pt\/contratos-de-trabalho-em-espanha-direitos-de-todos-os-trabalhadores-sem-excepcoes\/\"]}]},{\"@type\":\"ImageObject\",\"inLanguage\":\"pt-PT\",\"@id\":\"https:\/\/martinezcaballeroabogados.com\/pt-pt\/contratos-de-trabalho-em-espanha-direitos-de-todos-os-trabalhadores-sem-excepcoes\/#primaryimage\",\"url\":\"https:\/\/martinezcaballeroabogados.com\/wp-content\/uploads\/2025\/07\/trabajador-firma-contrato-trabajo-espana.webp\",\"contentUrl\":\"https:\/\/martinezcaballeroabogados.com\/wp-content\/uploads\/2025\/07\/trabajador-firma-contrato-trabajo-espana.webp\",\"width\":1920,\"height\":1282,\"caption\":\"Una mano de un trabajador firma un contrato laboral en Espa\u00f1a\"},{\"@type\":\"BreadcrumbList\",\"@id\":\"https:\/\/martinezcaballeroabogados.com\/pt-pt\/contratos-de-trabalho-em-espanha-direitos-de-todos-os-trabalhadores-sem-excepcoes\/#breadcrumb\",\"itemListElement\":[{\"@type\":\"ListItem\",\"position\":1,\"name\":\"Portada\",\"item\":\"https:\/\/martinezcaballeroabogados.com\/pt-pt\/advogados-em-barcelona\/\"},{\"@type\":\"ListItem\",\"position\":2,\"name\":\"Contratos de trabalho em Espanha: direitos de todos os trabalhadores, sem excep\u00e7\u00f5es\"}]},{\"@type\":\"WebSite\",\"@id\":\"https:\/\/martinezcaballeroabogados.com\/pt-pt\/#website\",\"url\":\"https:\/\/martinezcaballeroabogados.com\/pt-pt\/\",\"name\":\"Martinez & Caballero Abogados\",\"description\":\"Advogados abrangentes em Barcelona\",\"publisher\":{\"@id\":\"https:\/\/martinezcaballeroabogados.com\/pt-pt\/#organization\"},\"potentialAction\":[{\"@type\":\"SearchAction\",\"target\":{\"@type\":\"EntryPoint\",\"urlTemplate\":\"https:\/\/martinezcaballeroabogados.com\/pt-pt\/?s={search_term_string}\"},\"query-input\":{\"@type\":\"PropertyValueSpecification\",\"valueRequired\":true,\"valueName\":\"search_term_string\"}}],\"inLanguage\":\"pt-PT\"},{\"@type\":\"Organization\",\"@id\":\"https:\/\/martinezcaballeroabogados.com\/pt-pt\/#organization\",\"name\":\"Martinez & Caballero Abogados\",\"url\":\"https:\/\/martinezcaballeroabogados.com\/pt-pt\/\",\"logo\":{\"@type\":\"ImageObject\",\"inLanguage\":\"pt-PT\",\"@id\":\"https:\/\/martinezcaballeroabogados.com\/pt-pt\/#\/schema\/logo\/image\/\",\"url\":\"https:\/\/martinezcaballeroabogados.com\/wp-content\/uploads\/2020\/02\/cropped-cropped-logo-mc-abogados-web-1-e1497812507401-1.png\",\"contentUrl\":\"https:\/\/martinezcaballeroabogados.com\/wp-content\/uploads\/2020\/02\/cropped-cropped-logo-mc-abogados-web-1-e1497812507401-1.png\",\"width\":300,\"height\":150,\"caption\":\"Martinez & Caballero Abogados\"},\"image\":{\"@id\":\"https:\/\/martinezcaballeroabogados.com\/pt-pt\/#\/schema\/logo\/image\/\"},\"sameAs\":[\"https:\/\/www.facebook.com\/martinezcaballeroabogados\/\",\"https:\/\/x.com\/MC_abogados_\",\"https:\/\/www.instagram.com\/extranjeriabarcelonaabogados\/\"]},{\"@type\":\"Person\",\"@id\":\"https:\/\/martinezcaballeroabogados.com\/pt-pt\/#\/schema\/person\/ee5a2bfe30c40c7af67cac2f7f0836d3\",\"name\":\"martinez-admin\",\"image\":{\"@type\":\"ImageObject\",\"inLanguage\":\"pt-PT\",\"@id\":\"https:\/\/martinezcaballeroabogados.com\/pt-pt\/#\/schema\/person\/image\/\",\"url\":\"https:\/\/secure.gravatar.com\/avatar\/e75c4c04fb977670e5006b7e6fc3f34d?s=96&d=mm&r=g\",\"contentUrl\":\"https:\/\/secure.gravatar.com\/avatar\/e75c4c04fb977670e5006b7e6fc3f34d?s=96&d=mm&r=g\",\"caption\":\"martinez-admin\"}}]}<\/script>\n<!-- \/ Yoast SEO plugin. -->","yoast_head_json":{"title":"Contratos de trabalho em Espanha: os teus direitos laborais -% Martinez Caballero Abogados% Martinez Caballero Abogados%","description":"Descobre os direitos e os tipos de contratos em Espanha: permanentes, tempor\u00e1rios e outros. Conselhos de especialistas para proteger os trabalhadores.","robots":{"index":"index","follow":"follow","max-snippet":"max-snippet:-1","max-image-preview":"max-image-preview:large","max-video-preview":"max-video-preview:-1"},"canonical":"https:\/\/martinezcaballeroabogados.com\/pt-pt\/contratos-de-trabalho-em-espanha-direitos-de-todos-os-trabalhadores-sem-excepcoes\/","og_locale":"pt_PT","og_type":"article","og_title":"Contratos de trabalho em Espanha: os teus direitos laborais -% Martinez Caballero Abogados% Martinez Caballero Abogados%","og_description":"Descobre os direitos e os tipos de contratos em Espanha: permanentes, tempor\u00e1rios e outros. Conselhos de especialistas para proteger os trabalhadores.","og_url":"https:\/\/martinezcaballeroabogados.com\/pt-pt\/contratos-de-trabalho-em-espanha-direitos-de-todos-os-trabalhadores-sem-excepcoes\/","og_site_name":"Martinez Caballero Abogados","article_publisher":"https:\/\/www.facebook.com\/martinezcaballeroabogados\/","article_published_time":"2025-07-18T13:19:24+00:00","article_modified_time":"2025-07-18T13:29:28+00:00","og_image":[{"width":1920,"height":1282,"url":"https:\/\/martinezcaballeroabogados.com\/wp-content\/uploads\/2025\/07\/trabajador-firma-contrato-trabajo-espana.webp","type":"image\/webp"}],"author":"martinez-admin","twitter_card":"summary_large_image","twitter_creator":"@MC_abogados_","twitter_site":"@MC_abogados_","twitter_misc":{"Escrito por":"martinez-admin","Tempo estimado de leitura":"3 minutos"},"schema":{"@context":"https:\/\/schema.org","@graph":[{"@type":"Article","@id":"https:\/\/martinezcaballeroabogados.com\/pt-pt\/contratos-de-trabalho-em-espanha-direitos-de-todos-os-trabalhadores-sem-excepcoes\/#article","isPartOf":{"@id":"https:\/\/martinezcaballeroabogados.com\/pt-pt\/contratos-de-trabalho-em-espanha-direitos-de-todos-os-trabalhadores-sem-excepcoes\/"},"author":{"name":"martinez-admin","@id":"https:\/\/martinezcaballeroabogados.com\/pt-pt\/#\/schema\/person\/ee5a2bfe30c40c7af67cac2f7f0836d3"},"headline":"Contratos de trabalho em Espanha: direitos de todos os trabalhadores, sem excep\u00e7\u00f5es","datePublished":"2025-07-18T13:19:24+00:00","dateModified":"2025-07-18T13:29:28+00:00","mainEntityOfPage":{"@id":"https:\/\/martinezcaballeroabogados.com\/pt-pt\/contratos-de-trabalho-em-espanha-direitos-de-todos-os-trabalhadores-sem-excepcoes\/"},"wordCount":531,"publisher":{"@id":"https:\/\/martinezcaballeroabogados.com\/pt-pt\/#organization"},"image":{"@id":"https:\/\/martinezcaballeroabogados.com\/pt-pt\/contratos-de-trabalho-em-espanha-direitos-de-todos-os-trabalhadores-sem-excepcoes\/#primaryimage"},"thumbnailUrl":"https:\/\/martinezcaballeroabogados.com\/wp-content\/uploads\/2025\/07\/trabajador-firma-contrato-trabajo-espana.webp","articleSection":["Contrato de trabalho","Direito do trabalho","Documentos"],"inLanguage":"pt-PT"},{"@type":"WebPage","@id":"https:\/\/martinezcaballeroabogados.com\/pt-pt\/contratos-de-trabalho-em-espanha-direitos-de-todos-os-trabalhadores-sem-excepcoes\/","url":"https:\/\/martinezcaballeroabogados.com\/pt-pt\/contratos-de-trabalho-em-espanha-direitos-de-todos-os-trabalhadores-sem-excepcoes\/","name":"Contratos de trabalho em Espanha: os teus direitos laborais -% Martinez Caballero Abogados% Martinez Caballero Abogados%","isPartOf":{"@id":"https:\/\/martinezcaballeroabogados.com\/pt-pt\/#website"},"primaryImageOfPage":{"@id":"https:\/\/martinezcaballeroabogados.com\/pt-pt\/contratos-de-trabalho-em-espanha-direitos-de-todos-os-trabalhadores-sem-excepcoes\/#primaryimage"},"image":{"@id":"https:\/\/martinezcaballeroabogados.com\/pt-pt\/contratos-de-trabalho-em-espanha-direitos-de-todos-os-trabalhadores-sem-excepcoes\/#primaryimage"},"thumbnailUrl":"https:\/\/martinezcaballeroabogados.com\/wp-content\/uploads\/2025\/07\/trabajador-firma-contrato-trabajo-espana.webp","datePublished":"2025-07-18T13:19:24+00:00","dateModified":"2025-07-18T13:29:28+00:00","description":"Descobre os direitos e os tipos de contratos em Espanha: permanentes, tempor\u00e1rios e outros. Conselhos de especialistas para proteger os trabalhadores.","breadcrumb":{"@id":"https:\/\/martinezcaballeroabogados.com\/pt-pt\/contratos-de-trabalho-em-espanha-direitos-de-todos-os-trabalhadores-sem-excepcoes\/#breadcrumb"},"inLanguage":"pt-PT","potentialAction":[{"@type":"ReadAction","target":["https:\/\/martinezcaballeroabogados.com\/pt-pt\/contratos-de-trabalho-em-espanha-direitos-de-todos-os-trabalhadores-sem-excepcoes\/"]}]},{"@type":"ImageObject","inLanguage":"pt-PT","@id":"https:\/\/martinezcaballeroabogados.com\/pt-pt\/contratos-de-trabalho-em-espanha-direitos-de-todos-os-trabalhadores-sem-excepcoes\/#primaryimage","url":"https:\/\/martinezcaballeroabogados.com\/wp-content\/uploads\/2025\/07\/trabajador-firma-contrato-trabajo-espana.webp","contentUrl":"https:\/\/martinezcaballeroabogados.com\/wp-content\/uploads\/2025\/07\/trabajador-firma-contrato-trabajo-espana.webp","width":1920,"height":1282,"caption":"Una mano de un trabajador firma un contrato laboral en Espa\u00f1a"},{"@type":"BreadcrumbList","@id":"https:\/\/martinezcaballeroabogados.com\/pt-pt\/contratos-de-trabalho-em-espanha-direitos-de-todos-os-trabalhadores-sem-excepcoes\/#breadcrumb","itemListElement":[{"@type":"ListItem","position":1,"name":"Portada","item":"https:\/\/martinezcaballeroabogados.com\/pt-pt\/advogados-em-barcelona\/"},{"@type":"ListItem","position":2,"name":"Contratos de trabalho em Espanha: direitos de todos os trabalhadores, sem excep\u00e7\u00f5es"}]},{"@type":"WebSite","@id":"https:\/\/martinezcaballeroabogados.com\/pt-pt\/#website","url":"https:\/\/martinezcaballeroabogados.com\/pt-pt\/","name":"Martinez & Caballero Abogados","description":"Advogados abrangentes em Barcelona","publisher":{"@id":"https:\/\/martinezcaballeroabogados.com\/pt-pt\/#organization"},"potentialAction":[{"@type":"SearchAction","target":{"@type":"EntryPoint","urlTemplate":"https:\/\/martinezcaballeroabogados.com\/pt-pt\/?s={search_term_string}"},"query-input":{"@type":"PropertyValueSpecification","valueRequired":true,"valueName":"search_term_string"}}],"inLanguage":"pt-PT"},{"@type":"Organization","@id":"https:\/\/martinezcaballeroabogados.com\/pt-pt\/#organization","name":"Martinez & Caballero Abogados","url":"https:\/\/martinezcaballeroabogados.com\/pt-pt\/","logo":{"@type":"ImageObject","inLanguage":"pt-PT","@id":"https:\/\/martinezcaballeroabogados.com\/pt-pt\/#\/schema\/logo\/image\/","url":"https:\/\/martinezcaballeroabogados.com\/wp-content\/uploads\/2020\/02\/cropped-cropped-logo-mc-abogados-web-1-e1497812507401-1.png","contentUrl":"https:\/\/martinezcaballeroabogados.com\/wp-content\/uploads\/2020\/02\/cropped-cropped-logo-mc-abogados-web-1-e1497812507401-1.png","width":300,"height":150,"caption":"Martinez & Caballero Abogados"},"image":{"@id":"https:\/\/martinezcaballeroabogados.com\/pt-pt\/#\/schema\/logo\/image\/"},"sameAs":["https:\/\/www.facebook.com\/martinezcaballeroabogados\/","https:\/\/x.com\/MC_abogados_","https:\/\/www.instagram.com\/extranjeriabarcelonaabogados\/"]},{"@type":"Person","@id":"https:\/\/martinezcaballeroabogados.com\/pt-pt\/#\/schema\/person\/ee5a2bfe30c40c7af67cac2f7f0836d3","name":"martinez-admin","image":{"@type":"ImageObject","inLanguage":"pt-PT","@id":"https:\/\/martinezcaballeroabogados.com\/pt-pt\/#\/schema\/person\/image\/","url":"https:\/\/secure.gravatar.com\/avatar\/e75c4c04fb977670e5006b7e6fc3f34d?s=96&d=mm&r=g","contentUrl":"https:\/\/secure.gravatar.com\/avatar\/e75c4c04fb977670e5006b7e6fc3f34d?s=96&d=mm&r=g","caption":"martinez-admin"}}]}},"_links":{"self":[{"href":"https:\/\/martinezcaballeroabogados.com\/pt-pt\/wp-json\/wp\/v2\/posts\/21747","targetHints":{"allow":["GET"]}}],"collection":[{"href":"https:\/\/martinezcaballeroabogados.com\/pt-pt\/wp-json\/wp\/v2\/posts"}],"about":[{"href":"https:\/\/martinezcaballeroabogados.com\/pt-pt\/wp-json\/wp\/v2\/types\/post"}],"author":[{"embeddable":true,"href":"https:\/\/martinezcaballeroabogados.com\/pt-pt\/wp-json\/wp\/v2\/users\/1"}],"replies":[{"embeddable":true,"href":"https:\/\/martinezcaballeroabogados.com\/pt-pt\/wp-json\/wp\/v2\/comments?post=21747"}],"version-history":[{"count":1,"href":"https:\/\/martinezcaballeroabogados.com\/pt-pt\/wp-json\/wp\/v2\/posts\/21747\/revisions"}],"predecessor-version":[{"id":21748,"href":"https:\/\/martinezcaballeroabogados.com\/pt-pt\/wp-json\/wp\/v2\/posts\/21747\/revisions\/21748"}],"wp:featuredmedia":[{"embeddable":true,"href":"https:\/\/martinezcaballeroabogados.com\/pt-pt\/wp-json\/wp\/v2\/media\/21739"}],"wp:attachment":[{"href":"https:\/\/martinezcaballeroabogados.com\/pt-pt\/wp-json\/wp\/v2\/media?parent=21747"}],"wp:term":[{"taxonomy":"category","embeddable":true,"href":"https:\/\/martinezcaballeroabogados.com\/pt-pt\/wp-json\/wp\/v2\/categories?post=21747"},{"taxonomy":"post_tag","embeddable":true,"href":"https:\/\/martinezcaballeroabogados.com\/pt-pt\/wp-json\/wp\/v2\/tags?post=21747"}],"curies":[{"name":"wp","href":"https:\/\/api.w.org\/{rel}","templated":true}]}}