{"id":23876,"date":"2025-11-19T19:04:30","date_gmt":"2025-11-19T19:04:30","guid":{"rendered":"https:\/\/martinezcaballeroabogados.com\/ordonnance-de-protection-dans-les-procedures-de-violence-domestique-quest-ce-que-cest-et-comment-la-demander\/"},"modified":"2025-12-09T11:19:05","modified_gmt":"2025-12-09T11:19:05","slug":"ordonnance-de-protection-dans-les-procedures-de-violence-domestique-quest-ce-que-cest-et-comment-la-demander","status":"publish","type":"post","link":"https:\/\/martinezcaballeroabogados.com\/fr\/ordonnance-de-protection-dans-les-procedures-de-violence-domestique-quest-ce-que-cest-et-comment-la-demander\/","title":{"rendered":"Ordonnance de protection dans les proc\u00e9dures de violence domestique : qu&rsquo;est-ce que c&rsquo;est et comment la demander ?"},"content":{"rendered":"\n<p>Dans le cadre des proc\u00e9dures p\u00e9nales pour violence \u00e0 caract\u00e8re sexiste, l&rsquo;ordonnance de protection est un instrument juridique qui prot\u00e8ge les victimes de violence \u00e0 caract\u00e8re sexiste, en permettant l&rsquo;adoption de mesures de pr\u00e9caution p\u00e9nales et civiles pour garantir la s\u00e9curit\u00e9 et le bien-\u00eatre de la victime, de ses enfants ou des membres de sa famille.<\/p>\n\n<p>Au sein de notre cabinet, nous sommes conscients de l&rsquo;importance d&rsquo;agir rapidement et avec tact dans ces situations. Dans cet article, nous vous expliquons en quoi consiste l&rsquo;ordonnance de protection, comment la demander et quelles sont les mesures qu&rsquo;elle comporte. <\/p>\n\n<p><strong>Qu&rsquo;est-ce qu&rsquo;une ordonnance de protection ?<\/strong><\/p>\n\n<p>L&rsquo;ordonnance de protection est une r\u00e9solution judiciaire qui vise \u00e0 prot\u00e9ger imm\u00e9diatement les victimes de violences sexistes ou domestiques. Elle est d\u00e9livr\u00e9e par un juge lorsqu&rsquo;il existe des indices qu&rsquo;une personne a \u00e9t\u00e9 victime de violences physiques, psychologiques, sexuelles ou \u00e9conomiques au sein de la famille ou du couple. <\/p>\n\n<p>Cette mesure est r\u00e9gie par l&rsquo;article 544 ter de la loi de proc\u00e9dure p\u00e9nale et permet de concentrer dans une seule d\u00e9cision judiciaire les mesures p\u00e9nales et civiles n\u00e9cessaires \u00e0 la protection de la victime.<\/p>\n\n<p><strong>Qui peut demander une ordonnance de protection ?<\/strong><\/p>\n\n<p>La demande peut \u00eatre soumise de diff\u00e9rentes mani\u00e8res :<\/p>\n\n<ul class=\"wp-block-list\">\n<li>La victime elle-m\u00eame ou son repr\u00e9sentant l\u00e9gal, directement aupr\u00e8s du tribunal ou de la police, au moment de la d\u00e9claration.<\/li>\n\n\n\n<li>Un parent de la victime, notamment les ascendants, descendants ou fr\u00e8res et s\u0153urs de la victime, conform\u00e9ment \u00e0 l&rsquo;article 173.2 du code p\u00e9nal.<\/li>\n\n\n\n<li>Le minist\u00e8re public.<\/li>\n\n\n\n<li>L&rsquo;autorit\u00e9 judiciaire elle-m\u00eame d&rsquo;office, \u00e9tant donn\u00e9 qu&rsquo;il s&rsquo;agit de la seule mesure pr\u00e9ventive de privation de libert\u00e9 qui peut \u00eatre adopt\u00e9e par les organes judiciaires sans qu&rsquo;il soit n\u00e9cessaire que la partie poursuivante en fasse la demande.<\/li>\n<\/ul>\n\n<p>Dans notre bureau, nous accompagnons les victimes tout au long de la proc\u00e9dure, en veillant \u00e0 ce que la demande soit introduite correctement et accompagn\u00e9e des documents n\u00e9cessaires.<\/p>\n\n<p><strong>Quelles mesures une ordonnance de protection peut-elle pr\u00e9voir ?<\/strong><\/p>\n\n<p>L&rsquo;ordonnance peut inclure diff\u00e9rentes mesures provisoires, tant p\u00e9nales que civiles :<\/p>\n\n<p>\ud83d\udd39 Mesures p\u00e9nales<\/p>\n\n<p>&#8211; D\u00e9tention provisoire.<\/p>\n\n<ul class=\"wp-block-list\">\n<li>Interdiction d&rsquo;approcher ou de communiquer avec la victime ou ses proches.<\/li>\n\n\n\n<li>Expulsion du domicile commun.<\/li>\n\n\n\n<li>Retrait d&rsquo;armes ou d&rsquo;objets dangereux.<\/li>\n<\/ul>\n\n<p>\ud83d\udd39 Mesures civiles<\/p>\n\n<ul class=\"wp-block-list\">\n<li>Attribution de l&rsquo;usage et de la jouissance du logement familial.<\/li>\n\n\n\n<li>Suspension ou modification du r\u00e9gime de visite, de la garde ou de l&rsquo;autorit\u00e9 parentale.<\/li>\n\n\n\n<li>Mesures financi\u00e8res urgentes (pensions alimentaires, etc.).<\/li>\n<\/ul>\n\n<p>Ces mesures sont prises imm\u00e9diatement, \u00e0 la suite d&rsquo;une audience au cours de laquelle la victime et le d\u00e9fendeur sont entendus.<\/p>\n\n<p><strong>Conditions d&rsquo;adoption<\/strong><\/p>\n\n<p>Les conditions d&rsquo;adoption de l&rsquo;ordonnance de protection sont r\u00e9gies par l&rsquo;article 544 ter de la loi de proc\u00e9dure p\u00e9nale.<\/p>\n\n<p>&#8211; Tout d&rsquo;abord, il doit exister un commencement de preuve de la commission d&rsquo;un crime contre la vie, l&rsquo;int\u00e9grit\u00e9 physique ou morale, la libert\u00e9 ou la s\u00e9curit\u00e9 par un homme qui a \u00e9t\u00e9 ou est un conjoint ou dans une relation d&rsquo;affectivit\u00e9 analogue.<\/p>\n\n<p>&#8211; Deuxi\u00e8mement, il doit exister une situation objective de risque pour la victime qui justifie l&rsquo;adoption de ces mesures restrictives des droits fondamentaux. Pour l&rsquo;analyse de cette situation, toutes les circonstances de l&rsquo;acte criminel sont prises en compte. Il s&rsquo;agit notamment de l&rsquo;intensit\u00e9 de la violence, des ant\u00e9c\u00e9dents judiciaires et de la probabilit\u00e9 que la personne faisant l&rsquo;objet de l&rsquo;enqu\u00eate continue \u00e0 commettre des actes \u00e0 l&rsquo;encontre de la victime.  <\/p>\n\n<p><strong>Quelle est la dur\u00e9e d&rsquo;une ordonnance de protection ?<\/strong><\/p>\n\n<p>La dur\u00e9e d\u00e9pend des circonstances de l&rsquo;affaire et peut \u00eatre maintenue tant qu&rsquo;il existe un risque pour la victime. Dans de nombreux cas, les mesures peuvent \u00eatre prolong\u00e9es ou modifi\u00e9es si la situation change. En ce sens, les mesures de pr\u00e9caution p\u00e9nales peuvent \u00eatre maintenues pendant la dur\u00e9e de la proc\u00e9dure p\u00e9nale. Les mesures civiles sont initialement valables pour 30 jours et peuvent \u00eatre prolong\u00e9es si l&rsquo;avocat de la victime doit intenter une action civile, soit pour un divorce, soit pour des mesures parentales devant le m\u00eame tribunal pour la violence \u00e0 l&rsquo;\u00e9gard des femmes.   <\/p>\n\n<p><strong>Le r\u00f4le de l&rsquo;avocat sp\u00e9cialis\u00e9<\/strong><\/p>\n\n<p>Il est essentiel d&rsquo;avoir un avocat sp\u00e9cialis\u00e9 dans les violences de genre. Ce professionnel ne se contente pas de conseiller la meilleure strat\u00e9gie juridique, il accompagne \u00e9galement la victime tout au long de la proc\u00e9dure, en garantissant sa s\u00e9curit\u00e9 et ses droits. <\/p>\n\n<p>Dans notre bureau, nous offrons une assistance juridique urgente, un soutien personnalis\u00e9 et une confidentialit\u00e9 absolue. Notre engagement est de vous prot\u00e9ger et de vous aider \u00e0 commencer un nouveau chemin sans violence. <\/p>\n\n<p><strong>Vous avez besoin d&rsquo;aide ou de conseils ?<\/strong>  Si vous \u00eates victime de violence ou si vous connaissez quelqu&rsquo;un qui pourrait \u00eatre en danger, vous n&rsquo;\u00eates pas seul(e). Prenez contact avec notre \u00e9quipe. Nous vous offrirons des conseils juridiques imm\u00e9diats, un soutien psychologique et un accompagnement tout au long de la proc\u00e9dure.  <\/p>\n\n<p>Iv\u00e1n \u00c1lvarez<br\/>Abogado Experto en Derecho Penal y Laboral<br\/><strong>M&amp;C Abogados<\/strong><\/p>\n\n<p><\/p>\n","protected":false},"excerpt":{"rendered":"<p>Dans le cadre des proc\u00e9dures p\u00e9nales pour violence \u00e0 caract\u00e8re sexiste, l&rsquo;ordonnance de protection est un instrument juridique qui prot\u00e8ge les victimes de violence \u00e0 caract\u00e8re sexiste, en permettant l&rsquo;adoption de mesures de pr\u00e9caution p\u00e9nales et civiles pour garantir la s\u00e9curit\u00e9 et le bien-\u00eatre de la victime, de ses enfants ou des membres de sa famille. Au sein de notre cabinet, nous sommes conscients de l&rsquo;importance d&rsquo;agir rapidement et avec tact dans ces situations. Dans cet article, nous vous expliquons&hellip;<\/p>\n","protected":false},"author":1,"featured_media":23826,"comment_status":"closed","ping_status":"closed","sticky":false,"template":"","format":"standard","meta":{"_monsterinsights_skip_tracking":false,"_monsterinsights_sitenote_active":false,"_monsterinsights_sitenote_note":"","_monsterinsights_sitenote_category":0,"_joinchat":[],"footnotes":""},"categories":[410,411,755,756],"tags":[],"class_list":["post-23876","post","type-post","status-publish","format-standard","has-post-thumbnail","hentry","category-droit-de-la-famille","category-famille","category-violence-domestique","category-violence-fondee-sur-le-sexe"],"yoast_head":"<!-- This site is optimized with the Yoast SEO plugin v26.8 - https:\/\/yoast.com\/product\/yoast-seo-wordpress\/ -->\n<title>Ordonnance de protection contre la violence fond\u00e9e sur le sexe : ce qu&#039;elle est et comment la demander -% Martinez Caballero Abogados% Martinez Caballero Abogados%%<\/title>\n<meta name=\"description\" content=\"Qu&#039;est-ce qu&#039;une ordonnance de protection dans les cas de violence \u00e0 caract\u00e8re sexiste, qui peut la demander et comment agir, \u00e9tape par \u00e9tape, avec l&#039;aide de notre \u00e9quipe \u00e0 Barcelone.\" \/>\n<meta name=\"robots\" content=\"index, follow, max-snippet:-1, max-image-preview:large, max-video-preview:-1\" \/>\n<link rel=\"canonical\" href=\"https:\/\/martinezcaballeroabogados.com\/fr\/ordonnance-de-protection-dans-les-procedures-de-violence-domestique-quest-ce-que-cest-et-comment-la-demander\/\" \/>\n<meta property=\"og:locale\" content=\"fr_FR\" \/>\n<meta property=\"og:type\" content=\"article\" \/>\n<meta property=\"og:title\" content=\"Ordonnance de protection contre la violence fond\u00e9e sur le sexe : ce qu&#039;elle est et comment la demander -% Martinez Caballero Abogados% Martinez Caballero Abogados%%\" \/>\n<meta property=\"og:description\" content=\"Qu&#039;est-ce qu&#039;une ordonnance de protection dans les cas de violence \u00e0 caract\u00e8re sexiste, qui peut la demander et comment agir, \u00e9tape par \u00e9tape, avec l&#039;aide de notre \u00e9quipe \u00e0 Barcelone.\" \/>\n<meta property=\"og:url\" content=\"https:\/\/martinezcaballeroabogados.com\/fr\/ordonnance-de-protection-dans-les-procedures-de-violence-domestique-quest-ce-que-cest-et-comment-la-demander\/\" \/>\n<meta property=\"og:site_name\" content=\"Martinez Caballero Abogados\" \/>\n<meta property=\"article:publisher\" content=\"https:\/\/www.facebook.com\/martinezcaballeroabogados\/\" \/>\n<meta property=\"article:published_time\" content=\"2025-11-19T19:04:30+00:00\" \/>\n<meta property=\"article:modified_time\" content=\"2025-12-09T11:19:05+00:00\" \/>\n<meta property=\"og:image\" content=\"https:\/\/martinezcaballeroabogados.com\/wp-content\/uploads\/2025\/11\/orden-proteccion-procedimiento-violencia-genero.webp\" \/>\n\t<meta property=\"og:image:width\" content=\"1420\" \/>\n\t<meta property=\"og:image:height\" content=\"942\" \/>\n\t<meta property=\"og:image:type\" content=\"image\/webp\" \/>\n<meta name=\"author\" content=\"martinez-admin\" \/>\n<meta name=\"twitter:card\" content=\"summary_large_image\" \/>\n<meta name=\"twitter:creator\" content=\"@MC_abogados_\" \/>\n<meta name=\"twitter:site\" content=\"@MC_abogados_\" \/>\n<meta name=\"twitter:label1\" content=\"\u00c9crit par\" \/>\n\t<meta name=\"twitter:data1\" content=\"martinez-admin\" \/>\n\t<meta name=\"twitter:label2\" content=\"Dur\u00e9e de lecture estim\u00e9e\" \/>\n\t<meta name=\"twitter:data2\" content=\"4 minutes\" \/>\n<script type=\"application\/ld+json\" class=\"yoast-schema-graph\">{\"@context\":\"https:\/\/schema.org\",\"@graph\":[{\"@type\":\"Article\",\"@id\":\"https:\/\/martinezcaballeroabogados.com\/fr\/ordonnance-de-protection-dans-les-procedures-de-violence-domestique-quest-ce-que-cest-et-comment-la-demander\/#article\",\"isPartOf\":{\"@id\":\"https:\/\/martinezcaballeroabogados.com\/fr\/ordonnance-de-protection-dans-les-procedures-de-violence-domestique-quest-ce-que-cest-et-comment-la-demander\/\"},\"author\":{\"name\":\"martinez-admin\",\"@id\":\"https:\/\/martinezcaballeroabogados.com\/fr\/#\/schema\/person\/ee5a2bfe30c40c7af67cac2f7f0836d3\"},\"headline\":\"Ordonnance de protection dans les proc\u00e9dures de violence domestique : qu&rsquo;est-ce que c&rsquo;est et comment la demander ?\",\"datePublished\":\"2025-11-19T19:04:30+00:00\",\"dateModified\":\"2025-12-09T11:19:05+00:00\",\"mainEntityOfPage\":{\"@id\":\"https:\/\/martinezcaballeroabogados.com\/fr\/ordonnance-de-protection-dans-les-procedures-de-violence-domestique-quest-ce-que-cest-et-comment-la-demander\/\"},\"wordCount\":871,\"publisher\":{\"@id\":\"https:\/\/martinezcaballeroabogados.com\/fr\/#organization\"},\"image\":{\"@id\":\"https:\/\/martinezcaballeroabogados.com\/fr\/ordonnance-de-protection-dans-les-procedures-de-violence-domestique-quest-ce-que-cest-et-comment-la-demander\/#primaryimage\"},\"thumbnailUrl\":\"https:\/\/martinezcaballeroabogados.com\/wp-content\/uploads\/2025\/11\/orden-proteccion-procedimiento-violencia-genero.webp\",\"articleSection\":[\"Droit de la famille\",\"Famille\",\"Violence domestique\",\"Violence fond\u00e9e sur le sexe\"],\"inLanguage\":\"fr-FR\"},{\"@type\":\"WebPage\",\"@id\":\"https:\/\/martinezcaballeroabogados.com\/fr\/ordonnance-de-protection-dans-les-procedures-de-violence-domestique-quest-ce-que-cest-et-comment-la-demander\/\",\"url\":\"https:\/\/martinezcaballeroabogados.com\/fr\/ordonnance-de-protection-dans-les-procedures-de-violence-domestique-quest-ce-que-cest-et-comment-la-demander\/\",\"name\":\"Ordonnance de protection contre la violence fond\u00e9e sur le sexe : ce qu'elle est et comment la demander -% Martinez Caballero Abogados% Martinez Caballero Abogados%%\",\"isPartOf\":{\"@id\":\"https:\/\/martinezcaballeroabogados.com\/fr\/#website\"},\"primaryImageOfPage\":{\"@id\":\"https:\/\/martinezcaballeroabogados.com\/fr\/ordonnance-de-protection-dans-les-procedures-de-violence-domestique-quest-ce-que-cest-et-comment-la-demander\/#primaryimage\"},\"image\":{\"@id\":\"https:\/\/martinezcaballeroabogados.com\/fr\/ordonnance-de-protection-dans-les-procedures-de-violence-domestique-quest-ce-que-cest-et-comment-la-demander\/#primaryimage\"},\"thumbnailUrl\":\"https:\/\/martinezcaballeroabogados.com\/wp-content\/uploads\/2025\/11\/orden-proteccion-procedimiento-violencia-genero.webp\",\"datePublished\":\"2025-11-19T19:04:30+00:00\",\"dateModified\":\"2025-12-09T11:19:05+00:00\",\"description\":\"Qu'est-ce qu'une ordonnance de protection dans les cas de violence \u00e0 caract\u00e8re sexiste, qui peut la demander et comment agir, \u00e9tape par \u00e9tape, avec l'aide de notre \u00e9quipe \u00e0 Barcelone.\",\"breadcrumb\":{\"@id\":\"https:\/\/martinezcaballeroabogados.com\/fr\/ordonnance-de-protection-dans-les-procedures-de-violence-domestique-quest-ce-que-cest-et-comment-la-demander\/#breadcrumb\"},\"inLanguage\":\"fr-FR\",\"potentialAction\":[{\"@type\":\"ReadAction\",\"target\":[\"https:\/\/martinezcaballeroabogados.com\/fr\/ordonnance-de-protection-dans-les-procedures-de-violence-domestique-quest-ce-que-cest-et-comment-la-demander\/\"]}]},{\"@type\":\"ImageObject\",\"inLanguage\":\"fr-FR\",\"@id\":\"https:\/\/martinezcaballeroabogados.com\/fr\/ordonnance-de-protection-dans-les-procedures-de-violence-domestique-quest-ce-que-cest-et-comment-la-demander\/#primaryimage\",\"url\":\"https:\/\/martinezcaballeroabogados.com\/wp-content\/uploads\/2025\/11\/orden-proteccion-procedimiento-violencia-genero.webp\",\"contentUrl\":\"https:\/\/martinezcaballeroabogados.com\/wp-content\/uploads\/2025\/11\/orden-proteccion-procedimiento-violencia-genero.webp\",\"width\":1420,\"height\":942,\"caption\":\"Mujer con una orden de protecci\u00f3n por violencia de g\u00e9nero\"},{\"@type\":\"BreadcrumbList\",\"@id\":\"https:\/\/martinezcaballeroabogados.com\/fr\/ordonnance-de-protection-dans-les-procedures-de-violence-domestique-quest-ce-que-cest-et-comment-la-demander\/#breadcrumb\",\"itemListElement\":[{\"@type\":\"ListItem\",\"position\":1,\"name\":\"Portada\",\"item\":\"https:\/\/martinezcaballeroabogados.com\/fr\/avocats-a-barcelone\/\"},{\"@type\":\"ListItem\",\"position\":2,\"name\":\"Ordonnance de protection dans les proc\u00e9dures de violence domestique : qu&rsquo;est-ce que c&rsquo;est et comment la demander ?\"}]},{\"@type\":\"WebSite\",\"@id\":\"https:\/\/martinezcaballeroabogados.com\/fr\/#website\",\"url\":\"https:\/\/martinezcaballeroabogados.com\/fr\/\",\"name\":\"Martinez & Caballero Abogados\",\"description\":\"Cabinets d'avocats g\u00e9n\u00e9ralistes \u00e0 Barcelone\",\"publisher\":{\"@id\":\"https:\/\/martinezcaballeroabogados.com\/fr\/#organization\"},\"potentialAction\":[{\"@type\":\"SearchAction\",\"target\":{\"@type\":\"EntryPoint\",\"urlTemplate\":\"https:\/\/martinezcaballeroabogados.com\/fr\/?s={search_term_string}\"},\"query-input\":{\"@type\":\"PropertyValueSpecification\",\"valueRequired\":true,\"valueName\":\"search_term_string\"}}],\"inLanguage\":\"fr-FR\"},{\"@type\":\"Organization\",\"@id\":\"https:\/\/martinezcaballeroabogados.com\/fr\/#organization\",\"name\":\"Martinez & Caballero Abogados\",\"url\":\"https:\/\/martinezcaballeroabogados.com\/fr\/\",\"logo\":{\"@type\":\"ImageObject\",\"inLanguage\":\"fr-FR\",\"@id\":\"https:\/\/martinezcaballeroabogados.com\/fr\/#\/schema\/logo\/image\/\",\"url\":\"https:\/\/martinezcaballeroabogados.com\/wp-content\/uploads\/2020\/02\/cropped-cropped-logo-mc-abogados-web-1-e1497812507401-1.png\",\"contentUrl\":\"https:\/\/martinezcaballeroabogados.com\/wp-content\/uploads\/2020\/02\/cropped-cropped-logo-mc-abogados-web-1-e1497812507401-1.png\",\"width\":300,\"height\":150,\"caption\":\"Martinez & Caballero Abogados\"},\"image\":{\"@id\":\"https:\/\/martinezcaballeroabogados.com\/fr\/#\/schema\/logo\/image\/\"},\"sameAs\":[\"https:\/\/www.facebook.com\/martinezcaballeroabogados\/\",\"https:\/\/x.com\/MC_abogados_\",\"https:\/\/www.instagram.com\/extranjeriabarcelonaabogados\/\"]},{\"@type\":\"Person\",\"@id\":\"https:\/\/martinezcaballeroabogados.com\/fr\/#\/schema\/person\/ee5a2bfe30c40c7af67cac2f7f0836d3\",\"name\":\"martinez-admin\",\"image\":{\"@type\":\"ImageObject\",\"inLanguage\":\"fr-FR\",\"@id\":\"https:\/\/martinezcaballeroabogados.com\/fr\/#\/schema\/person\/image\/\",\"url\":\"https:\/\/secure.gravatar.com\/avatar\/e75c4c04fb977670e5006b7e6fc3f34d?s=96&d=mm&r=g\",\"contentUrl\":\"https:\/\/secure.gravatar.com\/avatar\/e75c4c04fb977670e5006b7e6fc3f34d?s=96&d=mm&r=g\",\"caption\":\"martinez-admin\"}}]}<\/script>\n<!-- \/ Yoast SEO plugin. -->","yoast_head_json":{"title":"Ordonnance de protection contre la violence fond\u00e9e sur le sexe : ce qu'elle est et comment la demander -% Martinez Caballero Abogados% Martinez Caballero Abogados%%","description":"Qu'est-ce qu'une ordonnance de protection dans les cas de violence \u00e0 caract\u00e8re sexiste, qui peut la demander et comment agir, \u00e9tape par \u00e9tape, avec l'aide de notre \u00e9quipe \u00e0 Barcelone.","robots":{"index":"index","follow":"follow","max-snippet":"max-snippet:-1","max-image-preview":"max-image-preview:large","max-video-preview":"max-video-preview:-1"},"canonical":"https:\/\/martinezcaballeroabogados.com\/fr\/ordonnance-de-protection-dans-les-procedures-de-violence-domestique-quest-ce-que-cest-et-comment-la-demander\/","og_locale":"fr_FR","og_type":"article","og_title":"Ordonnance de protection contre la violence fond\u00e9e sur le sexe : ce qu'elle est et comment la demander -% Martinez Caballero Abogados% Martinez Caballero Abogados%%","og_description":"Qu'est-ce qu'une ordonnance de protection dans les cas de violence \u00e0 caract\u00e8re sexiste, qui peut la demander et comment agir, \u00e9tape par \u00e9tape, avec l'aide de notre \u00e9quipe \u00e0 Barcelone.","og_url":"https:\/\/martinezcaballeroabogados.com\/fr\/ordonnance-de-protection-dans-les-procedures-de-violence-domestique-quest-ce-que-cest-et-comment-la-demander\/","og_site_name":"Martinez Caballero Abogados","article_publisher":"https:\/\/www.facebook.com\/martinezcaballeroabogados\/","article_published_time":"2025-11-19T19:04:30+00:00","article_modified_time":"2025-12-09T11:19:05+00:00","og_image":[{"width":1420,"height":942,"url":"https:\/\/martinezcaballeroabogados.com\/wp-content\/uploads\/2025\/11\/orden-proteccion-procedimiento-violencia-genero.webp","type":"image\/webp"}],"author":"martinez-admin","twitter_card":"summary_large_image","twitter_creator":"@MC_abogados_","twitter_site":"@MC_abogados_","twitter_misc":{"\u00c9crit par":"martinez-admin","Dur\u00e9e de lecture estim\u00e9e":"4 minutes"},"schema":{"@context":"https:\/\/schema.org","@graph":[{"@type":"Article","@id":"https:\/\/martinezcaballeroabogados.com\/fr\/ordonnance-de-protection-dans-les-procedures-de-violence-domestique-quest-ce-que-cest-et-comment-la-demander\/#article","isPartOf":{"@id":"https:\/\/martinezcaballeroabogados.com\/fr\/ordonnance-de-protection-dans-les-procedures-de-violence-domestique-quest-ce-que-cest-et-comment-la-demander\/"},"author":{"name":"martinez-admin","@id":"https:\/\/martinezcaballeroabogados.com\/fr\/#\/schema\/person\/ee5a2bfe30c40c7af67cac2f7f0836d3"},"headline":"Ordonnance de protection dans les proc\u00e9dures de violence domestique : qu&rsquo;est-ce que c&rsquo;est et comment la demander ?","datePublished":"2025-11-19T19:04:30+00:00","dateModified":"2025-12-09T11:19:05+00:00","mainEntityOfPage":{"@id":"https:\/\/martinezcaballeroabogados.com\/fr\/ordonnance-de-protection-dans-les-procedures-de-violence-domestique-quest-ce-que-cest-et-comment-la-demander\/"},"wordCount":871,"publisher":{"@id":"https:\/\/martinezcaballeroabogados.com\/fr\/#organization"},"image":{"@id":"https:\/\/martinezcaballeroabogados.com\/fr\/ordonnance-de-protection-dans-les-procedures-de-violence-domestique-quest-ce-que-cest-et-comment-la-demander\/#primaryimage"},"thumbnailUrl":"https:\/\/martinezcaballeroabogados.com\/wp-content\/uploads\/2025\/11\/orden-proteccion-procedimiento-violencia-genero.webp","articleSection":["Droit de la famille","Famille","Violence domestique","Violence fond\u00e9e sur le sexe"],"inLanguage":"fr-FR"},{"@type":"WebPage","@id":"https:\/\/martinezcaballeroabogados.com\/fr\/ordonnance-de-protection-dans-les-procedures-de-violence-domestique-quest-ce-que-cest-et-comment-la-demander\/","url":"https:\/\/martinezcaballeroabogados.com\/fr\/ordonnance-de-protection-dans-les-procedures-de-violence-domestique-quest-ce-que-cest-et-comment-la-demander\/","name":"Ordonnance de protection contre la violence fond\u00e9e sur le sexe : ce qu'elle est et comment la demander -% Martinez Caballero Abogados% Martinez Caballero Abogados%%","isPartOf":{"@id":"https:\/\/martinezcaballeroabogados.com\/fr\/#website"},"primaryImageOfPage":{"@id":"https:\/\/martinezcaballeroabogados.com\/fr\/ordonnance-de-protection-dans-les-procedures-de-violence-domestique-quest-ce-que-cest-et-comment-la-demander\/#primaryimage"},"image":{"@id":"https:\/\/martinezcaballeroabogados.com\/fr\/ordonnance-de-protection-dans-les-procedures-de-violence-domestique-quest-ce-que-cest-et-comment-la-demander\/#primaryimage"},"thumbnailUrl":"https:\/\/martinezcaballeroabogados.com\/wp-content\/uploads\/2025\/11\/orden-proteccion-procedimiento-violencia-genero.webp","datePublished":"2025-11-19T19:04:30+00:00","dateModified":"2025-12-09T11:19:05+00:00","description":"Qu'est-ce qu'une ordonnance de protection dans les cas de violence \u00e0 caract\u00e8re sexiste, qui peut la demander et comment agir, \u00e9tape par \u00e9tape, avec l'aide de notre \u00e9quipe \u00e0 Barcelone.","breadcrumb":{"@id":"https:\/\/martinezcaballeroabogados.com\/fr\/ordonnance-de-protection-dans-les-procedures-de-violence-domestique-quest-ce-que-cest-et-comment-la-demander\/#breadcrumb"},"inLanguage":"fr-FR","potentialAction":[{"@type":"ReadAction","target":["https:\/\/martinezcaballeroabogados.com\/fr\/ordonnance-de-protection-dans-les-procedures-de-violence-domestique-quest-ce-que-cest-et-comment-la-demander\/"]}]},{"@type":"ImageObject","inLanguage":"fr-FR","@id":"https:\/\/martinezcaballeroabogados.com\/fr\/ordonnance-de-protection-dans-les-procedures-de-violence-domestique-quest-ce-que-cest-et-comment-la-demander\/#primaryimage","url":"https:\/\/martinezcaballeroabogados.com\/wp-content\/uploads\/2025\/11\/orden-proteccion-procedimiento-violencia-genero.webp","contentUrl":"https:\/\/martinezcaballeroabogados.com\/wp-content\/uploads\/2025\/11\/orden-proteccion-procedimiento-violencia-genero.webp","width":1420,"height":942,"caption":"Mujer con una orden de protecci\u00f3n por violencia de g\u00e9nero"},{"@type":"BreadcrumbList","@id":"https:\/\/martinezcaballeroabogados.com\/fr\/ordonnance-de-protection-dans-les-procedures-de-violence-domestique-quest-ce-que-cest-et-comment-la-demander\/#breadcrumb","itemListElement":[{"@type":"ListItem","position":1,"name":"Portada","item":"https:\/\/martinezcaballeroabogados.com\/fr\/avocats-a-barcelone\/"},{"@type":"ListItem","position":2,"name":"Ordonnance de protection dans les proc\u00e9dures de violence domestique : qu&rsquo;est-ce que c&rsquo;est et comment la demander ?"}]},{"@type":"WebSite","@id":"https:\/\/martinezcaballeroabogados.com\/fr\/#website","url":"https:\/\/martinezcaballeroabogados.com\/fr\/","name":"Martinez & Caballero Abogados","description":"Cabinets d'avocats g\u00e9n\u00e9ralistes \u00e0 Barcelone","publisher":{"@id":"https:\/\/martinezcaballeroabogados.com\/fr\/#organization"},"potentialAction":[{"@type":"SearchAction","target":{"@type":"EntryPoint","urlTemplate":"https:\/\/martinezcaballeroabogados.com\/fr\/?s={search_term_string}"},"query-input":{"@type":"PropertyValueSpecification","valueRequired":true,"valueName":"search_term_string"}}],"inLanguage":"fr-FR"},{"@type":"Organization","@id":"https:\/\/martinezcaballeroabogados.com\/fr\/#organization","name":"Martinez & Caballero Abogados","url":"https:\/\/martinezcaballeroabogados.com\/fr\/","logo":{"@type":"ImageObject","inLanguage":"fr-FR","@id":"https:\/\/martinezcaballeroabogados.com\/fr\/#\/schema\/logo\/image\/","url":"https:\/\/martinezcaballeroabogados.com\/wp-content\/uploads\/2020\/02\/cropped-cropped-logo-mc-abogados-web-1-e1497812507401-1.png","contentUrl":"https:\/\/martinezcaballeroabogados.com\/wp-content\/uploads\/2020\/02\/cropped-cropped-logo-mc-abogados-web-1-e1497812507401-1.png","width":300,"height":150,"caption":"Martinez & Caballero Abogados"},"image":{"@id":"https:\/\/martinezcaballeroabogados.com\/fr\/#\/schema\/logo\/image\/"},"sameAs":["https:\/\/www.facebook.com\/martinezcaballeroabogados\/","https:\/\/x.com\/MC_abogados_","https:\/\/www.instagram.com\/extranjeriabarcelonaabogados\/"]},{"@type":"Person","@id":"https:\/\/martinezcaballeroabogados.com\/fr\/#\/schema\/person\/ee5a2bfe30c40c7af67cac2f7f0836d3","name":"martinez-admin","image":{"@type":"ImageObject","inLanguage":"fr-FR","@id":"https:\/\/martinezcaballeroabogados.com\/fr\/#\/schema\/person\/image\/","url":"https:\/\/secure.gravatar.com\/avatar\/e75c4c04fb977670e5006b7e6fc3f34d?s=96&d=mm&r=g","contentUrl":"https:\/\/secure.gravatar.com\/avatar\/e75c4c04fb977670e5006b7e6fc3f34d?s=96&d=mm&r=g","caption":"martinez-admin"}}]}},"_links":{"self":[{"href":"https:\/\/martinezcaballeroabogados.com\/fr\/wp-json\/wp\/v2\/posts\/23876","targetHints":{"allow":["GET"]}}],"collection":[{"href":"https:\/\/martinezcaballeroabogados.com\/fr\/wp-json\/wp\/v2\/posts"}],"about":[{"href":"https:\/\/martinezcaballeroabogados.com\/fr\/wp-json\/wp\/v2\/types\/post"}],"author":[{"embeddable":true,"href":"https:\/\/martinezcaballeroabogados.com\/fr\/wp-json\/wp\/v2\/users\/1"}],"replies":[{"embeddable":true,"href":"https:\/\/martinezcaballeroabogados.com\/fr\/wp-json\/wp\/v2\/comments?post=23876"}],"version-history":[{"count":2,"href":"https:\/\/martinezcaballeroabogados.com\/fr\/wp-json\/wp\/v2\/posts\/23876\/revisions"}],"predecessor-version":[{"id":23939,"href":"https:\/\/martinezcaballeroabogados.com\/fr\/wp-json\/wp\/v2\/posts\/23876\/revisions\/23939"}],"wp:featuredmedia":[{"embeddable":true,"href":"https:\/\/martinezcaballeroabogados.com\/fr\/wp-json\/wp\/v2\/media\/23826"}],"wp:attachment":[{"href":"https:\/\/martinezcaballeroabogados.com\/fr\/wp-json\/wp\/v2\/media?parent=23876"}],"wp:term":[{"taxonomy":"category","embeddable":true,"href":"https:\/\/martinezcaballeroabogados.com\/fr\/wp-json\/wp\/v2\/categories?post=23876"},{"taxonomy":"post_tag","embeddable":true,"href":"https:\/\/martinezcaballeroabogados.com\/fr\/wp-json\/wp\/v2\/tags?post=23876"}],"curies":[{"name":"wp","href":"https:\/\/api.w.org\/{rel}","templated":true}]}}