{"id":10112,"date":"2020-11-07T18:00:00","date_gmt":"2020-11-07T18:00:00","guid":{"rendered":"https:\/\/martinezcaballeroabogados.com\/la-garde-et-le-droit-de-visite-en-periode-de-coronavirus-lacces-parental-dans-differentes-provinces\/"},"modified":"2022-12-28T17:33:15","modified_gmt":"2022-12-28T17:33:15","slug":"la-garde-et-le-droit-de-visite-en-periode-de-coronavirus-lacces-parental-dans-differentes-provinces","status":"publish","type":"post","link":"https:\/\/martinezcaballeroabogados.com\/fr\/la-garde-et-le-droit-de-visite-en-periode-de-coronavirus-lacces-parental-dans-differentes-provinces\/","title":{"rendered":"LA GARDE ET LE DROIT DE VISITE EN P\u00c9RIODE DE CORONAVIRUS. L&rsquo;ACC\u00c8S PARENTAL DANS DIFF\u00c9RENTES PROVINCES"},"content":{"rendered":"<p align=\"JUSTIFY\">La situation que nous vivons avec le coronavirus nous change et affecte jour apr\u00e8s jour le d\u00e9roulement normal de nos vies. Il y a quelques semaines, le pr\u00e9sident par int\u00e9rim de la Generalitat, Pere Aragon\u00e8s, a accept\u00e9 la fermeture du p\u00e9rim\u00e8tre de la Catalogne pour une p\u00e9riode de 15 jours, ainsi que le confinement municipal les week-ends.<\/p>\n<p align=\"JUSTIFY\"><strong>Comment cela affecte-t-il les familles dont les parents vivent dans des provinces diff\u00e9rentes ?<\/strong><\/p>\n<p><strong>  Le non-respect des modalit\u00e9s de visite \u00e9tablies par d\u00e9cision de justice est-il justifi\u00e9 ?<\/strong>  La r\u00e9ponse est non.<\/p>\n<p align=\"JUSTIFY\">Le fait que l&rsquo;on nous conseille de rester \u00e0 la maison pour notre propre s\u00e9curit\u00e9 doit s&rsquo;accompagner du respect des modalit\u00e9s de visite \u00e9tablies par une d\u00e9cision de justice, surtout lorsque les parents vivent dans des provinces diff\u00e9rentes. Le fait de ne pas se conformer au jugement n&rsquo;est pas justifi\u00e9.  <\/p>\n<p align=\"JUSTIFY\">Par cons\u00e9quent, les \u00e9changes d&rsquo;enfants avec l&rsquo;autre parent doivent toujours avoir lieu. Les dispositions convenues en mati\u00e8re de garde et de visites doivent \u00eatre respect\u00e9es. Lors de ces \u00e9changes, il est important de justifier la raison du d\u00e9placement du parent qui a les enfants vers le domicile de l&rsquo;autre parent.  <\/p>\n<p align=\"JUSTIFY\">Dans ce cas, nous vous recommandons de fournir les documents suivants pour justifier votre voyage :<\/p>\n<ol>\n<li>\n<p align=\"JUSTIFY\">Certificat d&rsquo;auto-responsabilit\u00e9 pour les voyages vers et depuis la Catalogne en raison de la crise sanitaire par COVID-19.<\/p>\n<\/li>\n<li>\n<p align=\"JUSTIFY\">Avoir sur soi une copie imprim\u00e9e du jugement et de l&rsquo;accord \u00e9tablissant les modalit\u00e9s de visite.  <\/p>\n<\/li>\n<\/ol>\n<p align=\"JUSTIFY\">\u00c0 cet effet, chez Mart\u00ednez &amp; Caballero Abogados, nous vous recommandons de toujours respecter le r\u00e9gime de visite \u00e9tabli, en justifiant le voyage pour l&rsquo;accomplissement effectif dudit r\u00e9gime, avec la documentation pr\u00e9vue \u00e0 cet effet.<\/p>\n<p align=\"JUSTIFY\">\n<p align=\"JUSTIFY\"><b style=\"font-family: 'Arial Narrow', sans-serif; font-size: large;\">Anna <\/b><b>Nicolas <\/b><b style=\"font-family: 'Arial Narrow', sans-serif; font-size: large;\">Tor\u00e1n<\/b><\/p>\n<p align=\"JUSTIFY\"><i>Avocat sp\u00e9cialis\u00e9 en droit de la famille de Mart\u00ednez &amp; Caballero Abogados<\/i><\/p>\n","protected":false},"excerpt":{"rendered":"<p>La situation que nous vivons avec le coronavirus nous change et affecte jour apr\u00e8s jour le d\u00e9roulement normal de nos vies. Il y a quelques semaines, le pr\u00e9sident par int\u00e9rim de la Generalitat, Pere Aragon\u00e8s, a accept\u00e9 la fermeture du p\u00e9rim\u00e8tre de la Catalogne pour une p\u00e9riode de 15 jours, ainsi que le confinement municipal les week-ends. Comment cela affecte-t-il les familles dont les parents vivent dans des provinces diff\u00e9rentes ? Le non-respect des modalit\u00e9s de visite \u00e9tablies par d\u00e9cision&hellip;<\/p>\n","protected":false},"author":1,"featured_media":8166,"comment_status":"closed","ping_status":"open","sticky":false,"template":"","format":"standard","meta":{"_monsterinsights_skip_tracking":false,"_monsterinsights_sitenote_active":false,"_monsterinsights_sitenote_note":"","_monsterinsights_sitenote_category":0,"_joinchat":[],"footnotes":""},"categories":[396,408,416,402,410,411,415],"tags":[],"class_list":["post-10112","post","type-post","status-publish","format-standard","has-post-thumbnail","hentry","category-actualites-et-affaires-courantes","category-autorisation","category-certificat-denregistrement","category-coronavirus-fr","category-droit-de-la-famille","category-famille","category-mineurs"],"yoast_head":"<!-- This site is optimized with the Yoast SEO plugin v26.8 - https:\/\/yoast.com\/product\/yoast-seo-wordpress\/ -->\n<title>LA GARDE ET LE DROIT DE VISITE EN P\u00c9RIODE DE CORONAVIRUS. L&#039;ACC\u00c8S PARENTAL DANS DIFF\u00c9RENTES PROVINCES - Martinez Caballero Abogados<\/title>\n<meta name=\"robots\" content=\"index, follow, max-snippet:-1, max-image-preview:large, max-video-preview:-1\" \/>\n<link rel=\"canonical\" href=\"https:\/\/martinezcaballeroabogados.com\/fr\/la-garde-et-le-droit-de-visite-en-periode-de-coronavirus-lacces-parental-dans-differentes-provinces\/\" \/>\n<meta property=\"og:locale\" content=\"fr_FR\" \/>\n<meta property=\"og:type\" content=\"article\" \/>\n<meta property=\"og:title\" content=\"LA GARDE ET LE DROIT DE VISITE EN P\u00c9RIODE DE CORONAVIRUS. L&#039;ACC\u00c8S PARENTAL DANS DIFF\u00c9RENTES PROVINCES - Martinez Caballero Abogados\" \/>\n<meta property=\"og:description\" content=\"La situation que nous vivons avec le coronavirus nous change et affecte jour apr\u00e8s jour le d\u00e9roulement normal de nos vies. Il y a quelques semaines, le pr\u00e9sident par int\u00e9rim de la Generalitat, Pere Aragon\u00e8s, a accept\u00e9 la fermeture du p\u00e9rim\u00e8tre de la Catalogne pour une p\u00e9riode de 15 jours, ainsi que le confinement municipal les week-ends. Comment cela affecte-t-il les familles dont les parents vivent dans des provinces diff\u00e9rentes ? Le non-respect des modalit\u00e9s de visite \u00e9tablies par d\u00e9cision&hellip;\" \/>\n<meta property=\"og:url\" content=\"https:\/\/martinezcaballeroabogados.com\/fr\/la-garde-et-le-droit-de-visite-en-periode-de-coronavirus-lacces-parental-dans-differentes-provinces\/\" \/>\n<meta property=\"og:site_name\" content=\"Martinez Caballero Abogados\" \/>\n<meta property=\"article:publisher\" content=\"https:\/\/www.facebook.com\/martinezcaballeroabogados\/\" \/>\n<meta property=\"article:published_time\" content=\"2020-11-07T18:00:00+00:00\" \/>\n<meta property=\"article:modified_time\" content=\"2022-12-28T17:33:15+00:00\" \/>\n<meta property=\"og:image\" content=\"https:\/\/martinezcaballeroabogados.com\/wp-content\/uploads\/2020\/11\/custodia-y-visitas-en-tiempo-de-coronavirus.webp\" \/>\n\t<meta property=\"og:image:width\" content=\"1980\" \/>\n\t<meta property=\"og:image:height\" content=\"1322\" \/>\n\t<meta property=\"og:image:type\" content=\"image\/webp\" \/>\n<meta name=\"author\" content=\"martinez-admin\" \/>\n<meta name=\"twitter:card\" content=\"summary_large_image\" \/>\n<meta name=\"twitter:creator\" content=\"@MC_abogados_\" \/>\n<meta name=\"twitter:site\" content=\"@MC_abogados_\" \/>\n<meta name=\"twitter:label1\" content=\"\u00c9crit par\" \/>\n\t<meta name=\"twitter:data1\" content=\"martinez-admin\" \/>\n\t<meta name=\"twitter:label2\" content=\"Dur\u00e9e de lecture estim\u00e9e\" \/>\n\t<meta name=\"twitter:data2\" content=\"2 minutes\" \/>\n<script type=\"application\/ld+json\" class=\"yoast-schema-graph\">{\"@context\":\"https:\/\/schema.org\",\"@graph\":[{\"@type\":\"Article\",\"@id\":\"https:\/\/martinezcaballeroabogados.com\/fr\/la-garde-et-le-droit-de-visite-en-periode-de-coronavirus-lacces-parental-dans-differentes-provinces\/#article\",\"isPartOf\":{\"@id\":\"https:\/\/martinezcaballeroabogados.com\/fr\/la-garde-et-le-droit-de-visite-en-periode-de-coronavirus-lacces-parental-dans-differentes-provinces\/\"},\"author\":{\"name\":\"martinez-admin\",\"@id\":\"https:\/\/martinezcaballeroabogados.com\/fr\/#\/schema\/person\/ee5a2bfe30c40c7af67cac2f7f0836d3\"},\"headline\":\"LA GARDE ET LE DROIT DE VISITE EN P\u00c9RIODE DE CORONAVIRUS. L&rsquo;ACC\u00c8S PARENTAL DANS DIFF\u00c9RENTES PROVINCES\",\"datePublished\":\"2020-11-07T18:00:00+00:00\",\"dateModified\":\"2022-12-28T17:33:15+00:00\",\"mainEntityOfPage\":{\"@id\":\"https:\/\/martinezcaballeroabogados.com\/fr\/la-garde-et-le-droit-de-visite-en-periode-de-coronavirus-lacces-parental-dans-differentes-provinces\/\"},\"wordCount\":330,\"publisher\":{\"@id\":\"https:\/\/martinezcaballeroabogados.com\/fr\/#organization\"},\"image\":{\"@id\":\"https:\/\/martinezcaballeroabogados.com\/fr\/la-garde-et-le-droit-de-visite-en-periode-de-coronavirus-lacces-parental-dans-differentes-provinces\/#primaryimage\"},\"thumbnailUrl\":\"https:\/\/martinezcaballeroabogados.com\/wp-content\/uploads\/2020\/11\/custodia-y-visitas-en-tiempo-de-coronavirus.webp\",\"articleSection\":[\"Actualit\u00e9s et affaires courantes\",\"Autorisation\",\"Certificat d'enregistrement\",\"Coronavirus\",\"Droit de la famille\",\"Famille\",\"Mineurs\"],\"inLanguage\":\"fr-FR\"},{\"@type\":\"WebPage\",\"@id\":\"https:\/\/martinezcaballeroabogados.com\/fr\/la-garde-et-le-droit-de-visite-en-periode-de-coronavirus-lacces-parental-dans-differentes-provinces\/\",\"url\":\"https:\/\/martinezcaballeroabogados.com\/fr\/la-garde-et-le-droit-de-visite-en-periode-de-coronavirus-lacces-parental-dans-differentes-provinces\/\",\"name\":\"LA GARDE ET LE DROIT DE VISITE EN P\u00c9RIODE DE CORONAVIRUS. L'ACC\u00c8S PARENTAL DANS DIFF\u00c9RENTES PROVINCES - Martinez Caballero Abogados\",\"isPartOf\":{\"@id\":\"https:\/\/martinezcaballeroabogados.com\/fr\/#website\"},\"primaryImageOfPage\":{\"@id\":\"https:\/\/martinezcaballeroabogados.com\/fr\/la-garde-et-le-droit-de-visite-en-periode-de-coronavirus-lacces-parental-dans-differentes-provinces\/#primaryimage\"},\"image\":{\"@id\":\"https:\/\/martinezcaballeroabogados.com\/fr\/la-garde-et-le-droit-de-visite-en-periode-de-coronavirus-lacces-parental-dans-differentes-provinces\/#primaryimage\"},\"thumbnailUrl\":\"https:\/\/martinezcaballeroabogados.com\/wp-content\/uploads\/2020\/11\/custodia-y-visitas-en-tiempo-de-coronavirus.webp\",\"datePublished\":\"2020-11-07T18:00:00+00:00\",\"dateModified\":\"2022-12-28T17:33:15+00:00\",\"breadcrumb\":{\"@id\":\"https:\/\/martinezcaballeroabogados.com\/fr\/la-garde-et-le-droit-de-visite-en-periode-de-coronavirus-lacces-parental-dans-differentes-provinces\/#breadcrumb\"},\"inLanguage\":\"fr-FR\",\"potentialAction\":[{\"@type\":\"ReadAction\",\"target\":[\"https:\/\/martinezcaballeroabogados.com\/fr\/la-garde-et-le-droit-de-visite-en-periode-de-coronavirus-lacces-parental-dans-differentes-provinces\/\"]}]},{\"@type\":\"ImageObject\",\"inLanguage\":\"fr-FR\",\"@id\":\"https:\/\/martinezcaballeroabogados.com\/fr\/la-garde-et-le-droit-de-visite-en-periode-de-coronavirus-lacces-parental-dans-differentes-provinces\/#primaryimage\",\"url\":\"https:\/\/martinezcaballeroabogados.com\/wp-content\/uploads\/2020\/11\/custodia-y-visitas-en-tiempo-de-coronavirus.webp\",\"contentUrl\":\"https:\/\/martinezcaballeroabogados.com\/wp-content\/uploads\/2020\/11\/custodia-y-visitas-en-tiempo-de-coronavirus.webp\",\"width\":1980,\"height\":1322,\"caption\":\"Familia unida mirando informaci\u00f3n en una tablet\"},{\"@type\":\"BreadcrumbList\",\"@id\":\"https:\/\/martinezcaballeroabogados.com\/fr\/la-garde-et-le-droit-de-visite-en-periode-de-coronavirus-lacces-parental-dans-differentes-provinces\/#breadcrumb\",\"itemListElement\":[{\"@type\":\"ListItem\",\"position\":1,\"name\":\"Portada\",\"item\":\"https:\/\/martinezcaballeroabogados.com\/fr\/avocats-a-barcelone\/\"},{\"@type\":\"ListItem\",\"position\":2,\"name\":\"LA GARDE ET LE DROIT DE VISITE EN P\u00c9RIODE DE CORONAVIRUS. L&rsquo;ACC\u00c8S PARENTAL DANS DIFF\u00c9RENTES PROVINCES\"}]},{\"@type\":\"WebSite\",\"@id\":\"https:\/\/martinezcaballeroabogados.com\/fr\/#website\",\"url\":\"https:\/\/martinezcaballeroabogados.com\/fr\/\",\"name\":\"Martinez & Caballero Abogados\",\"description\":\"Cabinets d'avocats g\u00e9n\u00e9ralistes \u00e0 Barcelone\",\"publisher\":{\"@id\":\"https:\/\/martinezcaballeroabogados.com\/fr\/#organization\"},\"potentialAction\":[{\"@type\":\"SearchAction\",\"target\":{\"@type\":\"EntryPoint\",\"urlTemplate\":\"https:\/\/martinezcaballeroabogados.com\/fr\/?s={search_term_string}\"},\"query-input\":{\"@type\":\"PropertyValueSpecification\",\"valueRequired\":true,\"valueName\":\"search_term_string\"}}],\"inLanguage\":\"fr-FR\"},{\"@type\":\"Organization\",\"@id\":\"https:\/\/martinezcaballeroabogados.com\/fr\/#organization\",\"name\":\"Martinez & Caballero Abogados\",\"url\":\"https:\/\/martinezcaballeroabogados.com\/fr\/\",\"logo\":{\"@type\":\"ImageObject\",\"inLanguage\":\"fr-FR\",\"@id\":\"https:\/\/martinezcaballeroabogados.com\/fr\/#\/schema\/logo\/image\/\",\"url\":\"https:\/\/martinezcaballeroabogados.com\/wp-content\/uploads\/2020\/02\/cropped-cropped-logo-mc-abogados-web-1-e1497812507401-1.png\",\"contentUrl\":\"https:\/\/martinezcaballeroabogados.com\/wp-content\/uploads\/2020\/02\/cropped-cropped-logo-mc-abogados-web-1-e1497812507401-1.png\",\"width\":300,\"height\":150,\"caption\":\"Martinez & Caballero Abogados\"},\"image\":{\"@id\":\"https:\/\/martinezcaballeroabogados.com\/fr\/#\/schema\/logo\/image\/\"},\"sameAs\":[\"https:\/\/www.facebook.com\/martinezcaballeroabogados\/\",\"https:\/\/x.com\/MC_abogados_\",\"https:\/\/www.instagram.com\/extranjeriabarcelonaabogados\/\"]},{\"@type\":\"Person\",\"@id\":\"https:\/\/martinezcaballeroabogados.com\/fr\/#\/schema\/person\/ee5a2bfe30c40c7af67cac2f7f0836d3\",\"name\":\"martinez-admin\",\"image\":{\"@type\":\"ImageObject\",\"inLanguage\":\"fr-FR\",\"@id\":\"https:\/\/martinezcaballeroabogados.com\/fr\/#\/schema\/person\/image\/\",\"url\":\"https:\/\/secure.gravatar.com\/avatar\/e75c4c04fb977670e5006b7e6fc3f34d?s=96&d=mm&r=g\",\"contentUrl\":\"https:\/\/secure.gravatar.com\/avatar\/e75c4c04fb977670e5006b7e6fc3f34d?s=96&d=mm&r=g\",\"caption\":\"martinez-admin\"}}]}<\/script>\n<!-- \/ Yoast SEO plugin. -->","yoast_head_json":{"title":"LA GARDE ET LE DROIT DE VISITE EN P\u00c9RIODE DE CORONAVIRUS. L'ACC\u00c8S PARENTAL DANS DIFF\u00c9RENTES PROVINCES - Martinez Caballero Abogados","robots":{"index":"index","follow":"follow","max-snippet":"max-snippet:-1","max-image-preview":"max-image-preview:large","max-video-preview":"max-video-preview:-1"},"canonical":"https:\/\/martinezcaballeroabogados.com\/fr\/la-garde-et-le-droit-de-visite-en-periode-de-coronavirus-lacces-parental-dans-differentes-provinces\/","og_locale":"fr_FR","og_type":"article","og_title":"LA GARDE ET LE DROIT DE VISITE EN P\u00c9RIODE DE CORONAVIRUS. L'ACC\u00c8S PARENTAL DANS DIFF\u00c9RENTES PROVINCES - Martinez Caballero Abogados","og_description":"La situation que nous vivons avec le coronavirus nous change et affecte jour apr\u00e8s jour le d\u00e9roulement normal de nos vies. Il y a quelques semaines, le pr\u00e9sident par int\u00e9rim de la Generalitat, Pere Aragon\u00e8s, a accept\u00e9 la fermeture du p\u00e9rim\u00e8tre de la Catalogne pour une p\u00e9riode de 15 jours, ainsi que le confinement municipal les week-ends. Comment cela affecte-t-il les familles dont les parents vivent dans des provinces diff\u00e9rentes ? Le non-respect des modalit\u00e9s de visite \u00e9tablies par d\u00e9cision&hellip;","og_url":"https:\/\/martinezcaballeroabogados.com\/fr\/la-garde-et-le-droit-de-visite-en-periode-de-coronavirus-lacces-parental-dans-differentes-provinces\/","og_site_name":"Martinez Caballero Abogados","article_publisher":"https:\/\/www.facebook.com\/martinezcaballeroabogados\/","article_published_time":"2020-11-07T18:00:00+00:00","article_modified_time":"2022-12-28T17:33:15+00:00","og_image":[{"width":1980,"height":1322,"url":"https:\/\/martinezcaballeroabogados.com\/wp-content\/uploads\/2020\/11\/custodia-y-visitas-en-tiempo-de-coronavirus.webp","type":"image\/webp"}],"author":"martinez-admin","twitter_card":"summary_large_image","twitter_creator":"@MC_abogados_","twitter_site":"@MC_abogados_","twitter_misc":{"\u00c9crit par":"martinez-admin","Dur\u00e9e de lecture estim\u00e9e":"2 minutes"},"schema":{"@context":"https:\/\/schema.org","@graph":[{"@type":"Article","@id":"https:\/\/martinezcaballeroabogados.com\/fr\/la-garde-et-le-droit-de-visite-en-periode-de-coronavirus-lacces-parental-dans-differentes-provinces\/#article","isPartOf":{"@id":"https:\/\/martinezcaballeroabogados.com\/fr\/la-garde-et-le-droit-de-visite-en-periode-de-coronavirus-lacces-parental-dans-differentes-provinces\/"},"author":{"name":"martinez-admin","@id":"https:\/\/martinezcaballeroabogados.com\/fr\/#\/schema\/person\/ee5a2bfe30c40c7af67cac2f7f0836d3"},"headline":"LA GARDE ET LE DROIT DE VISITE EN P\u00c9RIODE DE CORONAVIRUS. L&rsquo;ACC\u00c8S PARENTAL DANS DIFF\u00c9RENTES PROVINCES","datePublished":"2020-11-07T18:00:00+00:00","dateModified":"2022-12-28T17:33:15+00:00","mainEntityOfPage":{"@id":"https:\/\/martinezcaballeroabogados.com\/fr\/la-garde-et-le-droit-de-visite-en-periode-de-coronavirus-lacces-parental-dans-differentes-provinces\/"},"wordCount":330,"publisher":{"@id":"https:\/\/martinezcaballeroabogados.com\/fr\/#organization"},"image":{"@id":"https:\/\/martinezcaballeroabogados.com\/fr\/la-garde-et-le-droit-de-visite-en-periode-de-coronavirus-lacces-parental-dans-differentes-provinces\/#primaryimage"},"thumbnailUrl":"https:\/\/martinezcaballeroabogados.com\/wp-content\/uploads\/2020\/11\/custodia-y-visitas-en-tiempo-de-coronavirus.webp","articleSection":["Actualit\u00e9s et affaires courantes","Autorisation","Certificat d'enregistrement","Coronavirus","Droit de la famille","Famille","Mineurs"],"inLanguage":"fr-FR"},{"@type":"WebPage","@id":"https:\/\/martinezcaballeroabogados.com\/fr\/la-garde-et-le-droit-de-visite-en-periode-de-coronavirus-lacces-parental-dans-differentes-provinces\/","url":"https:\/\/martinezcaballeroabogados.com\/fr\/la-garde-et-le-droit-de-visite-en-periode-de-coronavirus-lacces-parental-dans-differentes-provinces\/","name":"LA GARDE ET LE DROIT DE VISITE EN P\u00c9RIODE DE CORONAVIRUS. L'ACC\u00c8S PARENTAL DANS DIFF\u00c9RENTES PROVINCES - Martinez Caballero Abogados","isPartOf":{"@id":"https:\/\/martinezcaballeroabogados.com\/fr\/#website"},"primaryImageOfPage":{"@id":"https:\/\/martinezcaballeroabogados.com\/fr\/la-garde-et-le-droit-de-visite-en-periode-de-coronavirus-lacces-parental-dans-differentes-provinces\/#primaryimage"},"image":{"@id":"https:\/\/martinezcaballeroabogados.com\/fr\/la-garde-et-le-droit-de-visite-en-periode-de-coronavirus-lacces-parental-dans-differentes-provinces\/#primaryimage"},"thumbnailUrl":"https:\/\/martinezcaballeroabogados.com\/wp-content\/uploads\/2020\/11\/custodia-y-visitas-en-tiempo-de-coronavirus.webp","datePublished":"2020-11-07T18:00:00+00:00","dateModified":"2022-12-28T17:33:15+00:00","breadcrumb":{"@id":"https:\/\/martinezcaballeroabogados.com\/fr\/la-garde-et-le-droit-de-visite-en-periode-de-coronavirus-lacces-parental-dans-differentes-provinces\/#breadcrumb"},"inLanguage":"fr-FR","potentialAction":[{"@type":"ReadAction","target":["https:\/\/martinezcaballeroabogados.com\/fr\/la-garde-et-le-droit-de-visite-en-periode-de-coronavirus-lacces-parental-dans-differentes-provinces\/"]}]},{"@type":"ImageObject","inLanguage":"fr-FR","@id":"https:\/\/martinezcaballeroabogados.com\/fr\/la-garde-et-le-droit-de-visite-en-periode-de-coronavirus-lacces-parental-dans-differentes-provinces\/#primaryimage","url":"https:\/\/martinezcaballeroabogados.com\/wp-content\/uploads\/2020\/11\/custodia-y-visitas-en-tiempo-de-coronavirus.webp","contentUrl":"https:\/\/martinezcaballeroabogados.com\/wp-content\/uploads\/2020\/11\/custodia-y-visitas-en-tiempo-de-coronavirus.webp","width":1980,"height":1322,"caption":"Familia unida mirando informaci\u00f3n en una tablet"},{"@type":"BreadcrumbList","@id":"https:\/\/martinezcaballeroabogados.com\/fr\/la-garde-et-le-droit-de-visite-en-periode-de-coronavirus-lacces-parental-dans-differentes-provinces\/#breadcrumb","itemListElement":[{"@type":"ListItem","position":1,"name":"Portada","item":"https:\/\/martinezcaballeroabogados.com\/fr\/avocats-a-barcelone\/"},{"@type":"ListItem","position":2,"name":"LA GARDE ET LE DROIT DE VISITE EN P\u00c9RIODE DE CORONAVIRUS. L&rsquo;ACC\u00c8S PARENTAL DANS DIFF\u00c9RENTES PROVINCES"}]},{"@type":"WebSite","@id":"https:\/\/martinezcaballeroabogados.com\/fr\/#website","url":"https:\/\/martinezcaballeroabogados.com\/fr\/","name":"Martinez & Caballero Abogados","description":"Cabinets d'avocats g\u00e9n\u00e9ralistes \u00e0 Barcelone","publisher":{"@id":"https:\/\/martinezcaballeroabogados.com\/fr\/#organization"},"potentialAction":[{"@type":"SearchAction","target":{"@type":"EntryPoint","urlTemplate":"https:\/\/martinezcaballeroabogados.com\/fr\/?s={search_term_string}"},"query-input":{"@type":"PropertyValueSpecification","valueRequired":true,"valueName":"search_term_string"}}],"inLanguage":"fr-FR"},{"@type":"Organization","@id":"https:\/\/martinezcaballeroabogados.com\/fr\/#organization","name":"Martinez & Caballero Abogados","url":"https:\/\/martinezcaballeroabogados.com\/fr\/","logo":{"@type":"ImageObject","inLanguage":"fr-FR","@id":"https:\/\/martinezcaballeroabogados.com\/fr\/#\/schema\/logo\/image\/","url":"https:\/\/martinezcaballeroabogados.com\/wp-content\/uploads\/2020\/02\/cropped-cropped-logo-mc-abogados-web-1-e1497812507401-1.png","contentUrl":"https:\/\/martinezcaballeroabogados.com\/wp-content\/uploads\/2020\/02\/cropped-cropped-logo-mc-abogados-web-1-e1497812507401-1.png","width":300,"height":150,"caption":"Martinez & Caballero Abogados"},"image":{"@id":"https:\/\/martinezcaballeroabogados.com\/fr\/#\/schema\/logo\/image\/"},"sameAs":["https:\/\/www.facebook.com\/martinezcaballeroabogados\/","https:\/\/x.com\/MC_abogados_","https:\/\/www.instagram.com\/extranjeriabarcelonaabogados\/"]},{"@type":"Person","@id":"https:\/\/martinezcaballeroabogados.com\/fr\/#\/schema\/person\/ee5a2bfe30c40c7af67cac2f7f0836d3","name":"martinez-admin","image":{"@type":"ImageObject","inLanguage":"fr-FR","@id":"https:\/\/martinezcaballeroabogados.com\/fr\/#\/schema\/person\/image\/","url":"https:\/\/secure.gravatar.com\/avatar\/e75c4c04fb977670e5006b7e6fc3f34d?s=96&d=mm&r=g","contentUrl":"https:\/\/secure.gravatar.com\/avatar\/e75c4c04fb977670e5006b7e6fc3f34d?s=96&d=mm&r=g","caption":"martinez-admin"}}]}},"_links":{"self":[{"href":"https:\/\/martinezcaballeroabogados.com\/fr\/wp-json\/wp\/v2\/posts\/10112","targetHints":{"allow":["GET"]}}],"collection":[{"href":"https:\/\/martinezcaballeroabogados.com\/fr\/wp-json\/wp\/v2\/posts"}],"about":[{"href":"https:\/\/martinezcaballeroabogados.com\/fr\/wp-json\/wp\/v2\/types\/post"}],"author":[{"embeddable":true,"href":"https:\/\/martinezcaballeroabogados.com\/fr\/wp-json\/wp\/v2\/users\/1"}],"replies":[{"embeddable":true,"href":"https:\/\/martinezcaballeroabogados.com\/fr\/wp-json\/wp\/v2\/comments?post=10112"}],"version-history":[{"count":1,"href":"https:\/\/martinezcaballeroabogados.com\/fr\/wp-json\/wp\/v2\/posts\/10112\/revisions"}],"predecessor-version":[{"id":10113,"href":"https:\/\/martinezcaballeroabogados.com\/fr\/wp-json\/wp\/v2\/posts\/10112\/revisions\/10113"}],"wp:featuredmedia":[{"embeddable":true,"href":"https:\/\/martinezcaballeroabogados.com\/fr\/wp-json\/wp\/v2\/media\/8166"}],"wp:attachment":[{"href":"https:\/\/martinezcaballeroabogados.com\/fr\/wp-json\/wp\/v2\/media?parent=10112"}],"wp:term":[{"taxonomy":"category","embeddable":true,"href":"https:\/\/martinezcaballeroabogados.com\/fr\/wp-json\/wp\/v2\/categories?post=10112"},{"taxonomy":"post_tag","embeddable":true,"href":"https:\/\/martinezcaballeroabogados.com\/fr\/wp-json\/wp\/v2\/tags?post=10112"}],"curies":[{"name":"wp","href":"https:\/\/api.w.org\/{rel}","templated":true}]}}