{"id":10106,"date":"2020-11-30T07:00:58","date_gmt":"2020-11-30T07:00:58","guid":{"rendered":"https:\/\/martinezcaballeroabogados.com\/evolution-du-trafic-pour-2021\/"},"modified":"2023-07-14T08:22:18","modified_gmt":"2023-07-14T08:22:18","slug":"evolution-du-trafic-pour-2021","status":"publish","type":"post","link":"https:\/\/martinezcaballeroabogados.com\/fr\/evolution-du-trafic-pour-2021\/","title":{"rendered":"\u00c9VOLUTION DU TRAFIC POUR 2021"},"content":{"rendered":"\t\t<div data-elementor-type=\"wp-post\" data-elementor-id=\"10106\" class=\"elementor elementor-10106 elementor-4028\" data-elementor-post-type=\"post\">\n\t\t\t\t\t\t<section class=\"elementor-section elementor-top-section elementor-element elementor-element-c0c2076 elementor-section-boxed elementor-section-height-default elementor-section-height-default\" data-id=\"c0c2076\" data-element_type=\"section\" data-e-type=\"section\">\n\t\t\t\t\t\t<div class=\"elementor-container elementor-column-gap-extended\">\n\t\t\t\t\t<div class=\"elementor-column elementor-col-100 elementor-top-column elementor-element elementor-element-17cd7baa sc_inner_width_none sc_layouts_column_icons_position_left\" data-id=\"17cd7baa\" data-element_type=\"column\" data-e-type=\"column\">\n\t\t\t<div class=\"elementor-widget-wrap elementor-element-populated\">\n\t\t\t\t\t\t<div class=\"elementor-element elementor-element-6df128cf sc_fly_static elementor-widget elementor-widget-text-editor\" data-id=\"6df128cf\" data-element_type=\"widget\" data-e-type=\"widget\" data-widget_type=\"text-editor.default\">\n\t\t\t\t<div class=\"elementor-widget-container\">\n\t\t\t\t\t\t\t\t\t<p dir=\"ltr\" style=\"line-height: 1.7999999999999998; text-align: justify; margin-top: 0pt; margin-bottom: 8pt;\"><span style=\"color: #000000;\">Un projet de loi a d\u00e9j\u00e0 \u00e9t\u00e9 approuv\u00e9, qui r\u00e9forme le texte r\u00e9vis\u00e9 de la loi sur la circulation, la circulation des v\u00e9hicules \u00e0 moteur et la s\u00e9curit\u00e9 routi\u00e8re pour tout ce qui concerne le permis de conduire et le permis \u00e0 points :<br \/><\/span><br \/><span style=\"color: #000000;\"><strong>Les changements les plus importants seront :<\/strong><br \/><\/span><br \/><strong><span style=\"color: #000000;\">QUELS CHANGEMENTS Y AURA-T-IL PAR RAPPORT AUX POINTS ?<\/span><\/strong><\/p>\n<p dir=\"ltr\" style=\"line-height: 1.7999999999999998; text-align: justify; margin-top: 0pt; margin-bottom: 8pt;\"><strong><span style=\"color: #000000;\">AUGMENTE LES POINTS :<\/span><\/strong><br \/><span style=\"color: #000000;\">o 3 \u00e0 6 \u00e0 soustraire pour la conduite avec un t\u00e9l\u00e9phone portable \u00e0 la main<\/span><br \/><span style=\"color: #000000;\">o 3 \u00e0 4 ans ne portant pas de ceinture de s\u00e9curit\u00e9, de casque ou de syst\u00e8me de retenue pour enfants.<\/span><\/p>\n<p dir=\"ltr\" style=\"line-height: 1.7999999999999998; text-align: justify; margin-top: 0pt; margin-bottom: 8pt;\"><span style=\"color: #000000;\"><strong>RECUP\u00c9RER 2 POINTS<\/strong> du permis pour l&rsquo;accomplissement des cours de conduite s\u00fbre certifi\u00e9s par la DGT.<\/span><\/p>\n<p dir=\"ltr\" style=\"line-height: 1.7999999999999998; text-align: justify; margin-top: 0pt; margin-bottom: 8pt;\"><span style=\"color: #000000;\"><strong>RECOUVREMENT DU SOLDE DE POINTS INITIAL<\/strong> la p\u00e9riode de temps qui doit s&rsquo;\u00e9couler sans commettre d&rsquo;infractions est unifi\u00e9e \u00e0 deux ans.<\/span><\/p>\n<p><strong><span style=\"color: #000000;\">COMMENT LA LIMITE DE VITESSE VA-T-ELLE CHANGER ?<\/span><\/strong><\/p>\n<p dir=\"ltr\" style=\"line-height: 1.7999999999999998; text-align: justify; margin-top: 0pt; margin-bottom: 8pt;\"><strong><span style=\"color: #000000;\">SPEED IN CITIES sera modifi\u00e9 :<\/span><\/strong><br \/><span style=\"color: #000000;\">o 30 km\/h sur les routes \u00e0 une voie dans chaque direction, <\/span><span style=\"color: #000000;\">o 50 km\/h sur les routes \u00e0 2 voies ou plus dans chaque direction, et <\/span><span style=\"color: #000000;\">o 20 km\/h sur les routes \u00e0 plate-forme \u00e0 chauss\u00e9e unique.<\/span><br \/><span style=\"color: #000000;\">Ces limites ne seront appliqu\u00e9es que six mois apr\u00e8s la publication de ce projet au Journal officiel de l&rsquo;\u00c9tat, afin de garantir que les citoyens en aient une connaissance ad\u00e9quate et que les administrations publiques disposent d&rsquo;un d\u00e9lai suffisant pour adapter la signalisation.<\/span><\/p>\n<p><strong><span style=\"color: #000000;\">COMMENT L&rsquo;UTILISATION DE MON SCOOTER, DE MON V\u00c9LO OU DE MON V\u00c9HICULE DE MOBILIT\u00c9 PERSONNELLE ME CONCERNE-T-ELLE ?<br \/><\/span><\/strong><br \/><span style=\"color: #000000;\">Les <strong>V\u00c9HICULES \u00c0 MOBILIT\u00c9 PERSONNELLE<\/strong> sont d\u00e9finis comme des v\u00e9hicules \u00e0 une ou plusieurs roues, ayant une seule place assise et propuls\u00e9s exclusivement par des moteurs \u00e9lectriques qui peuvent donner au v\u00e9hicule une vitesse maximale comprise entre 6 et 25 km\/h.<\/span><br \/><span style=\"color: #000000;\"><br \/>&#8211; Il est interdit de conduire sur les trottoirs et les zones pi\u00e9tonnes.<\/span><br \/><span style=\"color: #000000;\"><br \/>Ils ne sont pas autoris\u00e9s sur les routes interurbaines, les croisements, les trottoirs, les tunnels urbains et les routes \u00e0 deux voies et\/ou les autoroutes en agglom\u00e9ration.<\/span><\/p>\n<p><strong><span style=\"color: #000000;\">QUE FAIRE SI JE SUIS UNE PERSONNE \u00c0 MOBILIT\u00c9 R\u00c9DUITE ?<\/span><\/strong><br \/><span style=\"color: #000000;\"><br \/>La d\u00e9finition des v\u00e9hicules \u00e0 mobilit\u00e9 personnelle ne s&rsquo;applique pas, mais vous devrez respecter le code de la route comme tous les autres v\u00e9hicules et il est \u00e9galement interdit de les conduire sur les routes interurbaines, les passages \u00e0 niveau, ainsi que sur les autoroutes et les routes \u00e0 deux voies en agglom\u00e9ration et dans les tunnels urbains.<\/span><\/p>\n<p><strong><span style=\"color: #000000;\">Y A-T-IL DE NOUVELLES INFRACTIONS ?<\/span><\/strong><br \/><span style=\"color: #000000;\"><br \/><strong>INFRACTION GRAVE<\/strong> \u00ab\u00a0portage dans le v\u00e9hicule\u00a0\u00bb d&rsquo;appareils de d\u00e9tection de radars ou de radars automatiques, ce qui entra\u00eene une amende de 200 euros et la perte de 3 points.<\/span><br \/><span style=\"color: #000000;\"><br \/><strong>NOUVELLE INFRACTION TRES GRAVE<\/strong>: fraude aux examens de conduite \u00e0 l&rsquo;aide de dispositifs d&rsquo;interphonie non autoris\u00e9s. La sanction sera de 500 euros et une p\u00e9nalit\u00e9 de 6 mois sans pouvoir se pr\u00e9senter \u00e0 l&rsquo;examen.<\/span><\/p>\n<p><strong><span style=\"color: #000000;\">AUTRES REFORMES<\/span><\/strong><br \/><span style=\"color: #000000;\"><br \/><strong>R\u00c9DUIT L&rsquo;\u00c2GE REQUIS<\/strong> pour conduire des camions et des autobus et \u00e9tablit la possibilit\u00e9 pour les personnes souffrant de probl\u00e8mes li\u00e9s \u00e0 l&rsquo;appareil locomoteur d&rsquo;obtenir un permis de conduire.<\/span><br \/><span style=\"color: #000000;\"><br \/><strong>Acc\u00e8s en ligne au registre des conducteurs<\/strong> pour les entreprises de transport de personnes et de marchandises afin qu&rsquo;elles puissent savoir si les permis de conduire de leurs employ\u00e9s sont valides ou non.<\/span><\/p>\n<p><\/p>\n<p><strong>DIANA CABALLERO AGUIRRE<\/strong><br \/>Directeur g\u00e9n\u00e9ral de Mart\u00ednez &amp; Caballero Abogados<\/p>\n\t\t\t\t\t\t\t\t<\/div>\n\t\t\t\t<\/div>\n\t\t\t\t\t<\/div>\n\t\t<\/div>\n\t\t\t\t\t<\/div>\n\t\t<\/section>\n\t\t\t\t<section class=\"elementor-section elementor-top-section elementor-element elementor-element-d897a35 elementor-section-boxed elementor-section-height-default elementor-section-height-default\" data-id=\"d897a35\" data-element_type=\"section\" data-e-type=\"section\">\n\t\t\t\t\t\t<div class=\"elementor-container elementor-column-gap-extended\">\n\t\t\t\t\t<div class=\"elementor-column elementor-col-100 elementor-top-column elementor-element elementor-element-5821f04 sc_inner_width_none sc_layouts_column_icons_position_left\" data-id=\"5821f04\" data-element_type=\"column\" data-e-type=\"column\">\n\t\t\t<div class=\"elementor-widget-wrap\">\n\t\t\t\t\t\t\t<\/div>\n\t\t<\/div>\n\t\t\t\t\t<\/div>\n\t\t<\/section>\n\t\t\t\t<\/div>\n\t\t","protected":false},"excerpt":{"rendered":"<p>Un projet de loi a d\u00e9j\u00e0 \u00e9t\u00e9 approuv\u00e9, qui r\u00e9forme le texte r\u00e9vis\u00e9 de la loi sur la circulation, la circulation des v\u00e9hicules \u00e0 moteur et la s\u00e9curit\u00e9 routi\u00e8re pour tout ce qui concerne le permis de conduire et le permis \u00e0 points : Les changements les plus importants seront : QUELS CHANGEMENTS Y AURA-T-IL PAR RAPPORT AUX POINTS ? AUGMENTE LES POINTS \ud83d\ude2e 3 \u00e0 6 \u00e0 soustraire pour la conduite avec un t\u00e9l\u00e9phone portable \u00e0 la maino 3&hellip;<\/p>\n","protected":false},"author":1,"featured_media":8151,"comment_status":"closed","ping_status":"open","sticky":false,"template":"","format":"standard","meta":{"_monsterinsights_skip_tracking":false,"_monsterinsights_sitenote_active":false,"_monsterinsights_sitenote_note":"","_monsterinsights_sitenote_category":0,"_joinchat":[],"footnotes":""},"categories":[396,412,413,414],"tags":[],"class_list":["post-10106","post","type-post","status-publish","format-standard","has-post-thumbnail","hentry","category-actualites-et-affaires-courantes","category-permis-de-conduire","category-permis-de-conduire-fr","category-permis-de-conduire-fr-2"],"yoast_head":"<!-- This site is optimized with the Yoast SEO plugin v26.8 - https:\/\/yoast.com\/product\/yoast-seo-wordpress\/ -->\n<title>D\u00e9veloppements de la circulation - Martinez Caballero Abogados<\/title>\n<meta name=\"description\" content=\"Nouveaux d\u00e9veloppements en mati\u00e8re de trafic. Un projet de loi r\u00e9formant le texte consolid\u00e9 de la loi sur la circulation routi\u00e8re a d\u00e9j\u00e0 \u00e9t\u00e9 approuv\u00e9.\" \/>\n<meta name=\"robots\" content=\"index, follow, max-snippet:-1, max-image-preview:large, max-video-preview:-1\" \/>\n<link rel=\"canonical\" href=\"https:\/\/martinezcaballeroabogados.com\/fr\/evolution-du-trafic-pour-2021\/\" \/>\n<meta property=\"og:locale\" content=\"fr_FR\" \/>\n<meta property=\"og:type\" content=\"article\" \/>\n<meta property=\"og:title\" content=\"D\u00e9veloppements de la circulation - Martinez Caballero Abogados\" \/>\n<meta property=\"og:description\" content=\"Nouveaux d\u00e9veloppements en mati\u00e8re de trafic. Un projet de loi r\u00e9formant le texte consolid\u00e9 de la loi sur la circulation routi\u00e8re a d\u00e9j\u00e0 \u00e9t\u00e9 approuv\u00e9.\" \/>\n<meta property=\"og:url\" content=\"https:\/\/martinezcaballeroabogados.com\/fr\/evolution-du-trafic-pour-2021\/\" \/>\n<meta property=\"og:site_name\" content=\"Martinez Caballero Abogados\" \/>\n<meta property=\"article:publisher\" content=\"https:\/\/www.facebook.com\/martinezcaballeroabogados\/\" \/>\n<meta property=\"article:published_time\" content=\"2020-11-30T07:00:58+00:00\" \/>\n<meta property=\"article:modified_time\" content=\"2023-07-14T08:22:18+00:00\" \/>\n<meta property=\"og:image\" content=\"https:\/\/martinezcaballeroabogados.com\/wp-content\/uploads\/2020\/11\/novedades-en-materia-de-trafico.webp\" \/>\n\t<meta property=\"og:image:width\" content=\"1980\" \/>\n\t<meta property=\"og:image:height\" content=\"1322\" \/>\n\t<meta property=\"og:image:type\" content=\"image\/webp\" \/>\n<meta name=\"author\" content=\"martinez-admin\" \/>\n<meta name=\"twitter:card\" content=\"summary_large_image\" \/>\n<meta name=\"twitter:creator\" content=\"@MC_abogados_\" \/>\n<meta name=\"twitter:site\" content=\"@MC_abogados_\" \/>\n<meta name=\"twitter:label1\" content=\"\u00c9crit par\" \/>\n\t<meta name=\"twitter:data1\" content=\"martinez-admin\" \/>\n\t<meta name=\"twitter:label2\" content=\"Dur\u00e9e de lecture estim\u00e9e\" \/>\n\t<meta name=\"twitter:data2\" content=\"3 minutes\" \/>\n<script type=\"application\/ld+json\" class=\"yoast-schema-graph\">{\"@context\":\"https:\/\/schema.org\",\"@graph\":[{\"@type\":\"Article\",\"@id\":\"https:\/\/martinezcaballeroabogados.com\/fr\/evolution-du-trafic-pour-2021\/#article\",\"isPartOf\":{\"@id\":\"https:\/\/martinezcaballeroabogados.com\/fr\/evolution-du-trafic-pour-2021\/\"},\"author\":{\"name\":\"martinez-admin\",\"@id\":\"https:\/\/martinezcaballeroabogados.com\/fr\/#\/schema\/person\/ee5a2bfe30c40c7af67cac2f7f0836d3\"},\"headline\":\"\u00c9VOLUTION DU TRAFIC POUR 2021\",\"datePublished\":\"2020-11-30T07:00:58+00:00\",\"dateModified\":\"2023-07-14T08:22:18+00:00\",\"mainEntityOfPage\":{\"@id\":\"https:\/\/martinezcaballeroabogados.com\/fr\/evolution-du-trafic-pour-2021\/\"},\"wordCount\":559,\"publisher\":{\"@id\":\"https:\/\/martinezcaballeroabogados.com\/fr\/#organization\"},\"image\":{\"@id\":\"https:\/\/martinezcaballeroabogados.com\/fr\/evolution-du-trafic-pour-2021\/#primaryimage\"},\"thumbnailUrl\":\"https:\/\/martinezcaballeroabogados.com\/wp-content\/uploads\/2020\/11\/novedades-en-materia-de-trafico.webp\",\"articleSection\":[\"Actualit\u00e9s et affaires courantes\",\"permis de conduire\",\"Permis de conduire\",\"Permis de conduire\"],\"inLanguage\":\"fr-FR\"},{\"@type\":\"WebPage\",\"@id\":\"https:\/\/martinezcaballeroabogados.com\/fr\/evolution-du-trafic-pour-2021\/\",\"url\":\"https:\/\/martinezcaballeroabogados.com\/fr\/evolution-du-trafic-pour-2021\/\",\"name\":\"D\u00e9veloppements de la circulation - Martinez Caballero Abogados\",\"isPartOf\":{\"@id\":\"https:\/\/martinezcaballeroabogados.com\/fr\/#website\"},\"primaryImageOfPage\":{\"@id\":\"https:\/\/martinezcaballeroabogados.com\/fr\/evolution-du-trafic-pour-2021\/#primaryimage\"},\"image\":{\"@id\":\"https:\/\/martinezcaballeroabogados.com\/fr\/evolution-du-trafic-pour-2021\/#primaryimage\"},\"thumbnailUrl\":\"https:\/\/martinezcaballeroabogados.com\/wp-content\/uploads\/2020\/11\/novedades-en-materia-de-trafico.webp\",\"datePublished\":\"2020-11-30T07:00:58+00:00\",\"dateModified\":\"2023-07-14T08:22:18+00:00\",\"description\":\"Nouveaux d\u00e9veloppements en mati\u00e8re de trafic. Un projet de loi r\u00e9formant le texte consolid\u00e9 de la loi sur la circulation routi\u00e8re a d\u00e9j\u00e0 \u00e9t\u00e9 approuv\u00e9.\",\"breadcrumb\":{\"@id\":\"https:\/\/martinezcaballeroabogados.com\/fr\/evolution-du-trafic-pour-2021\/#breadcrumb\"},\"inLanguage\":\"fr-FR\",\"potentialAction\":[{\"@type\":\"ReadAction\",\"target\":[\"https:\/\/martinezcaballeroabogados.com\/fr\/evolution-du-trafic-pour-2021\/\"]}]},{\"@type\":\"ImageObject\",\"inLanguage\":\"fr-FR\",\"@id\":\"https:\/\/martinezcaballeroabogados.com\/fr\/evolution-du-trafic-pour-2021\/#primaryimage\",\"url\":\"https:\/\/martinezcaballeroabogados.com\/wp-content\/uploads\/2020\/11\/novedades-en-materia-de-trafico.webp\",\"contentUrl\":\"https:\/\/martinezcaballeroabogados.com\/wp-content\/uploads\/2020\/11\/novedades-en-materia-de-trafico.webp\",\"width\":1980,\"height\":1322,\"caption\":\"Dos personas poni\u00e9ndose el cintur\u00f3n de seguridad en un choche\"},{\"@type\":\"BreadcrumbList\",\"@id\":\"https:\/\/martinezcaballeroabogados.com\/fr\/evolution-du-trafic-pour-2021\/#breadcrumb\",\"itemListElement\":[{\"@type\":\"ListItem\",\"position\":1,\"name\":\"Portada\",\"item\":\"https:\/\/martinezcaballeroabogados.com\/fr\/avocats-a-barcelone\/\"},{\"@type\":\"ListItem\",\"position\":2,\"name\":\"\u00c9VOLUTION DU TRAFIC POUR 2021\"}]},{\"@type\":\"WebSite\",\"@id\":\"https:\/\/martinezcaballeroabogados.com\/fr\/#website\",\"url\":\"https:\/\/martinezcaballeroabogados.com\/fr\/\",\"name\":\"Martinez & Caballero Abogados\",\"description\":\"Cabinets d'avocats g\u00e9n\u00e9ralistes \u00e0 Barcelone\",\"publisher\":{\"@id\":\"https:\/\/martinezcaballeroabogados.com\/fr\/#organization\"},\"potentialAction\":[{\"@type\":\"SearchAction\",\"target\":{\"@type\":\"EntryPoint\",\"urlTemplate\":\"https:\/\/martinezcaballeroabogados.com\/fr\/?s={search_term_string}\"},\"query-input\":{\"@type\":\"PropertyValueSpecification\",\"valueRequired\":true,\"valueName\":\"search_term_string\"}}],\"inLanguage\":\"fr-FR\"},{\"@type\":\"Organization\",\"@id\":\"https:\/\/martinezcaballeroabogados.com\/fr\/#organization\",\"name\":\"Martinez & Caballero Abogados\",\"url\":\"https:\/\/martinezcaballeroabogados.com\/fr\/\",\"logo\":{\"@type\":\"ImageObject\",\"inLanguage\":\"fr-FR\",\"@id\":\"https:\/\/martinezcaballeroabogados.com\/fr\/#\/schema\/logo\/image\/\",\"url\":\"https:\/\/martinezcaballeroabogados.com\/wp-content\/uploads\/2020\/02\/cropped-cropped-logo-mc-abogados-web-1-e1497812507401-1.png\",\"contentUrl\":\"https:\/\/martinezcaballeroabogados.com\/wp-content\/uploads\/2020\/02\/cropped-cropped-logo-mc-abogados-web-1-e1497812507401-1.png\",\"width\":300,\"height\":150,\"caption\":\"Martinez & Caballero Abogados\"},\"image\":{\"@id\":\"https:\/\/martinezcaballeroabogados.com\/fr\/#\/schema\/logo\/image\/\"},\"sameAs\":[\"https:\/\/www.facebook.com\/martinezcaballeroabogados\/\",\"https:\/\/x.com\/MC_abogados_\",\"https:\/\/www.instagram.com\/extranjeriabarcelonaabogados\/\"]},{\"@type\":\"Person\",\"@id\":\"https:\/\/martinezcaballeroabogados.com\/fr\/#\/schema\/person\/ee5a2bfe30c40c7af67cac2f7f0836d3\",\"name\":\"martinez-admin\",\"image\":{\"@type\":\"ImageObject\",\"inLanguage\":\"fr-FR\",\"@id\":\"https:\/\/martinezcaballeroabogados.com\/fr\/#\/schema\/person\/image\/\",\"url\":\"https:\/\/secure.gravatar.com\/avatar\/e75c4c04fb977670e5006b7e6fc3f34d?s=96&d=mm&r=g\",\"contentUrl\":\"https:\/\/secure.gravatar.com\/avatar\/e75c4c04fb977670e5006b7e6fc3f34d?s=96&d=mm&r=g\",\"caption\":\"martinez-admin\"}}]}<\/script>\n<!-- \/ Yoast SEO plugin. -->","yoast_head_json":{"title":"D\u00e9veloppements de la circulation - Martinez Caballero Abogados","description":"Nouveaux d\u00e9veloppements en mati\u00e8re de trafic. Un projet de loi r\u00e9formant le texte consolid\u00e9 de la loi sur la circulation routi\u00e8re a d\u00e9j\u00e0 \u00e9t\u00e9 approuv\u00e9.","robots":{"index":"index","follow":"follow","max-snippet":"max-snippet:-1","max-image-preview":"max-image-preview:large","max-video-preview":"max-video-preview:-1"},"canonical":"https:\/\/martinezcaballeroabogados.com\/fr\/evolution-du-trafic-pour-2021\/","og_locale":"fr_FR","og_type":"article","og_title":"D\u00e9veloppements de la circulation - Martinez Caballero Abogados","og_description":"Nouveaux d\u00e9veloppements en mati\u00e8re de trafic. Un projet de loi r\u00e9formant le texte consolid\u00e9 de la loi sur la circulation routi\u00e8re a d\u00e9j\u00e0 \u00e9t\u00e9 approuv\u00e9.","og_url":"https:\/\/martinezcaballeroabogados.com\/fr\/evolution-du-trafic-pour-2021\/","og_site_name":"Martinez Caballero Abogados","article_publisher":"https:\/\/www.facebook.com\/martinezcaballeroabogados\/","article_published_time":"2020-11-30T07:00:58+00:00","article_modified_time":"2023-07-14T08:22:18+00:00","og_image":[{"width":1980,"height":1322,"url":"https:\/\/martinezcaballeroabogados.com\/wp-content\/uploads\/2020\/11\/novedades-en-materia-de-trafico.webp","type":"image\/webp"}],"author":"martinez-admin","twitter_card":"summary_large_image","twitter_creator":"@MC_abogados_","twitter_site":"@MC_abogados_","twitter_misc":{"\u00c9crit par":"martinez-admin","Dur\u00e9e de lecture estim\u00e9e":"3 minutes"},"schema":{"@context":"https:\/\/schema.org","@graph":[{"@type":"Article","@id":"https:\/\/martinezcaballeroabogados.com\/fr\/evolution-du-trafic-pour-2021\/#article","isPartOf":{"@id":"https:\/\/martinezcaballeroabogados.com\/fr\/evolution-du-trafic-pour-2021\/"},"author":{"name":"martinez-admin","@id":"https:\/\/martinezcaballeroabogados.com\/fr\/#\/schema\/person\/ee5a2bfe30c40c7af67cac2f7f0836d3"},"headline":"\u00c9VOLUTION DU TRAFIC POUR 2021","datePublished":"2020-11-30T07:00:58+00:00","dateModified":"2023-07-14T08:22:18+00:00","mainEntityOfPage":{"@id":"https:\/\/martinezcaballeroabogados.com\/fr\/evolution-du-trafic-pour-2021\/"},"wordCount":559,"publisher":{"@id":"https:\/\/martinezcaballeroabogados.com\/fr\/#organization"},"image":{"@id":"https:\/\/martinezcaballeroabogados.com\/fr\/evolution-du-trafic-pour-2021\/#primaryimage"},"thumbnailUrl":"https:\/\/martinezcaballeroabogados.com\/wp-content\/uploads\/2020\/11\/novedades-en-materia-de-trafico.webp","articleSection":["Actualit\u00e9s et affaires courantes","permis de conduire","Permis de conduire","Permis de conduire"],"inLanguage":"fr-FR"},{"@type":"WebPage","@id":"https:\/\/martinezcaballeroabogados.com\/fr\/evolution-du-trafic-pour-2021\/","url":"https:\/\/martinezcaballeroabogados.com\/fr\/evolution-du-trafic-pour-2021\/","name":"D\u00e9veloppements de la circulation - Martinez Caballero Abogados","isPartOf":{"@id":"https:\/\/martinezcaballeroabogados.com\/fr\/#website"},"primaryImageOfPage":{"@id":"https:\/\/martinezcaballeroabogados.com\/fr\/evolution-du-trafic-pour-2021\/#primaryimage"},"image":{"@id":"https:\/\/martinezcaballeroabogados.com\/fr\/evolution-du-trafic-pour-2021\/#primaryimage"},"thumbnailUrl":"https:\/\/martinezcaballeroabogados.com\/wp-content\/uploads\/2020\/11\/novedades-en-materia-de-trafico.webp","datePublished":"2020-11-30T07:00:58+00:00","dateModified":"2023-07-14T08:22:18+00:00","description":"Nouveaux d\u00e9veloppements en mati\u00e8re de trafic. Un projet de loi r\u00e9formant le texte consolid\u00e9 de la loi sur la circulation routi\u00e8re a d\u00e9j\u00e0 \u00e9t\u00e9 approuv\u00e9.","breadcrumb":{"@id":"https:\/\/martinezcaballeroabogados.com\/fr\/evolution-du-trafic-pour-2021\/#breadcrumb"},"inLanguage":"fr-FR","potentialAction":[{"@type":"ReadAction","target":["https:\/\/martinezcaballeroabogados.com\/fr\/evolution-du-trafic-pour-2021\/"]}]},{"@type":"ImageObject","inLanguage":"fr-FR","@id":"https:\/\/martinezcaballeroabogados.com\/fr\/evolution-du-trafic-pour-2021\/#primaryimage","url":"https:\/\/martinezcaballeroabogados.com\/wp-content\/uploads\/2020\/11\/novedades-en-materia-de-trafico.webp","contentUrl":"https:\/\/martinezcaballeroabogados.com\/wp-content\/uploads\/2020\/11\/novedades-en-materia-de-trafico.webp","width":1980,"height":1322,"caption":"Dos personas poni\u00e9ndose el cintur\u00f3n de seguridad en un choche"},{"@type":"BreadcrumbList","@id":"https:\/\/martinezcaballeroabogados.com\/fr\/evolution-du-trafic-pour-2021\/#breadcrumb","itemListElement":[{"@type":"ListItem","position":1,"name":"Portada","item":"https:\/\/martinezcaballeroabogados.com\/fr\/avocats-a-barcelone\/"},{"@type":"ListItem","position":2,"name":"\u00c9VOLUTION DU TRAFIC POUR 2021"}]},{"@type":"WebSite","@id":"https:\/\/martinezcaballeroabogados.com\/fr\/#website","url":"https:\/\/martinezcaballeroabogados.com\/fr\/","name":"Martinez & Caballero Abogados","description":"Cabinets d'avocats g\u00e9n\u00e9ralistes \u00e0 Barcelone","publisher":{"@id":"https:\/\/martinezcaballeroabogados.com\/fr\/#organization"},"potentialAction":[{"@type":"SearchAction","target":{"@type":"EntryPoint","urlTemplate":"https:\/\/martinezcaballeroabogados.com\/fr\/?s={search_term_string}"},"query-input":{"@type":"PropertyValueSpecification","valueRequired":true,"valueName":"search_term_string"}}],"inLanguage":"fr-FR"},{"@type":"Organization","@id":"https:\/\/martinezcaballeroabogados.com\/fr\/#organization","name":"Martinez & Caballero Abogados","url":"https:\/\/martinezcaballeroabogados.com\/fr\/","logo":{"@type":"ImageObject","inLanguage":"fr-FR","@id":"https:\/\/martinezcaballeroabogados.com\/fr\/#\/schema\/logo\/image\/","url":"https:\/\/martinezcaballeroabogados.com\/wp-content\/uploads\/2020\/02\/cropped-cropped-logo-mc-abogados-web-1-e1497812507401-1.png","contentUrl":"https:\/\/martinezcaballeroabogados.com\/wp-content\/uploads\/2020\/02\/cropped-cropped-logo-mc-abogados-web-1-e1497812507401-1.png","width":300,"height":150,"caption":"Martinez & Caballero Abogados"},"image":{"@id":"https:\/\/martinezcaballeroabogados.com\/fr\/#\/schema\/logo\/image\/"},"sameAs":["https:\/\/www.facebook.com\/martinezcaballeroabogados\/","https:\/\/x.com\/MC_abogados_","https:\/\/www.instagram.com\/extranjeriabarcelonaabogados\/"]},{"@type":"Person","@id":"https:\/\/martinezcaballeroabogados.com\/fr\/#\/schema\/person\/ee5a2bfe30c40c7af67cac2f7f0836d3","name":"martinez-admin","image":{"@type":"ImageObject","inLanguage":"fr-FR","@id":"https:\/\/martinezcaballeroabogados.com\/fr\/#\/schema\/person\/image\/","url":"https:\/\/secure.gravatar.com\/avatar\/e75c4c04fb977670e5006b7e6fc3f34d?s=96&d=mm&r=g","contentUrl":"https:\/\/secure.gravatar.com\/avatar\/e75c4c04fb977670e5006b7e6fc3f34d?s=96&d=mm&r=g","caption":"martinez-admin"}}]}},"_links":{"self":[{"href":"https:\/\/martinezcaballeroabogados.com\/fr\/wp-json\/wp\/v2\/posts\/10106","targetHints":{"allow":["GET"]}}],"collection":[{"href":"https:\/\/martinezcaballeroabogados.com\/fr\/wp-json\/wp\/v2\/posts"}],"about":[{"href":"https:\/\/martinezcaballeroabogados.com\/fr\/wp-json\/wp\/v2\/types\/post"}],"author":[{"embeddable":true,"href":"https:\/\/martinezcaballeroabogados.com\/fr\/wp-json\/wp\/v2\/users\/1"}],"replies":[{"embeddable":true,"href":"https:\/\/martinezcaballeroabogados.com\/fr\/wp-json\/wp\/v2\/comments?post=10106"}],"version-history":[{"count":1,"href":"https:\/\/martinezcaballeroabogados.com\/fr\/wp-json\/wp\/v2\/posts\/10106\/revisions"}],"predecessor-version":[{"id":10107,"href":"https:\/\/martinezcaballeroabogados.com\/fr\/wp-json\/wp\/v2\/posts\/10106\/revisions\/10107"}],"wp:featuredmedia":[{"embeddable":true,"href":"https:\/\/martinezcaballeroabogados.com\/fr\/wp-json\/wp\/v2\/media\/8151"}],"wp:attachment":[{"href":"https:\/\/martinezcaballeroabogados.com\/fr\/wp-json\/wp\/v2\/media?parent=10106"}],"wp:term":[{"taxonomy":"category","embeddable":true,"href":"https:\/\/martinezcaballeroabogados.com\/fr\/wp-json\/wp\/v2\/categories?post=10106"},{"taxonomy":"post_tag","embeddable":true,"href":"https:\/\/martinezcaballeroabogados.com\/fr\/wp-json\/wp\/v2\/tags?post=10106"}],"curies":[{"name":"wp","href":"https:\/\/api.w.org\/{rel}","templated":true}]}}