{"id":23078,"date":"2025-09-12T15:09:02","date_gmt":"2025-09-12T15:09:02","guid":{"rendered":"https:\/\/martinezcaballeroabogados.com\/monatliche-vorschau-auf-den-internationalen-schutz-juli-2025\/"},"modified":"2025-09-12T15:18:07","modified_gmt":"2025-09-12T15:18:07","slug":"monatliche-vorschau-auf-den-internationalen-schutz-juli-2025","status":"publish","type":"post","link":"https:\/\/martinezcaballeroabogados.com\/de\/monatliche-vorschau-auf-den-internationalen-schutz-juli-2025\/","title":{"rendered":"Monatliche Vorschau auf den internationalen Schutz &#8211; Juli 2025"},"content":{"rendered":"\n<p>Das Innenministerium hat den kumulierten monatlichen Vorschuss zum internationalen Schutz ver\u00f6ffentlicht, mit Daten zum 31. Juli 2025. Dieser Bericht spiegelt den Status der in Spanien gestellten Asylantr\u00e4ge und anderer Formen des Schutzes sowie die von der Verwaltung in den ersten sieben Monaten des Jahres gefassten Beschl\u00fcsse wider. <\/p>\n\n<p><strong>1) Wie ist der monatliche Fortschritt beim internationalen Schutz?<\/strong><\/p>\n\n<p>Dies ist ein offizieller statistischer Bericht mit einer Zusammenfassung:<\/p>\n\n<ul class=\"wp-block-list\">\n<li>Die Gesamtzahl der registrierten Antr\u00e4ge auf internationalen Schutz.<br\/><\/li>\n\n\n\n<li>Verteilung nach Art des Schutzes (Fl\u00fcchtling, subsidi\u00e4rer Schutz, humanit\u00e4re Gr\u00fcnde).<br\/><\/li>\n\n\n\n<li>Erlass von Entscheidungen: Zugest\u00e4ndnisse, Ablehnungen und andere Verwaltungsvorschriften.<br\/><\/li>\n<\/ul>\n\n<p><strong>2. kumulierte Antr\u00e4ge ab Juli 2025<\/strong><\/p>\n\n<p>In den ersten sieben Monaten des Jahres hat Spanien weiterhin ein hohes Aufkommen an Asylantr\u00e4gen zu verzeichnen. Obwohl der Abschlussbericht die genauen Zahlen liefert, best\u00e4tigt sich der Trend: <\/p>\n\n<ul class=\"wp-block-list\">\n<li>Ein nachhaltiger Anstieg im Vergleich zu den gleichen Monaten im Jahr 2024.<br\/><\/li>\n\n\n\n<li>Eine erhebliche Konzentration von Anwendungen in gro\u00dfen St\u00e4dten wie Madrid, Barcelona und Valencia.<br\/><\/li>\n\n\n\n<li>Das Fortbestehen von Nationalit\u00e4ten, die historisch gesehen bei Bewerbungen f\u00fchrend sind, wie Venezuela, Kolumbien und Peru.<br\/><\/li>\n<\/ul>\n\n<p>Diese Daten zeigen, dass Spanien weiterhin eines der europ\u00e4ischen L\u00e4nder mit dem h\u00f6chsten Asyldruck ist.<\/p>\n\n<p><strong>3. Ausgegebene Resolutionen<\/strong><\/p>\n\n<p>In dem Bericht wird auch die Anzahl der F\u00e4lle aufgef\u00fchrt, die zwischen Januar und Juli 2025 gel\u00f6st wurden.<\/p>\n\n<p>Ganz allgemein gesprochen:<\/p>\n\n<ul class=\"wp-block-list\">\n<li>Die Gew\u00e4hrung des Fl\u00fcchtlingsstatus und des subsidi\u00e4ren Schutzes bleibt stabil, auch wenn der Anteil an den Gesamtantr\u00e4gen gering ist.<br\/><\/li>\n\n\n\n<li>Die Mehrheit der abgeschlossenen Akten endet mit einer Ablehnung.<br\/><\/li>\n\n\n\n<li>Die Bearbeitung von Antr\u00e4gen auf Aufenthaltsgenehmigung aus humanit\u00e4ren Gr\u00fcnden geht weiter, insbesondere f\u00fcr Antragsteller aus bestimmten lateinamerikanischen L\u00e4ndern.<br\/><\/li>\n<\/ul>\n\n<p>Dies spiegelt sowohl die administrative S\u00e4ttigung als auch den restriktiven Trend bei der Gew\u00e4hrung des vollen Fl\u00fcchtlingsstatus wider.<\/p>\n\n<p><strong>4. Entwicklung und Vergleich mit fr\u00fcheren Jahren<\/strong><\/p>\n\n<p>Der Vergleich mit dem Vorjahr zeigt, dass die Zahl der Antr\u00e4ge im Jahr 2025 dem stetigen Wachstum seit 2019 entspricht (mit Ausnahme des vor\u00fcbergehenden R\u00fcckgangs w\u00e4hrend der Pandemie).<\/p>\n\n<p>Bei den Entscheidungen hat die Verwaltung versucht, die Bearbeitungszeiten zu verk\u00fcrzen, obwohl die Daten darauf hindeuten, dass der R\u00fcckstau eine strukturelle Herausforderung bleibt.<\/p>\n\n<p><strong>5. was bedeutet diese Entwicklung f\u00fcr Antragsteller und Praktiker?<\/strong><\/p>\n\n<ul class=\"wp-block-list\">\n<li>Asylbewerber: Die Bearbeitungszeiten werden wahrscheinlich weiterhin lang sein. Daher ist eine fachkundige Beratung unerl\u00e4sslich, um die ordnungsgem\u00e4\u00dfe Einreichung und Weiterbearbeitung des Dossiers sicherzustellen.<br\/><\/li>\n\n\n\n<li>Fachleute und Nichtregierungsorganisationen: Diese Daten sind der Schl\u00fcssel zur Planung von Ressourcen und Hilfe, da sie die administrative und soziale Belastung in den kommenden Monaten vorwegnehmen.<br\/><\/li>\n\n\n\n<li>Migrationspolitik: Die Ver\u00f6ffentlichung best\u00e4tigt die Notwendigkeit, die Mittel und das Personal des Asyl- und Fl\u00fcchtlingsamtes (OAR) aufzustocken, um auf die wachsende Nachfrage zu reagieren.<br\/><\/li>\n<\/ul>\n\n<p>Quelle der Informationen: <a href=\"https:\/\/proteccion-asilo.interior.gob.es\/es\/datos-e-informacion-estadistica\/ultimos-datos\/\"><strong>Asyl und Zuflucht | Aktuelle Daten<\/strong><\/a><\/p>\n\n<p>Laden Sie das PDF-Dokument <a href=\"https:\/\/proteccion-asilo.interior.gob.es\/documentos\/estadisticas\/ultimos-datos\/Avance-Mensual-PI-julio-2025.pdf\">hier herunter .<\/a><br\/><br\/>Diana Caballero<br\/><em>CEO &#8211; Founding Partner<\/em><br\/> M&amp;C<strong>Abogados<\/strong><\/p>\n","protected":false},"excerpt":{"rendered":"<p>Das Innenministerium hat den kumulierten monatlichen Vorschuss zum internationalen Schutz ver\u00f6ffentlicht, mit Daten zum 31. Juli 2025. Dieser Bericht spiegelt den Status der in Spanien gestellten Asylantr\u00e4ge und anderer Formen des Schutzes sowie die von der Verwaltung in den ersten sieben Monaten des Jahres gefassten Beschl\u00fcsse wider. 1) Wie ist der monatliche Fortschritt beim internationalen Schutz? Dies ist ein offizieller statistischer Bericht mit einer Zusammenfassung: 2. kumulierte Antr\u00e4ge ab Juli 2025 In den ersten sieben Monaten des Jahres hat Spanien&hellip;<\/p>\n","protected":false},"author":1,"featured_media":23068,"comment_status":"closed","ping_status":"closed","sticky":false,"template":"","format":"standard","meta":{"_monsterinsights_skip_tracking":false,"_monsterinsights_sitenote_active":false,"_monsterinsights_sitenote_note":"","_monsterinsights_sitenote_category":0,"_joinchat":[],"footnotes":""},"categories":[1069],"tags":[],"class_list":["post-23078","post","type-post","status-publish","format-standard","has-post-thumbnail","hentry","category-migraktisch"],"yoast_head":"<!-- This site is optimized with the Yoast SEO plugin v26.8 - https:\/\/yoast.com\/product\/yoast-seo-wordpress\/ -->\n<title>Monatsvorschau Internationaler Schutz: Juli 2025 -% Martinez Caballero Abogados% Martinez Caballero Abogados% Juli 2025 -% Martinez Caballero Abogados% Juli 2025<\/title>\n<meta name=\"description\" content=\"Juli 2025 Offizielle Daten zu Antr\u00e4gen auf internationalen Schutz und Entscheidungen in Spanien: Trends, Zahlen und Entwicklungen.\" \/>\n<meta name=\"robots\" content=\"index, follow, max-snippet:-1, max-image-preview:large, max-video-preview:-1\" \/>\n<link rel=\"canonical\" href=\"https:\/\/martinezcaballeroabogados.com\/de\/monatliche-vorschau-auf-den-internationalen-schutz-juli-2025\/\" \/>\n<meta property=\"og:locale\" content=\"de_DE\" \/>\n<meta property=\"og:type\" content=\"article\" \/>\n<meta property=\"og:title\" content=\"Monatsvorschau Internationaler Schutz: Juli 2025 -% Martinez Caballero Abogados% Martinez Caballero Abogados% Juli 2025 -% Martinez Caballero Abogados% Juli 2025\" \/>\n<meta property=\"og:description\" content=\"Juli 2025 Offizielle Daten zu Antr\u00e4gen auf internationalen Schutz und Entscheidungen in Spanien: Trends, Zahlen und Entwicklungen.\" \/>\n<meta property=\"og:url\" content=\"https:\/\/martinezcaballeroabogados.com\/de\/monatliche-vorschau-auf-den-internationalen-schutz-juli-2025\/\" \/>\n<meta property=\"og:site_name\" content=\"Martinez Caballero Abogados\" \/>\n<meta property=\"article:publisher\" content=\"https:\/\/www.facebook.com\/martinezcaballeroabogados\/\" \/>\n<meta property=\"article:published_time\" content=\"2025-09-12T15:09:02+00:00\" \/>\n<meta property=\"article:modified_time\" content=\"2025-09-12T15:18:07+00:00\" \/>\n<meta property=\"og:image\" content=\"https:\/\/martinezcaballeroabogados.com\/wp-content\/uploads\/2025\/09\/actualidad-proteccion-internacional-1024x665.webp\" \/>\n\t<meta property=\"og:image:width\" content=\"1024\" \/>\n\t<meta property=\"og:image:height\" content=\"665\" \/>\n\t<meta property=\"og:image:type\" content=\"image\/webp\" \/>\n<meta name=\"author\" content=\"martinez-admin\" \/>\n<meta name=\"twitter:card\" content=\"summary_large_image\" \/>\n<meta name=\"twitter:creator\" content=\"@MC_abogados_\" \/>\n<meta name=\"twitter:site\" content=\"@MC_abogados_\" \/>\n<meta name=\"twitter:label1\" content=\"Verfasst von\" \/>\n\t<meta name=\"twitter:data1\" content=\"martinez-admin\" \/>\n\t<meta name=\"twitter:label2\" content=\"Gesch\u00e4tzte Lesezeit\" \/>\n\t<meta name=\"twitter:data2\" content=\"2\u00a0Minuten\" \/>\n<script type=\"application\/ld+json\" class=\"yoast-schema-graph\">{\"@context\":\"https:\/\/schema.org\",\"@graph\":[{\"@type\":\"Article\",\"@id\":\"https:\/\/martinezcaballeroabogados.com\/de\/monatliche-vorschau-auf-den-internationalen-schutz-juli-2025\/#article\",\"isPartOf\":{\"@id\":\"https:\/\/martinezcaballeroabogados.com\/de\/monatliche-vorschau-auf-den-internationalen-schutz-juli-2025\/\"},\"author\":{\"name\":\"martinez-admin\",\"@id\":\"https:\/\/martinezcaballeroabogados.com\/de\/#\/schema\/person\/ee5a2bfe30c40c7af67cac2f7f0836d3\"},\"headline\":\"Monatliche Vorschau auf den internationalen Schutz &#8211; Juli 2025\",\"datePublished\":\"2025-09-12T15:09:02+00:00\",\"dateModified\":\"2025-09-12T15:18:07+00:00\",\"mainEntityOfPage\":{\"@id\":\"https:\/\/martinezcaballeroabogados.com\/de\/monatliche-vorschau-auf-den-internationalen-schutz-juli-2025\/\"},\"wordCount\":476,\"publisher\":{\"@id\":\"https:\/\/martinezcaballeroabogados.com\/de\/#organization\"},\"image\":{\"@id\":\"https:\/\/martinezcaballeroabogados.com\/de\/monatliche-vorschau-auf-den-internationalen-schutz-juli-2025\/#primaryimage\"},\"thumbnailUrl\":\"https:\/\/martinezcaballeroabogados.com\/wp-content\/uploads\/2025\/09\/actualidad-proteccion-internacional.webp\",\"articleSection\":[\"Migraktisch\"],\"inLanguage\":\"de\"},{\"@type\":\"WebPage\",\"@id\":\"https:\/\/martinezcaballeroabogados.com\/de\/monatliche-vorschau-auf-den-internationalen-schutz-juli-2025\/\",\"url\":\"https:\/\/martinezcaballeroabogados.com\/de\/monatliche-vorschau-auf-den-internationalen-schutz-juli-2025\/\",\"name\":\"Monatsvorschau Internationaler Schutz: Juli 2025 -% Martinez Caballero Abogados% Martinez Caballero Abogados% Juli 2025 -% Martinez Caballero Abogados% Juli 2025\",\"isPartOf\":{\"@id\":\"https:\/\/martinezcaballeroabogados.com\/de\/#website\"},\"primaryImageOfPage\":{\"@id\":\"https:\/\/martinezcaballeroabogados.com\/de\/monatliche-vorschau-auf-den-internationalen-schutz-juli-2025\/#primaryimage\"},\"image\":{\"@id\":\"https:\/\/martinezcaballeroabogados.com\/de\/monatliche-vorschau-auf-den-internationalen-schutz-juli-2025\/#primaryimage\"},\"thumbnailUrl\":\"https:\/\/martinezcaballeroabogados.com\/wp-content\/uploads\/2025\/09\/actualidad-proteccion-internacional.webp\",\"datePublished\":\"2025-09-12T15:09:02+00:00\",\"dateModified\":\"2025-09-12T15:18:07+00:00\",\"description\":\"Juli 2025 Offizielle Daten zu Antr\u00e4gen auf internationalen Schutz und Entscheidungen in Spanien: Trends, Zahlen und Entwicklungen.\",\"breadcrumb\":{\"@id\":\"https:\/\/martinezcaballeroabogados.com\/de\/monatliche-vorschau-auf-den-internationalen-schutz-juli-2025\/#breadcrumb\"},\"inLanguage\":\"de\",\"potentialAction\":[{\"@type\":\"ReadAction\",\"target\":[\"https:\/\/martinezcaballeroabogados.com\/de\/monatliche-vorschau-auf-den-internationalen-schutz-juli-2025\/\"]}]},{\"@type\":\"ImageObject\",\"inLanguage\":\"de\",\"@id\":\"https:\/\/martinezcaballeroabogados.com\/de\/monatliche-vorschau-auf-den-internationalen-schutz-juli-2025\/#primaryimage\",\"url\":\"https:\/\/martinezcaballeroabogados.com\/wp-content\/uploads\/2025\/09\/actualidad-proteccion-internacional.webp\",\"contentUrl\":\"https:\/\/martinezcaballeroabogados.com\/wp-content\/uploads\/2025\/09\/actualidad-proteccion-internacional.webp\",\"width\":1980,\"height\":1286,\"caption\":\"Inmigrantes reciben ayuda y protecci\u00f3n internacional\"},{\"@type\":\"BreadcrumbList\",\"@id\":\"https:\/\/martinezcaballeroabogados.com\/de\/monatliche-vorschau-auf-den-internationalen-schutz-juli-2025\/#breadcrumb\",\"itemListElement\":[{\"@type\":\"ListItem\",\"position\":1,\"name\":\"Portada\",\"item\":\"https:\/\/martinezcaballeroabogados.com\/de\/anwalte-in-barcelona\/\"},{\"@type\":\"ListItem\",\"position\":2,\"name\":\"Monatliche Vorschau auf den internationalen Schutz &#8211; Juli 2025\"}]},{\"@type\":\"WebSite\",\"@id\":\"https:\/\/martinezcaballeroabogados.com\/de\/#website\",\"url\":\"https:\/\/martinezcaballeroabogados.com\/de\/\",\"name\":\"Martinez & Caballero Abogados\",\"description\":\"Umfassende Rechtsberatung in Barcelona\",\"publisher\":{\"@id\":\"https:\/\/martinezcaballeroabogados.com\/de\/#organization\"},\"potentialAction\":[{\"@type\":\"SearchAction\",\"target\":{\"@type\":\"EntryPoint\",\"urlTemplate\":\"https:\/\/martinezcaballeroabogados.com\/de\/?s={search_term_string}\"},\"query-input\":{\"@type\":\"PropertyValueSpecification\",\"valueRequired\":true,\"valueName\":\"search_term_string\"}}],\"inLanguage\":\"de\"},{\"@type\":\"Organization\",\"@id\":\"https:\/\/martinezcaballeroabogados.com\/de\/#organization\",\"name\":\"Martinez & Caballero Abogados\",\"url\":\"https:\/\/martinezcaballeroabogados.com\/de\/\",\"logo\":{\"@type\":\"ImageObject\",\"inLanguage\":\"de\",\"@id\":\"https:\/\/martinezcaballeroabogados.com\/de\/#\/schema\/logo\/image\/\",\"url\":\"https:\/\/martinezcaballeroabogados.com\/wp-content\/uploads\/2020\/02\/cropped-cropped-logo-mc-abogados-web-1-e1497812507401-1.png\",\"contentUrl\":\"https:\/\/martinezcaballeroabogados.com\/wp-content\/uploads\/2020\/02\/cropped-cropped-logo-mc-abogados-web-1-e1497812507401-1.png\",\"width\":300,\"height\":150,\"caption\":\"Martinez & Caballero Abogados\"},\"image\":{\"@id\":\"https:\/\/martinezcaballeroabogados.com\/de\/#\/schema\/logo\/image\/\"},\"sameAs\":[\"https:\/\/www.facebook.com\/martinezcaballeroabogados\/\",\"https:\/\/x.com\/MC_abogados_\",\"https:\/\/www.instagram.com\/extranjeriabarcelonaabogados\/\"]},{\"@type\":\"Person\",\"@id\":\"https:\/\/martinezcaballeroabogados.com\/de\/#\/schema\/person\/ee5a2bfe30c40c7af67cac2f7f0836d3\",\"name\":\"martinez-admin\",\"image\":{\"@type\":\"ImageObject\",\"inLanguage\":\"de\",\"@id\":\"https:\/\/martinezcaballeroabogados.com\/de\/#\/schema\/person\/image\/\",\"url\":\"https:\/\/secure.gravatar.com\/avatar\/e75c4c04fb977670e5006b7e6fc3f34d?s=96&d=mm&r=g\",\"contentUrl\":\"https:\/\/secure.gravatar.com\/avatar\/e75c4c04fb977670e5006b7e6fc3f34d?s=96&d=mm&r=g\",\"caption\":\"martinez-admin\"}}]}<\/script>\n<!-- \/ Yoast SEO plugin. -->","yoast_head_json":{"title":"Monatsvorschau Internationaler Schutz: Juli 2025 -% Martinez Caballero Abogados% Martinez Caballero Abogados% Juli 2025 -% Martinez Caballero Abogados% Juli 2025","description":"Juli 2025 Offizielle Daten zu Antr\u00e4gen auf internationalen Schutz und Entscheidungen in Spanien: Trends, Zahlen und Entwicklungen.","robots":{"index":"index","follow":"follow","max-snippet":"max-snippet:-1","max-image-preview":"max-image-preview:large","max-video-preview":"max-video-preview:-1"},"canonical":"https:\/\/martinezcaballeroabogados.com\/de\/monatliche-vorschau-auf-den-internationalen-schutz-juli-2025\/","og_locale":"de_DE","og_type":"article","og_title":"Monatsvorschau Internationaler Schutz: Juli 2025 -% Martinez Caballero Abogados% Martinez Caballero Abogados% Juli 2025 -% Martinez Caballero Abogados% Juli 2025","og_description":"Juli 2025 Offizielle Daten zu Antr\u00e4gen auf internationalen Schutz und Entscheidungen in Spanien: Trends, Zahlen und Entwicklungen.","og_url":"https:\/\/martinezcaballeroabogados.com\/de\/monatliche-vorschau-auf-den-internationalen-schutz-juli-2025\/","og_site_name":"Martinez Caballero Abogados","article_publisher":"https:\/\/www.facebook.com\/martinezcaballeroabogados\/","article_published_time":"2025-09-12T15:09:02+00:00","article_modified_time":"2025-09-12T15:18:07+00:00","og_image":[{"width":1024,"height":665,"url":"https:\/\/martinezcaballeroabogados.com\/wp-content\/uploads\/2025\/09\/actualidad-proteccion-internacional-1024x665.webp","type":"image\/webp"}],"author":"martinez-admin","twitter_card":"summary_large_image","twitter_creator":"@MC_abogados_","twitter_site":"@MC_abogados_","twitter_misc":{"Verfasst von":"martinez-admin","Gesch\u00e4tzte Lesezeit":"2\u00a0Minuten"},"schema":{"@context":"https:\/\/schema.org","@graph":[{"@type":"Article","@id":"https:\/\/martinezcaballeroabogados.com\/de\/monatliche-vorschau-auf-den-internationalen-schutz-juli-2025\/#article","isPartOf":{"@id":"https:\/\/martinezcaballeroabogados.com\/de\/monatliche-vorschau-auf-den-internationalen-schutz-juli-2025\/"},"author":{"name":"martinez-admin","@id":"https:\/\/martinezcaballeroabogados.com\/de\/#\/schema\/person\/ee5a2bfe30c40c7af67cac2f7f0836d3"},"headline":"Monatliche Vorschau auf den internationalen Schutz &#8211; Juli 2025","datePublished":"2025-09-12T15:09:02+00:00","dateModified":"2025-09-12T15:18:07+00:00","mainEntityOfPage":{"@id":"https:\/\/martinezcaballeroabogados.com\/de\/monatliche-vorschau-auf-den-internationalen-schutz-juli-2025\/"},"wordCount":476,"publisher":{"@id":"https:\/\/martinezcaballeroabogados.com\/de\/#organization"},"image":{"@id":"https:\/\/martinezcaballeroabogados.com\/de\/monatliche-vorschau-auf-den-internationalen-schutz-juli-2025\/#primaryimage"},"thumbnailUrl":"https:\/\/martinezcaballeroabogados.com\/wp-content\/uploads\/2025\/09\/actualidad-proteccion-internacional.webp","articleSection":["Migraktisch"],"inLanguage":"de"},{"@type":"WebPage","@id":"https:\/\/martinezcaballeroabogados.com\/de\/monatliche-vorschau-auf-den-internationalen-schutz-juli-2025\/","url":"https:\/\/martinezcaballeroabogados.com\/de\/monatliche-vorschau-auf-den-internationalen-schutz-juli-2025\/","name":"Monatsvorschau Internationaler Schutz: Juli 2025 -% Martinez Caballero Abogados% Martinez Caballero Abogados% Juli 2025 -% Martinez Caballero Abogados% Juli 2025","isPartOf":{"@id":"https:\/\/martinezcaballeroabogados.com\/de\/#website"},"primaryImageOfPage":{"@id":"https:\/\/martinezcaballeroabogados.com\/de\/monatliche-vorschau-auf-den-internationalen-schutz-juli-2025\/#primaryimage"},"image":{"@id":"https:\/\/martinezcaballeroabogados.com\/de\/monatliche-vorschau-auf-den-internationalen-schutz-juli-2025\/#primaryimage"},"thumbnailUrl":"https:\/\/martinezcaballeroabogados.com\/wp-content\/uploads\/2025\/09\/actualidad-proteccion-internacional.webp","datePublished":"2025-09-12T15:09:02+00:00","dateModified":"2025-09-12T15:18:07+00:00","description":"Juli 2025 Offizielle Daten zu Antr\u00e4gen auf internationalen Schutz und Entscheidungen in Spanien: Trends, Zahlen und Entwicklungen.","breadcrumb":{"@id":"https:\/\/martinezcaballeroabogados.com\/de\/monatliche-vorschau-auf-den-internationalen-schutz-juli-2025\/#breadcrumb"},"inLanguage":"de","potentialAction":[{"@type":"ReadAction","target":["https:\/\/martinezcaballeroabogados.com\/de\/monatliche-vorschau-auf-den-internationalen-schutz-juli-2025\/"]}]},{"@type":"ImageObject","inLanguage":"de","@id":"https:\/\/martinezcaballeroabogados.com\/de\/monatliche-vorschau-auf-den-internationalen-schutz-juli-2025\/#primaryimage","url":"https:\/\/martinezcaballeroabogados.com\/wp-content\/uploads\/2025\/09\/actualidad-proteccion-internacional.webp","contentUrl":"https:\/\/martinezcaballeroabogados.com\/wp-content\/uploads\/2025\/09\/actualidad-proteccion-internacional.webp","width":1980,"height":1286,"caption":"Inmigrantes reciben ayuda y protecci\u00f3n internacional"},{"@type":"BreadcrumbList","@id":"https:\/\/martinezcaballeroabogados.com\/de\/monatliche-vorschau-auf-den-internationalen-schutz-juli-2025\/#breadcrumb","itemListElement":[{"@type":"ListItem","position":1,"name":"Portada","item":"https:\/\/martinezcaballeroabogados.com\/de\/anwalte-in-barcelona\/"},{"@type":"ListItem","position":2,"name":"Monatliche Vorschau auf den internationalen Schutz &#8211; Juli 2025"}]},{"@type":"WebSite","@id":"https:\/\/martinezcaballeroabogados.com\/de\/#website","url":"https:\/\/martinezcaballeroabogados.com\/de\/","name":"Martinez & Caballero Abogados","description":"Umfassende Rechtsberatung in Barcelona","publisher":{"@id":"https:\/\/martinezcaballeroabogados.com\/de\/#organization"},"potentialAction":[{"@type":"SearchAction","target":{"@type":"EntryPoint","urlTemplate":"https:\/\/martinezcaballeroabogados.com\/de\/?s={search_term_string}"},"query-input":{"@type":"PropertyValueSpecification","valueRequired":true,"valueName":"search_term_string"}}],"inLanguage":"de"},{"@type":"Organization","@id":"https:\/\/martinezcaballeroabogados.com\/de\/#organization","name":"Martinez & Caballero Abogados","url":"https:\/\/martinezcaballeroabogados.com\/de\/","logo":{"@type":"ImageObject","inLanguage":"de","@id":"https:\/\/martinezcaballeroabogados.com\/de\/#\/schema\/logo\/image\/","url":"https:\/\/martinezcaballeroabogados.com\/wp-content\/uploads\/2020\/02\/cropped-cropped-logo-mc-abogados-web-1-e1497812507401-1.png","contentUrl":"https:\/\/martinezcaballeroabogados.com\/wp-content\/uploads\/2020\/02\/cropped-cropped-logo-mc-abogados-web-1-e1497812507401-1.png","width":300,"height":150,"caption":"Martinez & Caballero Abogados"},"image":{"@id":"https:\/\/martinezcaballeroabogados.com\/de\/#\/schema\/logo\/image\/"},"sameAs":["https:\/\/www.facebook.com\/martinezcaballeroabogados\/","https:\/\/x.com\/MC_abogados_","https:\/\/www.instagram.com\/extranjeriabarcelonaabogados\/"]},{"@type":"Person","@id":"https:\/\/martinezcaballeroabogados.com\/de\/#\/schema\/person\/ee5a2bfe30c40c7af67cac2f7f0836d3","name":"martinez-admin","image":{"@type":"ImageObject","inLanguage":"de","@id":"https:\/\/martinezcaballeroabogados.com\/de\/#\/schema\/person\/image\/","url":"https:\/\/secure.gravatar.com\/avatar\/e75c4c04fb977670e5006b7e6fc3f34d?s=96&d=mm&r=g","contentUrl":"https:\/\/secure.gravatar.com\/avatar\/e75c4c04fb977670e5006b7e6fc3f34d?s=96&d=mm&r=g","caption":"martinez-admin"}}]}},"_links":{"self":[{"href":"https:\/\/martinezcaballeroabogados.com\/de\/wp-json\/wp\/v2\/posts\/23078","targetHints":{"allow":["GET"]}}],"collection":[{"href":"https:\/\/martinezcaballeroabogados.com\/de\/wp-json\/wp\/v2\/posts"}],"about":[{"href":"https:\/\/martinezcaballeroabogados.com\/de\/wp-json\/wp\/v2\/types\/post"}],"author":[{"embeddable":true,"href":"https:\/\/martinezcaballeroabogados.com\/de\/wp-json\/wp\/v2\/users\/1"}],"replies":[{"embeddable":true,"href":"https:\/\/martinezcaballeroabogados.com\/de\/wp-json\/wp\/v2\/comments?post=23078"}],"version-history":[{"count":1,"href":"https:\/\/martinezcaballeroabogados.com\/de\/wp-json\/wp\/v2\/posts\/23078\/revisions"}],"predecessor-version":[{"id":23079,"href":"https:\/\/martinezcaballeroabogados.com\/de\/wp-json\/wp\/v2\/posts\/23078\/revisions\/23079"}],"wp:featuredmedia":[{"embeddable":true,"href":"https:\/\/martinezcaballeroabogados.com\/de\/wp-json\/wp\/v2\/media\/23068"}],"wp:attachment":[{"href":"https:\/\/martinezcaballeroabogados.com\/de\/wp-json\/wp\/v2\/media?parent=23078"}],"wp:term":[{"taxonomy":"category","embeddable":true,"href":"https:\/\/martinezcaballeroabogados.com\/de\/wp-json\/wp\/v2\/categories?post=23078"},{"taxonomy":"post_tag","embeddable":true,"href":"https:\/\/martinezcaballeroabogados.com\/de\/wp-json\/wp\/v2\/tags?post=23078"}],"curies":[{"name":"wp","href":"https:\/\/api.w.org\/{rel}","templated":true}]}}