{"id":10370,"date":"2020-05-21T08:24:26","date_gmt":"2020-05-21T08:24:26","guid":{"rendered":"https:\/\/martinezcaballeroabogados.com\/verlangerung-von-genehmigungen-und-aussetzung-von-verwaltungsfristen-im-bereich-der-auslanderpolitik\/"},"modified":"2022-12-30T15:12:31","modified_gmt":"2022-12-30T15:12:31","slug":"verlangerung-von-genehmigungen-und-aussetzung-von-verwaltungsfristen-im-bereich-der-auslanderpolitik","status":"publish","type":"post","link":"https:\/\/martinezcaballeroabogados.com\/de\/verlangerung-von-genehmigungen-und-aussetzung-von-verwaltungsfristen-im-bereich-der-auslanderpolitik\/","title":{"rendered":"VERL\u00c4NGERUNG VON GENEHMIGUNGEN UND AUSSETZUNG VON VERWALTUNGSFRISTEN IM BEREICH DER AUSL\u00c4NDERPOLITIK"},"content":{"rendered":"\t\t<div data-elementor-type=\"wp-post\" data-elementor-id=\"10370\" class=\"elementor elementor-10370 elementor-3793\" data-elementor-post-type=\"post\">\n\t\t\t\t\t\t<section class=\"elementor-section elementor-top-section elementor-element elementor-element-c0c2076 elementor-section-boxed elementor-section-height-default elementor-section-height-default\" data-id=\"c0c2076\" data-element_type=\"section\" data-e-type=\"section\">\n\t\t\t\t\t\t<div class=\"elementor-container elementor-column-gap-extended\">\n\t\t\t\t\t<div class=\"elementor-column elementor-col-100 elementor-top-column elementor-element elementor-element-17cd7baa sc_inner_width_none sc_layouts_column_icons_position_left\" data-id=\"17cd7baa\" data-element_type=\"column\" data-e-type=\"column\">\n\t\t\t<div class=\"elementor-widget-wrap elementor-element-populated\">\n\t\t\t\t\t\t<div class=\"elementor-element elementor-element-6df128cf sc_fly_static elementor-widget elementor-widget-text-editor\" data-id=\"6df128cf\" data-element_type=\"widget\" data-e-type=\"widget\" data-widget_type=\"text-editor.default\">\n\t\t\t\t<div class=\"elementor-widget-container\">\n\t\t\t\t\t\t\t\t\t<h4><strong>AUSSETZUNG VON VERWALTUNGSFRISTEN UND VERL\u00c4NGERUNG VON GENEHMIGUNGEN<\/strong><\/h4>\n<div> <\/div>\n<div>Als am 14. M\u00e4rz 2020 in Spanien der Ausnahmezustand begann, war eine der Hauptsorgen vieler Ausl\u00e4nder die Frage, wie sie ihre Genehmigungen verl\u00e4ngern k\u00f6nnen, wenn die meisten \u00f6ffentlichen Einrichtungen, bei denen sie normalerweise Dokumente beantragen, z. B. das Rathaus (um Volksz\u00e4hlungsformulare oder historische Meldebescheinigungen anzufordern), geschlossen waren.  <\/div>\n<div> <\/div>\n<div>Eine der ersten Ma\u00dfnahmen, die der spanische Staat ergriff, war daher die Aussetzung der Verwaltungsfristen. Dies soll anhand eines Beispiels verdeutlicht werden.<\/div>\n<div> <\/div>\n<div>Wir haben vom B\u00fcro aus mehrere Verl\u00e4ngerungsantr\u00e4ge gestellt, und bei einigen fehlten die Unterlagen. In diesem Fall \u00fcbermittelt uns die Ausl\u00e4nderbeh\u00f6rde den Antrag online und f\u00fcgt eine Klausel bei, in der Folgendes festgelegt ist:<\/div>\n<blockquote>\n<div> <\/div>\n<div>WICHTIG: Die 10-t\u00e4gige Frist f\u00fcr die Vorlage der angegebenen Unterlagen ist bis zum Ende des durch den K\u00f6niglichen Erlass 463\/2020 vom 14. M\u00e4rz (Zweite Zusatzbestimmung) ausgerufenen Alarmzustands ausgesetzt.<\/div>\n<\/blockquote>\n<div> <\/div>\n<div>\n<p>Dies gab uns die M\u00f6glichkeit, nach der Aufhebung des Alarmzustands Unterlagen zur Verf\u00fcgung zu stellen, so dass Personen, denen Unterlagen fehlten, Zeit und Sicherheit hatten, diese zu beschaffen und\/oder sie bei \u00f6ffentlichen Stellen anzufordern.<\/p>\n<h6><strong>ERWEITERUNG DER ZULASSUNGEN<\/strong><\/h6>\n<\/p>\n<\/div>\n<div>Am 18. Mai wurde die Verordnung SND\/421\/2020 erlassen, mit der Ma\u00dfnahmen in Bezug auf die Verl\u00e4ngerung der Aufenthalts-, Aufenthalts- und\/oder Arbeitserlaubnis und andere Situationen von Ausl\u00e4ndern in Spanien als Folge der COVID-19 angenommen wurden.<\/div>\n<div> <\/div>\n<h6><strong>A) Verl\u00e4ngerung von befristeten Genehmigungen und Aufenthaltsgenehmigungen.<\/strong><\/h6>\n<div> <\/div>\n<h6><strong>Anforderungen:<\/strong><\/h6>\n<div> <\/div>\n<div>Ablauf (Expire) w\u00e4hrend des Alarmzustands.<\/div>\n<div>Verl\u00e4ngerung ab dem Ablaufdatum der Karte bis sechs Monate nach Ende des Alarmzustands.<\/div>\n<div>Wenn Sie bereits einen Verl\u00e4ngerungsantrag gestellt und einen positiven Bescheid erhalten haben, gilt diese Verl\u00e4ngerung nicht f\u00fcr Sie.<\/div>\n<div> <\/div>\n<blockquote>\n<div>Verl\u00e4ngerung von befristeten Aufenthalts- und\/oder Arbeitsgenehmigungen und Aufenthaltsgenehmigungen bis zu 6 Monaten nach Ende der Ausschreibung.<\/div>\n<\/blockquote>\n<div> <\/div>\n<h6><strong>B) Verl\u00e4ngerung der Karten f\u00fcr Familienangeh\u00f6rige von Unionsb\u00fcrgern.<\/strong><\/h6>\n<div> <\/div>\n<div>Die G\u00fcltigkeit der Ausweise f\u00fcr Familienangeh\u00f6rige von Unionsb\u00fcrgern, deren G\u00fcltigkeit w\u00e4hrend des Ausnahmezustands oder in den 90 Kalendertagen vor der Verh\u00e4ngung des Ausnahmezustands abgelaufen ist, wird automatisch f\u00fcr die Dauer des Ausnahmezustands und f\u00fcr einen Zeitraum von bis zu sechs Monaten nach Beendigung des Ausnahmezustands verl\u00e4ngert.<\/div>\n<div> <\/div>\n<h6><strong>C) Verl\u00e4ngerung von Ausl\u00e4nderausweisen, die auf der Grundlage eines langfristigen Aufenthalts ausgestellt wurden.<\/strong><\/h6>\n<div> <\/div>\n<div>Die G\u00fcltigkeit von Ausl\u00e4nderausweisen, die auf der Grundlage eines langfristigen Aufenthalts ausgestellt wurden und deren G\u00fcltigkeit w\u00e4hrend des Alarmzustands oder in den neunzig Kalendertagen vor der Ausrufung des Alarmzustands abgelaufen ist, wird automatisch f\u00fcr die Dauer des Alarmzustands und f\u00fcr einen Zeitraum von bis zu sechs Monaten ab dem Ende des Alarmzustands verl\u00e4ngert.<\/div>\n<div> <\/div>\n<h6><strong>D) Verl\u00e4ngerung der Aufenthalte um bis zu neunzig Tage.<\/strong><\/h6>\n<div> <\/div>\n<div>Der Aufenthalt von Personen, die sich in Spanien aufhalten und deren Aufenthaltsdauer von h\u00f6chstens neunzig Tagen w\u00e4hrend des Bestehens des Alarmzustands abgelaufen ist, wird automatisch um drei Monate verl\u00e4ngert. Dies wird f\u00fcr <strong>TOURISTEN<\/strong> der Fall sein. Aber VORSICHT, die G\u00fcltigkeit gilt nur f\u00fcr das spanische Hoheitsgebiet (das bedeutet, dass sie nicht reisen k\u00f6nnen) und diese Zeit wird auch f\u00fcr zuk\u00fcnftige Aufenthalte angerechnet.<\/div>\n<div> <\/div>\n<h6><strong>FRAGEN:<\/strong><\/h6>\n<div> <\/div>\n<h6><strong>Wenn ich im Ausland bin und meine Karte abgelaufen ist?<\/strong><\/h6>\n<div> <\/div>\n<div>Gegen Vorlage Ihres g\u00fcltigen Reisedokuments und Ihres abgelaufenen Ausl\u00e4nderausweises k\u00f6nnen Sie nach Spanien einreisen.<\/div>\n<div> <\/div>\n<h6><strong>Z\u00e4hlt die Zeit, in der ich f\u00fcr COVID-.19 abwesend war, als Abwesenheit f\u00fcr die Erneuerung meiner Genehmigung oder die Beantragung der Staatsb\u00fcrgerschaft?<\/strong><\/h6>\n<div> <\/div>\n<div>Bei der Pr\u00fcfung der anzuerkennenden Kontinuit\u00e4t des Wohnsitzes werden Abwesenheiten vom spanischen Hoheitsgebiet, die darauf zur\u00fcckzuf\u00fchren sind, dass eine R\u00fcckkehr nach Spanien aufgrund von COVID-19 nicht m\u00f6glich ist, nicht ber\u00fccksichtigt.<\/div>\n<div> <\/div>\n<div>Martinez &amp; Caballero Anw\u00e4lte<\/div>\n\t\t\t\t\t\t\t\t<\/div>\n\t\t\t\t<\/div>\n\t\t\t\t\t<\/div>\n\t\t<\/div>\n\t\t\t\t\t<\/div>\n\t\t<\/section>\n\t\t\t\t<section class=\"elementor-section elementor-top-section elementor-element elementor-element-d897a35 elementor-section-boxed elementor-section-height-default elementor-section-height-default\" data-id=\"d897a35\" data-element_type=\"section\" data-e-type=\"section\">\n\t\t\t\t\t\t<div class=\"elementor-container elementor-column-gap-extended\">\n\t\t\t\t\t<div class=\"elementor-column elementor-col-100 elementor-top-column elementor-element elementor-element-5821f04 sc_inner_width_none sc_layouts_column_icons_position_left\" data-id=\"5821f04\" data-element_type=\"column\" data-e-type=\"column\">\n\t\t\t<div class=\"elementor-widget-wrap\">\n\t\t\t\t\t\t\t<\/div>\n\t\t<\/div>\n\t\t\t\t\t<\/div>\n\t\t<\/section>\n\t\t\t\t<\/div>\n\t\t","protected":false},"excerpt":{"rendered":"<p>AUSSETZUNG VON VERWALTUNGSFRISTEN UND VERL\u00c4NGERUNG VON GENEHMIGUNGEN Als am 14. M\u00e4rz 2020 in Spanien der Ausnahmezustand begann, war eine der Hauptsorgen vieler Ausl\u00e4nder die Frage, wie sie ihre Genehmigungen verl\u00e4ngern k\u00f6nnen, wenn die meisten \u00f6ffentlichen Einrichtungen, bei denen sie normalerweise Dokumente beantragen, z. B. das Rathaus (um Volksz\u00e4hlungsformulare oder historische Meldebescheinigungen anzufordern), geschlossen waren. Eine der ersten Ma\u00dfnahmen, die der spanische Staat ergriff, war daher die Aussetzung der Verwaltungsfristen. Dies soll anhand eines Beispiels verdeutlicht werden. Wir haben vom B\u00fcro&hellip;<\/p>\n","protected":false},"author":1,"featured_media":7677,"comment_status":"closed","ping_status":"open","sticky":false,"template":"","format":"standard","meta":{"_monsterinsights_skip_tracking":false,"_monsterinsights_sitenote_active":false,"_monsterinsights_sitenote_note":"","_monsterinsights_sitenote_category":0,"_joinchat":[],"footnotes":""},"categories":[1],"tags":[],"class_list":["post-10370","post","type-post","status-publish","format-standard","has-post-thumbnail","hentry","category-sin-categorizar"],"yoast_head":"<!-- This site is optimized with the Yoast SEO plugin v26.8 - https:\/\/yoast.com\/product\/yoast-seo-wordpress\/ -->\n<title>Fristen und Verl\u00e4ngerung von Genehmigungenessep Martinez Caballero Abogados<\/title>\n<meta name=\"description\" content=\"Mit dem Beginn des Alarmzustands wurde die Aussetzung von Verwaltungsfristen und die Verl\u00e4ngerung von Genehmigungen f\u00fcr Migranten angeordnet.\" \/>\n<meta name=\"robots\" content=\"index, follow, max-snippet:-1, max-image-preview:large, max-video-preview:-1\" \/>\n<link rel=\"canonical\" href=\"https:\/\/martinezcaballeroabogados.com\/de\/verlangerung-von-genehmigungen-und-aussetzung-von-verwaltungsfristen-im-bereich-der-auslanderpolitik\/\" \/>\n<meta property=\"og:locale\" content=\"de_DE\" \/>\n<meta property=\"og:type\" content=\"article\" \/>\n<meta property=\"og:title\" content=\"Fristen und Verl\u00e4ngerung von Genehmigungenessep Martinez Caballero Abogados\" \/>\n<meta property=\"og:description\" content=\"Mit dem Beginn des Alarmzustands wurde die Aussetzung von Verwaltungsfristen und die Verl\u00e4ngerung von Genehmigungen f\u00fcr Migranten angeordnet.\" \/>\n<meta property=\"og:url\" content=\"https:\/\/martinezcaballeroabogados.com\/de\/verlangerung-von-genehmigungen-und-aussetzung-von-verwaltungsfristen-im-bereich-der-auslanderpolitik\/\" \/>\n<meta property=\"og:site_name\" content=\"Martinez Caballero Abogados\" \/>\n<meta property=\"article:publisher\" content=\"https:\/\/www.facebook.com\/martinezcaballeroabogados\/\" \/>\n<meta property=\"article:published_time\" content=\"2020-05-21T08:24:26+00:00\" \/>\n<meta property=\"article:modified_time\" content=\"2022-12-30T15:12:31+00:00\" \/>\n<meta property=\"og:image\" content=\"https:\/\/martinezcaballeroabogados.com\/wp-content\/uploads\/2020\/05\/2cheerful-young-woman-screaming-into-megaphone-3761509.jpg\" \/>\n\t<meta property=\"og:image:width\" content=\"1280\" \/>\n\t<meta property=\"og:image:height\" content=\"960\" \/>\n\t<meta property=\"og:image:type\" content=\"image\/jpeg\" \/>\n<meta name=\"author\" content=\"martinez-admin\" \/>\n<meta name=\"twitter:card\" content=\"summary_large_image\" \/>\n<meta name=\"twitter:creator\" content=\"@MC_abogados_\" \/>\n<meta name=\"twitter:site\" content=\"@MC_abogados_\" \/>\n<meta name=\"twitter:label1\" content=\"Verfasst von\" \/>\n\t<meta name=\"twitter:data1\" content=\"martinez-admin\" \/>\n\t<meta name=\"twitter:label2\" content=\"Gesch\u00e4tzte Lesezeit\" \/>\n\t<meta name=\"twitter:data2\" content=\"3\u00a0Minuten\" \/>\n<script type=\"application\/ld+json\" class=\"yoast-schema-graph\">{\"@context\":\"https:\/\/schema.org\",\"@graph\":[{\"@type\":\"Article\",\"@id\":\"https:\/\/martinezcaballeroabogados.com\/de\/verlangerung-von-genehmigungen-und-aussetzung-von-verwaltungsfristen-im-bereich-der-auslanderpolitik\/#article\",\"isPartOf\":{\"@id\":\"https:\/\/martinezcaballeroabogados.com\/de\/verlangerung-von-genehmigungen-und-aussetzung-von-verwaltungsfristen-im-bereich-der-auslanderpolitik\/\"},\"author\":{\"name\":\"martinez-admin\",\"@id\":\"https:\/\/martinezcaballeroabogados.com\/de\/#\/schema\/person\/ee5a2bfe30c40c7af67cac2f7f0836d3\"},\"headline\":\"VERL\u00c4NGERUNG VON GENEHMIGUNGEN UND AUSSETZUNG VON VERWALTUNGSFRISTEN IM BEREICH DER AUSL\u00c4NDERPOLITIK\",\"datePublished\":\"2020-05-21T08:24:26+00:00\",\"dateModified\":\"2022-12-30T15:12:31+00:00\",\"mainEntityOfPage\":{\"@id\":\"https:\/\/martinezcaballeroabogados.com\/de\/verlangerung-von-genehmigungen-und-aussetzung-von-verwaltungsfristen-im-bereich-der-auslanderpolitik\/\"},\"wordCount\":627,\"publisher\":{\"@id\":\"https:\/\/martinezcaballeroabogados.com\/de\/#organization\"},\"image\":{\"@id\":\"https:\/\/martinezcaballeroabogados.com\/de\/verlangerung-von-genehmigungen-und-aussetzung-von-verwaltungsfristen-im-bereich-der-auslanderpolitik\/#primaryimage\"},\"thumbnailUrl\":\"https:\/\/martinezcaballeroabogados.com\/wp-content\/uploads\/2020\/05\/2cheerful-young-woman-screaming-into-megaphone-3761509.jpg\",\"articleSection\":[\"Sin categorizar\"],\"inLanguage\":\"de\"},{\"@type\":\"WebPage\",\"@id\":\"https:\/\/martinezcaballeroabogados.com\/de\/verlangerung-von-genehmigungen-und-aussetzung-von-verwaltungsfristen-im-bereich-der-auslanderpolitik\/\",\"url\":\"https:\/\/martinezcaballeroabogados.com\/de\/verlangerung-von-genehmigungen-und-aussetzung-von-verwaltungsfristen-im-bereich-der-auslanderpolitik\/\",\"name\":\"Fristen und Verl\u00e4ngerung von Genehmigungenessep Martinez Caballero Abogados\",\"isPartOf\":{\"@id\":\"https:\/\/martinezcaballeroabogados.com\/de\/#website\"},\"primaryImageOfPage\":{\"@id\":\"https:\/\/martinezcaballeroabogados.com\/de\/verlangerung-von-genehmigungen-und-aussetzung-von-verwaltungsfristen-im-bereich-der-auslanderpolitik\/#primaryimage\"},\"image\":{\"@id\":\"https:\/\/martinezcaballeroabogados.com\/de\/verlangerung-von-genehmigungen-und-aussetzung-von-verwaltungsfristen-im-bereich-der-auslanderpolitik\/#primaryimage\"},\"thumbnailUrl\":\"https:\/\/martinezcaballeroabogados.com\/wp-content\/uploads\/2020\/05\/2cheerful-young-woman-screaming-into-megaphone-3761509.jpg\",\"datePublished\":\"2020-05-21T08:24:26+00:00\",\"dateModified\":\"2022-12-30T15:12:31+00:00\",\"description\":\"Mit dem Beginn des Alarmzustands wurde die Aussetzung von Verwaltungsfristen und die Verl\u00e4ngerung von Genehmigungen f\u00fcr Migranten angeordnet.\",\"breadcrumb\":{\"@id\":\"https:\/\/martinezcaballeroabogados.com\/de\/verlangerung-von-genehmigungen-und-aussetzung-von-verwaltungsfristen-im-bereich-der-auslanderpolitik\/#breadcrumb\"},\"inLanguage\":\"de\",\"potentialAction\":[{\"@type\":\"ReadAction\",\"target\":[\"https:\/\/martinezcaballeroabogados.com\/de\/verlangerung-von-genehmigungen-und-aussetzung-von-verwaltungsfristen-im-bereich-der-auslanderpolitik\/\"]}]},{\"@type\":\"ImageObject\",\"inLanguage\":\"de\",\"@id\":\"https:\/\/martinezcaballeroabogados.com\/de\/verlangerung-von-genehmigungen-und-aussetzung-von-verwaltungsfristen-im-bereich-der-auslanderpolitik\/#primaryimage\",\"url\":\"https:\/\/martinezcaballeroabogados.com\/wp-content\/uploads\/2020\/05\/2cheerful-young-woman-screaming-into-megaphone-3761509.jpg\",\"contentUrl\":\"https:\/\/martinezcaballeroabogados.com\/wp-content\/uploads\/2020\/05\/2cheerful-young-woman-screaming-into-megaphone-3761509.jpg\",\"width\":1280,\"height\":960},{\"@type\":\"BreadcrumbList\",\"@id\":\"https:\/\/martinezcaballeroabogados.com\/de\/verlangerung-von-genehmigungen-und-aussetzung-von-verwaltungsfristen-im-bereich-der-auslanderpolitik\/#breadcrumb\",\"itemListElement\":[{\"@type\":\"ListItem\",\"position\":1,\"name\":\"Portada\",\"item\":\"https:\/\/martinezcaballeroabogados.com\/de\/anwalte-in-barcelona\/\"},{\"@type\":\"ListItem\",\"position\":2,\"name\":\"VERL\u00c4NGERUNG VON GENEHMIGUNGEN UND AUSSETZUNG VON VERWALTUNGSFRISTEN IM BEREICH DER AUSL\u00c4NDERPOLITIK\"}]},{\"@type\":\"WebSite\",\"@id\":\"https:\/\/martinezcaballeroabogados.com\/de\/#website\",\"url\":\"https:\/\/martinezcaballeroabogados.com\/de\/\",\"name\":\"Martinez & Caballero Abogados\",\"description\":\"Umfassende Rechtsberatung in Barcelona\",\"publisher\":{\"@id\":\"https:\/\/martinezcaballeroabogados.com\/de\/#organization\"},\"potentialAction\":[{\"@type\":\"SearchAction\",\"target\":{\"@type\":\"EntryPoint\",\"urlTemplate\":\"https:\/\/martinezcaballeroabogados.com\/de\/?s={search_term_string}\"},\"query-input\":{\"@type\":\"PropertyValueSpecification\",\"valueRequired\":true,\"valueName\":\"search_term_string\"}}],\"inLanguage\":\"de\"},{\"@type\":\"Organization\",\"@id\":\"https:\/\/martinezcaballeroabogados.com\/de\/#organization\",\"name\":\"Martinez & Caballero Abogados\",\"url\":\"https:\/\/martinezcaballeroabogados.com\/de\/\",\"logo\":{\"@type\":\"ImageObject\",\"inLanguage\":\"de\",\"@id\":\"https:\/\/martinezcaballeroabogados.com\/de\/#\/schema\/logo\/image\/\",\"url\":\"https:\/\/martinezcaballeroabogados.com\/wp-content\/uploads\/2020\/02\/cropped-cropped-logo-mc-abogados-web-1-e1497812507401-1.png\",\"contentUrl\":\"https:\/\/martinezcaballeroabogados.com\/wp-content\/uploads\/2020\/02\/cropped-cropped-logo-mc-abogados-web-1-e1497812507401-1.png\",\"width\":300,\"height\":150,\"caption\":\"Martinez & Caballero Abogados\"},\"image\":{\"@id\":\"https:\/\/martinezcaballeroabogados.com\/de\/#\/schema\/logo\/image\/\"},\"sameAs\":[\"https:\/\/www.facebook.com\/martinezcaballeroabogados\/\",\"https:\/\/x.com\/MC_abogados_\",\"https:\/\/www.instagram.com\/extranjeriabarcelonaabogados\/\"]},{\"@type\":\"Person\",\"@id\":\"https:\/\/martinezcaballeroabogados.com\/de\/#\/schema\/person\/ee5a2bfe30c40c7af67cac2f7f0836d3\",\"name\":\"martinez-admin\",\"image\":{\"@type\":\"ImageObject\",\"inLanguage\":\"de\",\"@id\":\"https:\/\/martinezcaballeroabogados.com\/de\/#\/schema\/person\/image\/\",\"url\":\"https:\/\/secure.gravatar.com\/avatar\/e75c4c04fb977670e5006b7e6fc3f34d?s=96&d=mm&r=g\",\"contentUrl\":\"https:\/\/secure.gravatar.com\/avatar\/e75c4c04fb977670e5006b7e6fc3f34d?s=96&d=mm&r=g\",\"caption\":\"martinez-admin\"}}]}<\/script>\n<!-- \/ Yoast SEO plugin. -->","yoast_head_json":{"title":"Fristen und Verl\u00e4ngerung von Genehmigungenessep Martinez Caballero Abogados","description":"Mit dem Beginn des Alarmzustands wurde die Aussetzung von Verwaltungsfristen und die Verl\u00e4ngerung von Genehmigungen f\u00fcr Migranten angeordnet.","robots":{"index":"index","follow":"follow","max-snippet":"max-snippet:-1","max-image-preview":"max-image-preview:large","max-video-preview":"max-video-preview:-1"},"canonical":"https:\/\/martinezcaballeroabogados.com\/de\/verlangerung-von-genehmigungen-und-aussetzung-von-verwaltungsfristen-im-bereich-der-auslanderpolitik\/","og_locale":"de_DE","og_type":"article","og_title":"Fristen und Verl\u00e4ngerung von Genehmigungenessep Martinez Caballero Abogados","og_description":"Mit dem Beginn des Alarmzustands wurde die Aussetzung von Verwaltungsfristen und die Verl\u00e4ngerung von Genehmigungen f\u00fcr Migranten angeordnet.","og_url":"https:\/\/martinezcaballeroabogados.com\/de\/verlangerung-von-genehmigungen-und-aussetzung-von-verwaltungsfristen-im-bereich-der-auslanderpolitik\/","og_site_name":"Martinez Caballero Abogados","article_publisher":"https:\/\/www.facebook.com\/martinezcaballeroabogados\/","article_published_time":"2020-05-21T08:24:26+00:00","article_modified_time":"2022-12-30T15:12:31+00:00","og_image":[{"width":1280,"height":960,"url":"https:\/\/martinezcaballeroabogados.com\/wp-content\/uploads\/2020\/05\/2cheerful-young-woman-screaming-into-megaphone-3761509.jpg","type":"image\/jpeg"}],"author":"martinez-admin","twitter_card":"summary_large_image","twitter_creator":"@MC_abogados_","twitter_site":"@MC_abogados_","twitter_misc":{"Verfasst von":"martinez-admin","Gesch\u00e4tzte Lesezeit":"3\u00a0Minuten"},"schema":{"@context":"https:\/\/schema.org","@graph":[{"@type":"Article","@id":"https:\/\/martinezcaballeroabogados.com\/de\/verlangerung-von-genehmigungen-und-aussetzung-von-verwaltungsfristen-im-bereich-der-auslanderpolitik\/#article","isPartOf":{"@id":"https:\/\/martinezcaballeroabogados.com\/de\/verlangerung-von-genehmigungen-und-aussetzung-von-verwaltungsfristen-im-bereich-der-auslanderpolitik\/"},"author":{"name":"martinez-admin","@id":"https:\/\/martinezcaballeroabogados.com\/de\/#\/schema\/person\/ee5a2bfe30c40c7af67cac2f7f0836d3"},"headline":"VERL\u00c4NGERUNG VON GENEHMIGUNGEN UND AUSSETZUNG VON VERWALTUNGSFRISTEN IM BEREICH DER AUSL\u00c4NDERPOLITIK","datePublished":"2020-05-21T08:24:26+00:00","dateModified":"2022-12-30T15:12:31+00:00","mainEntityOfPage":{"@id":"https:\/\/martinezcaballeroabogados.com\/de\/verlangerung-von-genehmigungen-und-aussetzung-von-verwaltungsfristen-im-bereich-der-auslanderpolitik\/"},"wordCount":627,"publisher":{"@id":"https:\/\/martinezcaballeroabogados.com\/de\/#organization"},"image":{"@id":"https:\/\/martinezcaballeroabogados.com\/de\/verlangerung-von-genehmigungen-und-aussetzung-von-verwaltungsfristen-im-bereich-der-auslanderpolitik\/#primaryimage"},"thumbnailUrl":"https:\/\/martinezcaballeroabogados.com\/wp-content\/uploads\/2020\/05\/2cheerful-young-woman-screaming-into-megaphone-3761509.jpg","articleSection":["Sin categorizar"],"inLanguage":"de"},{"@type":"WebPage","@id":"https:\/\/martinezcaballeroabogados.com\/de\/verlangerung-von-genehmigungen-und-aussetzung-von-verwaltungsfristen-im-bereich-der-auslanderpolitik\/","url":"https:\/\/martinezcaballeroabogados.com\/de\/verlangerung-von-genehmigungen-und-aussetzung-von-verwaltungsfristen-im-bereich-der-auslanderpolitik\/","name":"Fristen und Verl\u00e4ngerung von Genehmigungenessep Martinez Caballero Abogados","isPartOf":{"@id":"https:\/\/martinezcaballeroabogados.com\/de\/#website"},"primaryImageOfPage":{"@id":"https:\/\/martinezcaballeroabogados.com\/de\/verlangerung-von-genehmigungen-und-aussetzung-von-verwaltungsfristen-im-bereich-der-auslanderpolitik\/#primaryimage"},"image":{"@id":"https:\/\/martinezcaballeroabogados.com\/de\/verlangerung-von-genehmigungen-und-aussetzung-von-verwaltungsfristen-im-bereich-der-auslanderpolitik\/#primaryimage"},"thumbnailUrl":"https:\/\/martinezcaballeroabogados.com\/wp-content\/uploads\/2020\/05\/2cheerful-young-woman-screaming-into-megaphone-3761509.jpg","datePublished":"2020-05-21T08:24:26+00:00","dateModified":"2022-12-30T15:12:31+00:00","description":"Mit dem Beginn des Alarmzustands wurde die Aussetzung von Verwaltungsfristen und die Verl\u00e4ngerung von Genehmigungen f\u00fcr Migranten angeordnet.","breadcrumb":{"@id":"https:\/\/martinezcaballeroabogados.com\/de\/verlangerung-von-genehmigungen-und-aussetzung-von-verwaltungsfristen-im-bereich-der-auslanderpolitik\/#breadcrumb"},"inLanguage":"de","potentialAction":[{"@type":"ReadAction","target":["https:\/\/martinezcaballeroabogados.com\/de\/verlangerung-von-genehmigungen-und-aussetzung-von-verwaltungsfristen-im-bereich-der-auslanderpolitik\/"]}]},{"@type":"ImageObject","inLanguage":"de","@id":"https:\/\/martinezcaballeroabogados.com\/de\/verlangerung-von-genehmigungen-und-aussetzung-von-verwaltungsfristen-im-bereich-der-auslanderpolitik\/#primaryimage","url":"https:\/\/martinezcaballeroabogados.com\/wp-content\/uploads\/2020\/05\/2cheerful-young-woman-screaming-into-megaphone-3761509.jpg","contentUrl":"https:\/\/martinezcaballeroabogados.com\/wp-content\/uploads\/2020\/05\/2cheerful-young-woman-screaming-into-megaphone-3761509.jpg","width":1280,"height":960},{"@type":"BreadcrumbList","@id":"https:\/\/martinezcaballeroabogados.com\/de\/verlangerung-von-genehmigungen-und-aussetzung-von-verwaltungsfristen-im-bereich-der-auslanderpolitik\/#breadcrumb","itemListElement":[{"@type":"ListItem","position":1,"name":"Portada","item":"https:\/\/martinezcaballeroabogados.com\/de\/anwalte-in-barcelona\/"},{"@type":"ListItem","position":2,"name":"VERL\u00c4NGERUNG VON GENEHMIGUNGEN UND AUSSETZUNG VON VERWALTUNGSFRISTEN IM BEREICH DER AUSL\u00c4NDERPOLITIK"}]},{"@type":"WebSite","@id":"https:\/\/martinezcaballeroabogados.com\/de\/#website","url":"https:\/\/martinezcaballeroabogados.com\/de\/","name":"Martinez & Caballero Abogados","description":"Umfassende Rechtsberatung in Barcelona","publisher":{"@id":"https:\/\/martinezcaballeroabogados.com\/de\/#organization"},"potentialAction":[{"@type":"SearchAction","target":{"@type":"EntryPoint","urlTemplate":"https:\/\/martinezcaballeroabogados.com\/de\/?s={search_term_string}"},"query-input":{"@type":"PropertyValueSpecification","valueRequired":true,"valueName":"search_term_string"}}],"inLanguage":"de"},{"@type":"Organization","@id":"https:\/\/martinezcaballeroabogados.com\/de\/#organization","name":"Martinez & Caballero Abogados","url":"https:\/\/martinezcaballeroabogados.com\/de\/","logo":{"@type":"ImageObject","inLanguage":"de","@id":"https:\/\/martinezcaballeroabogados.com\/de\/#\/schema\/logo\/image\/","url":"https:\/\/martinezcaballeroabogados.com\/wp-content\/uploads\/2020\/02\/cropped-cropped-logo-mc-abogados-web-1-e1497812507401-1.png","contentUrl":"https:\/\/martinezcaballeroabogados.com\/wp-content\/uploads\/2020\/02\/cropped-cropped-logo-mc-abogados-web-1-e1497812507401-1.png","width":300,"height":150,"caption":"Martinez & Caballero Abogados"},"image":{"@id":"https:\/\/martinezcaballeroabogados.com\/de\/#\/schema\/logo\/image\/"},"sameAs":["https:\/\/www.facebook.com\/martinezcaballeroabogados\/","https:\/\/x.com\/MC_abogados_","https:\/\/www.instagram.com\/extranjeriabarcelonaabogados\/"]},{"@type":"Person","@id":"https:\/\/martinezcaballeroabogados.com\/de\/#\/schema\/person\/ee5a2bfe30c40c7af67cac2f7f0836d3","name":"martinez-admin","image":{"@type":"ImageObject","inLanguage":"de","@id":"https:\/\/martinezcaballeroabogados.com\/de\/#\/schema\/person\/image\/","url":"https:\/\/secure.gravatar.com\/avatar\/e75c4c04fb977670e5006b7e6fc3f34d?s=96&d=mm&r=g","contentUrl":"https:\/\/secure.gravatar.com\/avatar\/e75c4c04fb977670e5006b7e6fc3f34d?s=96&d=mm&r=g","caption":"martinez-admin"}}]}},"_links":{"self":[{"href":"https:\/\/martinezcaballeroabogados.com\/de\/wp-json\/wp\/v2\/posts\/10370","targetHints":{"allow":["GET"]}}],"collection":[{"href":"https:\/\/martinezcaballeroabogados.com\/de\/wp-json\/wp\/v2\/posts"}],"about":[{"href":"https:\/\/martinezcaballeroabogados.com\/de\/wp-json\/wp\/v2\/types\/post"}],"author":[{"embeddable":true,"href":"https:\/\/martinezcaballeroabogados.com\/de\/wp-json\/wp\/v2\/users\/1"}],"replies":[{"embeddable":true,"href":"https:\/\/martinezcaballeroabogados.com\/de\/wp-json\/wp\/v2\/comments?post=10370"}],"version-history":[{"count":1,"href":"https:\/\/martinezcaballeroabogados.com\/de\/wp-json\/wp\/v2\/posts\/10370\/revisions"}],"predecessor-version":[{"id":10371,"href":"https:\/\/martinezcaballeroabogados.com\/de\/wp-json\/wp\/v2\/posts\/10370\/revisions\/10371"}],"wp:featuredmedia":[{"embeddable":true,"href":"https:\/\/martinezcaballeroabogados.com\/de\/wp-json\/wp\/v2\/media\/7677"}],"wp:attachment":[{"href":"https:\/\/martinezcaballeroabogados.com\/de\/wp-json\/wp\/v2\/media?parent=10370"}],"wp:term":[{"taxonomy":"category","embeddable":true,"href":"https:\/\/martinezcaballeroabogados.com\/de\/wp-json\/wp\/v2\/categories?post=10370"},{"taxonomy":"post_tag","embeddable":true,"href":"https:\/\/martinezcaballeroabogados.com\/de\/wp-json\/wp\/v2\/tags?post=10370"}],"curies":[{"name":"wp","href":"https:\/\/api.w.org\/{rel}","templated":true}]}}