{"id":10306,"date":"2020-12-28T07:00:43","date_gmt":"2020-12-28T07:00:43","guid":{"rendered":"https:\/\/martinezcaballeroabogados.com\/neue-entwicklungen-bei-auslandern\/"},"modified":"2023-07-14T08:22:26","modified_gmt":"2023-07-14T08:22:26","slug":"neue-entwicklungen-bei-auslandern","status":"publish","type":"post","link":"https:\/\/martinezcaballeroabogados.com\/de\/neue-entwicklungen-bei-auslandern\/","title":{"rendered":"NEUE ENTWICKLUNGEN BEI AUSL\u00c4NDERN"},"content":{"rendered":"\t\t<div data-elementor-type=\"wp-post\" data-elementor-id=\"10306\" class=\"elementor elementor-10306 elementor-4058\" data-elementor-post-type=\"post\">\n\t\t\t\t\t\t<section class=\"elementor-section elementor-top-section elementor-element elementor-element-c0c2076 elementor-section-boxed elementor-section-height-default elementor-section-height-default\" data-id=\"c0c2076\" data-element_type=\"section\" data-e-type=\"section\">\n\t\t\t\t\t\t<div class=\"elementor-container elementor-column-gap-extended\">\n\t\t\t\t\t<div class=\"elementor-column elementor-col-100 elementor-top-column elementor-element elementor-element-17cd7baa sc_inner_width_none sc_layouts_column_icons_position_left\" data-id=\"17cd7baa\" data-element_type=\"column\" data-e-type=\"column\">\n\t\t\t<div class=\"elementor-widget-wrap elementor-element-populated\">\n\t\t\t\t\t\t<div class=\"elementor-element elementor-element-6df128cf sc_fly_static elementor-widget elementor-widget-text-editor\" data-id=\"6df128cf\" data-element_type=\"widget\" data-e-type=\"widget\" data-widget_type=\"text-editor.default\">\n\t\t\t\t<div class=\"elementor-widget-container\">\n\t\t\t\t\t\t\t\t\t<p><span style=\"font-weight: 400;\">Das Ministerium f\u00fcr Eingliederung, soziale Sicherheit und Migration hat k\u00fcrzlich eine Pressemitteilung zu den Terminen f\u00fcr die Abnahme von Fingerabdr\u00fccken und den positiven Bescheiden f\u00fcr Ausl\u00e4nder herausgegeben.  <\/span><\/p>\n<p><b>Was ist das Ziel?<\/b><\/p>\n<ol>\n<li style=\"font-weight: 400;\" aria-level=\"1\"><span style=\"font-weight: 400;\">Schaffung von mehr Rechtssicherheit f\u00fcr ausl\u00e4ndische Staatsangeh\u00f6rige.  <\/span><\/li>\n<li style=\"font-weight: 400;\" aria-level=\"1\"><span style=\"font-weight: 400;\">Zur Beruhigung von Personen, die auf einen Termin f\u00fcr die Abnahme von Fingerabdr\u00fccken oder die Ausstellung der TIE warten.  <\/span><\/li>\n<li style=\"font-weight: 400;\" aria-level=\"1\"><span style=\"font-weight: 400;\">Durchsetzung der Rechte, die sich aus der vom Ausl\u00e4nderamt erteilten Genehmigung ergeben, gegen\u00fcber Dritten.<\/span><\/li>\n<\/ol>\n<p><b>Was hat das zu bedeuten?<\/b><\/p>\n<p><i><span style=\"font-weight: 400;\">Von nun an entfalten die von den Ausl\u00e4nderbeh\u00f6rden ausgestellten Beschl\u00fcsse ihre volle Wirkung unbeschadet der Erlangung des Ausl\u00e4nderausweises.  <\/span><\/i><span style=\"font-weight: 400;\">Es wird auch betont, dass (&#8230;)  <\/span><b><i>der blo\u00dfe Besitz dieses Beschlusses entfaltet volle Wirkung gegen\u00fcber der Verwaltung und Dritten, und seine Wirksamkeit ist nicht vom Erhalt des Ausl\u00e4nderausweises (TIE) abh\u00e4ngig.<\/i><\/b><\/p>\n<p><span style=\"font-weight: 400;\">Diese Erl\u00e4uterung in Form eines Erinnerungsschreibens wird in die Entscheidungen der Ausl\u00e4nderbeh\u00f6rde aufgenommen. Dies bedeutet, dass B\u00fcrger, die derzeit auf die Erteilung des EIT warten, die Entschlie\u00dfung f\u00fcr alle erforderlichen Verfahren nutzen k\u00f6nnen, wenn sie ihre Aufenthalts- und\/oder Arbeitsgenehmigung akkreditieren.<\/span><\/p>\n<p><span style=\"font-weight: 400;\">Die Inanspruchnahme des EIT ist ein Recht und eine Pflicht f\u00fcr die B\u00fcrgerinnen und B\u00fcrger. Diese Ma\u00dfnahme wird einer gro\u00dfen Zahl von Menschen zugute kommen, die sich bisher in dieser Situation befunden haben.  <\/span><\/p>\n<\/p>\n<p><b>Anna Nicol\u00e1s Tor\u00e1n<\/b><\/p>\n<p><i><span style=\"font-weight: 400;\">Ausl\u00e4ndischer Rechtsanwalt Mart\u00ednez &amp; Caballero Abogados<\/span><\/i><\/p>\n\t\t\t\t\t\t\t\t<\/div>\n\t\t\t\t<\/div>\n\t\t\t\t\t<\/div>\n\t\t<\/div>\n\t\t\t\t\t<\/div>\n\t\t<\/section>\n\t\t\t\t<section class=\"elementor-section elementor-top-section elementor-element elementor-element-d897a35 elementor-section-boxed elementor-section-height-default elementor-section-height-default\" data-id=\"d897a35\" data-element_type=\"section\" data-e-type=\"section\">\n\t\t\t\t\t\t<div class=\"elementor-container elementor-column-gap-extended\">\n\t\t\t\t\t<div class=\"elementor-column elementor-col-100 elementor-top-column elementor-element elementor-element-5821f04 sc_inner_width_none sc_layouts_column_icons_position_left\" data-id=\"5821f04\" data-element_type=\"column\" data-e-type=\"column\">\n\t\t\t<div class=\"elementor-widget-wrap\">\n\t\t\t\t\t\t\t<\/div>\n\t\t<\/div>\n\t\t\t\t\t<\/div>\n\t\t<\/section>\n\t\t\t\t<\/div>\n\t\t","protected":false},"excerpt":{"rendered":"<p>Das Ministerium f\u00fcr Eingliederung, soziale Sicherheit und Migration hat k\u00fcrzlich eine Pressemitteilung zu den Terminen f\u00fcr die Abnahme von Fingerabdr\u00fccken und den positiven Bescheiden f\u00fcr Ausl\u00e4nder herausgegeben. Was ist das Ziel? Schaffung von mehr Rechtssicherheit f\u00fcr ausl\u00e4ndische Staatsangeh\u00f6rige. Zur Beruhigung von Personen, die auf einen Termin f\u00fcr die Abnahme von Fingerabdr\u00fccken oder die Ausstellung der TIE warten. Durchsetzung der Rechte, die sich aus der vom Ausl\u00e4nderamt erteilten Genehmigung ergeben, gegen\u00fcber Dritten. Was hat das zu bedeuten? Von nun an entfalten&hellip;<\/p>\n","protected":false},"author":1,"featured_media":8132,"comment_status":"closed","ping_status":"open","sticky":false,"template":"","format":"standard","meta":{"_monsterinsights_skip_tracking":false,"_monsterinsights_sitenote_active":false,"_monsterinsights_sitenote_note":"","_monsterinsights_sitenote_category":0,"_joinchat":[],"footnotes":""},"categories":[458,457],"tags":[],"class_list":["post-10306","post","type-post","status-publish","format-standard","has-post-thumbnail","hentry","category-auserirdische","category-nachrichten-und-aktuelles-geschehen"],"yoast_head":"<!-- This site is optimized with the Yoast SEO plugin v26.8 - https:\/\/yoast.com\/product\/yoast-seo-wordpress\/ -->\n<title>NEUE ENTWICKLUNGEN BEI AUSL\u00c4NDERN - Martinez Caballero Abogados<\/title>\n<meta name=\"description\" content=\"Artikel, in dem Sie die neuesten Nachrichten \u00fcber Ausl\u00e4nder erfahren k\u00f6nnen. Verpassen Sie nicht diesen interessanten Artikel\" \/>\n<meta name=\"robots\" content=\"index, follow, max-snippet:-1, max-image-preview:large, max-video-preview:-1\" \/>\n<link rel=\"canonical\" href=\"https:\/\/martinezcaballeroabogados.com\/de\/neue-entwicklungen-bei-auslandern\/\" \/>\n<meta property=\"og:locale\" content=\"de_DE\" \/>\n<meta property=\"og:type\" content=\"article\" \/>\n<meta property=\"og:title\" content=\"NEUE ENTWICKLUNGEN BEI AUSL\u00c4NDERN - Martinez Caballero Abogados\" \/>\n<meta property=\"og:description\" content=\"Artikel, in dem Sie die neuesten Nachrichten \u00fcber Ausl\u00e4nder erfahren k\u00f6nnen. Verpassen Sie nicht diesen interessanten Artikel\" \/>\n<meta property=\"og:url\" content=\"https:\/\/martinezcaballeroabogados.com\/de\/neue-entwicklungen-bei-auslandern\/\" \/>\n<meta property=\"og:site_name\" content=\"Martinez Caballero Abogados\" \/>\n<meta property=\"article:publisher\" content=\"https:\/\/www.facebook.com\/martinezcaballeroabogados\/\" \/>\n<meta property=\"article:published_time\" content=\"2020-12-28T07:00:43+00:00\" \/>\n<meta property=\"article:modified_time\" content=\"2023-07-14T08:22:26+00:00\" \/>\n<meta property=\"og:image\" content=\"https:\/\/martinezcaballeroabogados.com\/wp-content\/uploads\/2020\/12\/novedades-en-extranjeria.webp\" \/>\n\t<meta property=\"og:image:width\" content=\"1980\" \/>\n\t<meta property=\"og:image:height\" content=\"1322\" \/>\n\t<meta property=\"og:image:type\" content=\"image\/webp\" \/>\n<meta name=\"author\" content=\"martinez-admin\" \/>\n<meta name=\"twitter:card\" content=\"summary_large_image\" \/>\n<meta name=\"twitter:creator\" content=\"@MC_abogados_\" \/>\n<meta name=\"twitter:site\" content=\"@MC_abogados_\" \/>\n<meta name=\"twitter:label1\" content=\"Verfasst von\" \/>\n\t<meta name=\"twitter:data1\" content=\"martinez-admin\" \/>\n\t<meta name=\"twitter:label2\" content=\"Gesch\u00e4tzte Lesezeit\" \/>\n\t<meta name=\"twitter:data2\" content=\"1\u00a0Minute\" \/>\n<script type=\"application\/ld+json\" class=\"yoast-schema-graph\">{\"@context\":\"https:\/\/schema.org\",\"@graph\":[{\"@type\":\"Article\",\"@id\":\"https:\/\/martinezcaballeroabogados.com\/de\/neue-entwicklungen-bei-auslandern\/#article\",\"isPartOf\":{\"@id\":\"https:\/\/martinezcaballeroabogados.com\/de\/neue-entwicklungen-bei-auslandern\/\"},\"author\":{\"name\":\"martinez-admin\",\"@id\":\"https:\/\/martinezcaballeroabogados.com\/de\/#\/schema\/person\/ee5a2bfe30c40c7af67cac2f7f0836d3\"},\"headline\":\"NEUE ENTWICKLUNGEN BEI AUSL\u00c4NDERN\",\"datePublished\":\"2020-12-28T07:00:43+00:00\",\"dateModified\":\"2023-07-14T08:22:26+00:00\",\"mainEntityOfPage\":{\"@id\":\"https:\/\/martinezcaballeroabogados.com\/de\/neue-entwicklungen-bei-auslandern\/\"},\"wordCount\":248,\"publisher\":{\"@id\":\"https:\/\/martinezcaballeroabogados.com\/de\/#organization\"},\"image\":{\"@id\":\"https:\/\/martinezcaballeroabogados.com\/de\/neue-entwicklungen-bei-auslandern\/#primaryimage\"},\"thumbnailUrl\":\"https:\/\/martinezcaballeroabogados.com\/wp-content\/uploads\/2020\/12\/novedades-en-extranjeria.webp\",\"articleSection\":[\"Au\u00dferirdische\",\"Nachrichten und aktuelles Geschehen\"],\"inLanguage\":\"de\"},{\"@type\":\"WebPage\",\"@id\":\"https:\/\/martinezcaballeroabogados.com\/de\/neue-entwicklungen-bei-auslandern\/\",\"url\":\"https:\/\/martinezcaballeroabogados.com\/de\/neue-entwicklungen-bei-auslandern\/\",\"name\":\"NEUE ENTWICKLUNGEN BEI AUSL\u00c4NDERN - Martinez Caballero Abogados\",\"isPartOf\":{\"@id\":\"https:\/\/martinezcaballeroabogados.com\/de\/#website\"},\"primaryImageOfPage\":{\"@id\":\"https:\/\/martinezcaballeroabogados.com\/de\/neue-entwicklungen-bei-auslandern\/#primaryimage\"},\"image\":{\"@id\":\"https:\/\/martinezcaballeroabogados.com\/de\/neue-entwicklungen-bei-auslandern\/#primaryimage\"},\"thumbnailUrl\":\"https:\/\/martinezcaballeroabogados.com\/wp-content\/uploads\/2020\/12\/novedades-en-extranjeria.webp\",\"datePublished\":\"2020-12-28T07:00:43+00:00\",\"dateModified\":\"2023-07-14T08:22:26+00:00\",\"description\":\"Artikel, in dem Sie die neuesten Nachrichten \u00fcber Ausl\u00e4nder erfahren k\u00f6nnen. Verpassen Sie nicht diesen interessanten Artikel\",\"breadcrumb\":{\"@id\":\"https:\/\/martinezcaballeroabogados.com\/de\/neue-entwicklungen-bei-auslandern\/#breadcrumb\"},\"inLanguage\":\"de\",\"potentialAction\":[{\"@type\":\"ReadAction\",\"target\":[\"https:\/\/martinezcaballeroabogados.com\/de\/neue-entwicklungen-bei-auslandern\/\"]}]},{\"@type\":\"ImageObject\",\"inLanguage\":\"de\",\"@id\":\"https:\/\/martinezcaballeroabogados.com\/de\/neue-entwicklungen-bei-auslandern\/#primaryimage\",\"url\":\"https:\/\/martinezcaballeroabogados.com\/wp-content\/uploads\/2020\/12\/novedades-en-extranjeria.webp\",\"contentUrl\":\"https:\/\/martinezcaballeroabogados.com\/wp-content\/uploads\/2020\/12\/novedades-en-extranjeria.webp\",\"width\":1980,\"height\":1322,\"caption\":\"Inmigrante poniendo su huella dactilar para documentaci\u00f3n\"},{\"@type\":\"BreadcrumbList\",\"@id\":\"https:\/\/martinezcaballeroabogados.com\/de\/neue-entwicklungen-bei-auslandern\/#breadcrumb\",\"itemListElement\":[{\"@type\":\"ListItem\",\"position\":1,\"name\":\"Portada\",\"item\":\"https:\/\/martinezcaballeroabogados.com\/de\/anwalte-in-barcelona\/\"},{\"@type\":\"ListItem\",\"position\":2,\"name\":\"NEUE ENTWICKLUNGEN BEI AUSL\u00c4NDERN\"}]},{\"@type\":\"WebSite\",\"@id\":\"https:\/\/martinezcaballeroabogados.com\/de\/#website\",\"url\":\"https:\/\/martinezcaballeroabogados.com\/de\/\",\"name\":\"Martinez & Caballero Abogados\",\"description\":\"Umfassende Rechtsberatung in Barcelona\",\"publisher\":{\"@id\":\"https:\/\/martinezcaballeroabogados.com\/de\/#organization\"},\"potentialAction\":[{\"@type\":\"SearchAction\",\"target\":{\"@type\":\"EntryPoint\",\"urlTemplate\":\"https:\/\/martinezcaballeroabogados.com\/de\/?s={search_term_string}\"},\"query-input\":{\"@type\":\"PropertyValueSpecification\",\"valueRequired\":true,\"valueName\":\"search_term_string\"}}],\"inLanguage\":\"de\"},{\"@type\":\"Organization\",\"@id\":\"https:\/\/martinezcaballeroabogados.com\/de\/#organization\",\"name\":\"Martinez & Caballero Abogados\",\"url\":\"https:\/\/martinezcaballeroabogados.com\/de\/\",\"logo\":{\"@type\":\"ImageObject\",\"inLanguage\":\"de\",\"@id\":\"https:\/\/martinezcaballeroabogados.com\/de\/#\/schema\/logo\/image\/\",\"url\":\"https:\/\/martinezcaballeroabogados.com\/wp-content\/uploads\/2020\/02\/cropped-cropped-logo-mc-abogados-web-1-e1497812507401-1.png\",\"contentUrl\":\"https:\/\/martinezcaballeroabogados.com\/wp-content\/uploads\/2020\/02\/cropped-cropped-logo-mc-abogados-web-1-e1497812507401-1.png\",\"width\":300,\"height\":150,\"caption\":\"Martinez & Caballero Abogados\"},\"image\":{\"@id\":\"https:\/\/martinezcaballeroabogados.com\/de\/#\/schema\/logo\/image\/\"},\"sameAs\":[\"https:\/\/www.facebook.com\/martinezcaballeroabogados\/\",\"https:\/\/x.com\/MC_abogados_\",\"https:\/\/www.instagram.com\/extranjeriabarcelonaabogados\/\"]},{\"@type\":\"Person\",\"@id\":\"https:\/\/martinezcaballeroabogados.com\/de\/#\/schema\/person\/ee5a2bfe30c40c7af67cac2f7f0836d3\",\"name\":\"martinez-admin\",\"image\":{\"@type\":\"ImageObject\",\"inLanguage\":\"de\",\"@id\":\"https:\/\/martinezcaballeroabogados.com\/de\/#\/schema\/person\/image\/\",\"url\":\"https:\/\/secure.gravatar.com\/avatar\/e75c4c04fb977670e5006b7e6fc3f34d?s=96&d=mm&r=g\",\"contentUrl\":\"https:\/\/secure.gravatar.com\/avatar\/e75c4c04fb977670e5006b7e6fc3f34d?s=96&d=mm&r=g\",\"caption\":\"martinez-admin\"}}]}<\/script>\n<!-- \/ Yoast SEO plugin. -->","yoast_head_json":{"title":"NEUE ENTWICKLUNGEN BEI AUSL\u00c4NDERN - Martinez Caballero Abogados","description":"Artikel, in dem Sie die neuesten Nachrichten \u00fcber Ausl\u00e4nder erfahren k\u00f6nnen. Verpassen Sie nicht diesen interessanten Artikel","robots":{"index":"index","follow":"follow","max-snippet":"max-snippet:-1","max-image-preview":"max-image-preview:large","max-video-preview":"max-video-preview:-1"},"canonical":"https:\/\/martinezcaballeroabogados.com\/de\/neue-entwicklungen-bei-auslandern\/","og_locale":"de_DE","og_type":"article","og_title":"NEUE ENTWICKLUNGEN BEI AUSL\u00c4NDERN - Martinez Caballero Abogados","og_description":"Artikel, in dem Sie die neuesten Nachrichten \u00fcber Ausl\u00e4nder erfahren k\u00f6nnen. Verpassen Sie nicht diesen interessanten Artikel","og_url":"https:\/\/martinezcaballeroabogados.com\/de\/neue-entwicklungen-bei-auslandern\/","og_site_name":"Martinez Caballero Abogados","article_publisher":"https:\/\/www.facebook.com\/martinezcaballeroabogados\/","article_published_time":"2020-12-28T07:00:43+00:00","article_modified_time":"2023-07-14T08:22:26+00:00","og_image":[{"width":1980,"height":1322,"url":"https:\/\/martinezcaballeroabogados.com\/wp-content\/uploads\/2020\/12\/novedades-en-extranjeria.webp","type":"image\/webp"}],"author":"martinez-admin","twitter_card":"summary_large_image","twitter_creator":"@MC_abogados_","twitter_site":"@MC_abogados_","twitter_misc":{"Verfasst von":"martinez-admin","Gesch\u00e4tzte Lesezeit":"1\u00a0Minute"},"schema":{"@context":"https:\/\/schema.org","@graph":[{"@type":"Article","@id":"https:\/\/martinezcaballeroabogados.com\/de\/neue-entwicklungen-bei-auslandern\/#article","isPartOf":{"@id":"https:\/\/martinezcaballeroabogados.com\/de\/neue-entwicklungen-bei-auslandern\/"},"author":{"name":"martinez-admin","@id":"https:\/\/martinezcaballeroabogados.com\/de\/#\/schema\/person\/ee5a2bfe30c40c7af67cac2f7f0836d3"},"headline":"NEUE ENTWICKLUNGEN BEI AUSL\u00c4NDERN","datePublished":"2020-12-28T07:00:43+00:00","dateModified":"2023-07-14T08:22:26+00:00","mainEntityOfPage":{"@id":"https:\/\/martinezcaballeroabogados.com\/de\/neue-entwicklungen-bei-auslandern\/"},"wordCount":248,"publisher":{"@id":"https:\/\/martinezcaballeroabogados.com\/de\/#organization"},"image":{"@id":"https:\/\/martinezcaballeroabogados.com\/de\/neue-entwicklungen-bei-auslandern\/#primaryimage"},"thumbnailUrl":"https:\/\/martinezcaballeroabogados.com\/wp-content\/uploads\/2020\/12\/novedades-en-extranjeria.webp","articleSection":["Au\u00dferirdische","Nachrichten und aktuelles Geschehen"],"inLanguage":"de"},{"@type":"WebPage","@id":"https:\/\/martinezcaballeroabogados.com\/de\/neue-entwicklungen-bei-auslandern\/","url":"https:\/\/martinezcaballeroabogados.com\/de\/neue-entwicklungen-bei-auslandern\/","name":"NEUE ENTWICKLUNGEN BEI AUSL\u00c4NDERN - Martinez Caballero Abogados","isPartOf":{"@id":"https:\/\/martinezcaballeroabogados.com\/de\/#website"},"primaryImageOfPage":{"@id":"https:\/\/martinezcaballeroabogados.com\/de\/neue-entwicklungen-bei-auslandern\/#primaryimage"},"image":{"@id":"https:\/\/martinezcaballeroabogados.com\/de\/neue-entwicklungen-bei-auslandern\/#primaryimage"},"thumbnailUrl":"https:\/\/martinezcaballeroabogados.com\/wp-content\/uploads\/2020\/12\/novedades-en-extranjeria.webp","datePublished":"2020-12-28T07:00:43+00:00","dateModified":"2023-07-14T08:22:26+00:00","description":"Artikel, in dem Sie die neuesten Nachrichten \u00fcber Ausl\u00e4nder erfahren k\u00f6nnen. Verpassen Sie nicht diesen interessanten Artikel","breadcrumb":{"@id":"https:\/\/martinezcaballeroabogados.com\/de\/neue-entwicklungen-bei-auslandern\/#breadcrumb"},"inLanguage":"de","potentialAction":[{"@type":"ReadAction","target":["https:\/\/martinezcaballeroabogados.com\/de\/neue-entwicklungen-bei-auslandern\/"]}]},{"@type":"ImageObject","inLanguage":"de","@id":"https:\/\/martinezcaballeroabogados.com\/de\/neue-entwicklungen-bei-auslandern\/#primaryimage","url":"https:\/\/martinezcaballeroabogados.com\/wp-content\/uploads\/2020\/12\/novedades-en-extranjeria.webp","contentUrl":"https:\/\/martinezcaballeroabogados.com\/wp-content\/uploads\/2020\/12\/novedades-en-extranjeria.webp","width":1980,"height":1322,"caption":"Inmigrante poniendo su huella dactilar para documentaci\u00f3n"},{"@type":"BreadcrumbList","@id":"https:\/\/martinezcaballeroabogados.com\/de\/neue-entwicklungen-bei-auslandern\/#breadcrumb","itemListElement":[{"@type":"ListItem","position":1,"name":"Portada","item":"https:\/\/martinezcaballeroabogados.com\/de\/anwalte-in-barcelona\/"},{"@type":"ListItem","position":2,"name":"NEUE ENTWICKLUNGEN BEI AUSL\u00c4NDERN"}]},{"@type":"WebSite","@id":"https:\/\/martinezcaballeroabogados.com\/de\/#website","url":"https:\/\/martinezcaballeroabogados.com\/de\/","name":"Martinez & Caballero Abogados","description":"Umfassende Rechtsberatung in Barcelona","publisher":{"@id":"https:\/\/martinezcaballeroabogados.com\/de\/#organization"},"potentialAction":[{"@type":"SearchAction","target":{"@type":"EntryPoint","urlTemplate":"https:\/\/martinezcaballeroabogados.com\/de\/?s={search_term_string}"},"query-input":{"@type":"PropertyValueSpecification","valueRequired":true,"valueName":"search_term_string"}}],"inLanguage":"de"},{"@type":"Organization","@id":"https:\/\/martinezcaballeroabogados.com\/de\/#organization","name":"Martinez & Caballero Abogados","url":"https:\/\/martinezcaballeroabogados.com\/de\/","logo":{"@type":"ImageObject","inLanguage":"de","@id":"https:\/\/martinezcaballeroabogados.com\/de\/#\/schema\/logo\/image\/","url":"https:\/\/martinezcaballeroabogados.com\/wp-content\/uploads\/2020\/02\/cropped-cropped-logo-mc-abogados-web-1-e1497812507401-1.png","contentUrl":"https:\/\/martinezcaballeroabogados.com\/wp-content\/uploads\/2020\/02\/cropped-cropped-logo-mc-abogados-web-1-e1497812507401-1.png","width":300,"height":150,"caption":"Martinez & Caballero Abogados"},"image":{"@id":"https:\/\/martinezcaballeroabogados.com\/de\/#\/schema\/logo\/image\/"},"sameAs":["https:\/\/www.facebook.com\/martinezcaballeroabogados\/","https:\/\/x.com\/MC_abogados_","https:\/\/www.instagram.com\/extranjeriabarcelonaabogados\/"]},{"@type":"Person","@id":"https:\/\/martinezcaballeroabogados.com\/de\/#\/schema\/person\/ee5a2bfe30c40c7af67cac2f7f0836d3","name":"martinez-admin","image":{"@type":"ImageObject","inLanguage":"de","@id":"https:\/\/martinezcaballeroabogados.com\/de\/#\/schema\/person\/image\/","url":"https:\/\/secure.gravatar.com\/avatar\/e75c4c04fb977670e5006b7e6fc3f34d?s=96&d=mm&r=g","contentUrl":"https:\/\/secure.gravatar.com\/avatar\/e75c4c04fb977670e5006b7e6fc3f34d?s=96&d=mm&r=g","caption":"martinez-admin"}}]}},"_links":{"self":[{"href":"https:\/\/martinezcaballeroabogados.com\/de\/wp-json\/wp\/v2\/posts\/10306","targetHints":{"allow":["GET"]}}],"collection":[{"href":"https:\/\/martinezcaballeroabogados.com\/de\/wp-json\/wp\/v2\/posts"}],"about":[{"href":"https:\/\/martinezcaballeroabogados.com\/de\/wp-json\/wp\/v2\/types\/post"}],"author":[{"embeddable":true,"href":"https:\/\/martinezcaballeroabogados.com\/de\/wp-json\/wp\/v2\/users\/1"}],"replies":[{"embeddable":true,"href":"https:\/\/martinezcaballeroabogados.com\/de\/wp-json\/wp\/v2\/comments?post=10306"}],"version-history":[{"count":1,"href":"https:\/\/martinezcaballeroabogados.com\/de\/wp-json\/wp\/v2\/posts\/10306\/revisions"}],"predecessor-version":[{"id":10307,"href":"https:\/\/martinezcaballeroabogados.com\/de\/wp-json\/wp\/v2\/posts\/10306\/revisions\/10307"}],"wp:featuredmedia":[{"embeddable":true,"href":"https:\/\/martinezcaballeroabogados.com\/de\/wp-json\/wp\/v2\/media\/8132"}],"wp:attachment":[{"href":"https:\/\/martinezcaballeroabogados.com\/de\/wp-json\/wp\/v2\/media?parent=10306"}],"wp:term":[{"taxonomy":"category","embeddable":true,"href":"https:\/\/martinezcaballeroabogados.com\/de\/wp-json\/wp\/v2\/categories?post=10306"},{"taxonomy":"post_tag","embeddable":true,"href":"https:\/\/martinezcaballeroabogados.com\/de\/wp-json\/wp\/v2\/tags?post=10306"}],"curies":[{"name":"wp","href":"https:\/\/api.w.org\/{rel}","templated":true}]}}