{"id":23701,"date":"2025-11-01T22:55:56","date_gmt":"2025-11-01T22:55:56","guid":{"rendered":"https:\/\/martinezcaballeroabogados.com\/el-nou-informe-dintegracio-social-als-arrelaments-instruccio-sem-4-2025\/"},"modified":"2025-11-06T16:26:38","modified_gmt":"2025-11-06T16:26:38","slug":"el-nou-informe-dintegracio-social-als-arrelaments-instruccio-sem-4-2025","status":"publish","type":"post","link":"https:\/\/martinezcaballeroabogados.com\/ca\/el-nou-informe-dintegracio-social-als-arrelaments-instruccio-sem-4-2025\/","title":{"rendered":"El nou informe d&#8217;integraci\u00f3 social als arrelaments: Instrucci\u00f3 SEM 4\/2025"},"content":{"rendered":"\n<p><strong>1. Qu\u00e8 regula la Instrucci\u00f3 SEM 4\/2025<\/strong><\/p>\n\n<p>Aquesta instrucci\u00f3 estableix criteris clars i uniformes per a l&#8217;elaboraci\u00f3, el contingut i la valoraci\u00f3 de l&#8217;informe d&#8217;integraci\u00f3 social, requisit indispensable per a les autoritzacions de resid\u00e8ncia temporal per arrelament social i arrelament socioformatiu sota el nou Reglament d&#8217;Estrangeria (RLOEX, RD 1155\/2024).<a href=\"https:\/\/infoextranjeria.org\/en\/2025\/07\/11\/instrucciones-secretaria-estado-sem-4-2025-informe-integracion-social-arraigo\/?utm_source=chatgpt.com\"> <\/a><\/p>\n\n<p>L\u201finforme d\u201fintegraci\u00f3 social, tal com el defineix aquesta instrucci\u00f3, ser\u00e0 un instrument t\u00e8cnic amb efectes determinants per concedir aquestes autoritzacions. La instrucci\u00f3 aborda, almenys: <\/p>\n\n<ul class=\"wp-block-list\">\n<li>La naturalesa i la compet\u00e8ncia per emetre l&#8217;informe.<\/li>\n\n\n\n<li>Els continguts m\u00ednims que ha dincloure linforme (vinculaci\u00f3 amb la comunitat, grau dautonomia, \u00fas de recursos socials, nivell dintegraci\u00f3)<br\/><\/li>\n\n\n\n<li>El r\u00e8gim transitori per als qui ja estaven sota normativa anterior.<br\/><\/li>\n<\/ul>\n\n<p>Amb aquesta norma, es vol homogene\u00eftzar com les diferents comunitats aut\u00f2nomes i entitats locals elaboren els informes, evitant disparitats en la concessi\u00f3 d&#8217;aquests permisos.<\/p>\n\n<p><strong>2. Elements obligatoris de linforme dintegraci\u00f3 social<\/strong><\/p>\n\n<p>La instrucci\u00f3 fixa qu\u00e8 ha de contenir un informe v\u00e0lid. Tot i que no puc reproduir tot el text literalment, els aspectes m\u00e9s rellevants s\u00f3n: <\/p>\n\n<ul class=\"wp-block-list\">\n<li>Dades identificatives del sol\u00b7licitant i context de resid\u00e8ncia.<br\/><\/li>\n\n\n\n<li>An\u00e0lisi de la relaci\u00f3 amb la comunitat: vincles socials, participaci\u00f3, xarxes de suport.<br\/><\/li>\n\n\n\n<li>\u00das de serveis socials: si heu tingut contacte amb serveis socials, voluntariats, activitats ciutadanes.<br\/><\/li>\n\n\n\n<li>Nivell d&#8217;autonomia i independ\u00e8ncia a la seva vida di\u00e0ria.<br\/><\/li>\n\n\n\n<li>Capacitat de comunicaci\u00f3\/idioma: maneig de l&#8217;idioma local o d&#8217;altres idiomes pertinents.<br\/><\/li>\n\n\n\n<li>Historial de compliment d&#8217;obligacions: no tindre antecedents que impedeixin la valoraci\u00f3 positiva.<br\/><\/li>\n\n\n\n<li>Observacions qualitatives que permetin a lautoritat una avaluaci\u00f3 integral del sol\u00b7licitant.<br\/><\/li>\n<\/ul>\n\n<p>Aquest enfocament converteix l&#8217;informe en un document que va m\u00e9s enll\u00e0 d&#8217;una simple certificaci\u00f3 administrativa: \u00e9s una avaluaci\u00f3 personalitzada de la seva integraci\u00f3 real a la societat espanyola.<\/p>\n\n<p><strong>3. R\u00e8gim transitori i aplicaci\u00f3 pr\u00e0ctica<\/strong><\/p>\n\n<p>Pels qui ja tenien procediments d&#8217;arrelament en curs sota les normes antigues (RD 557\/2011 o directrius pr\u00e8vies), la instrucci\u00f3 contempla mecanismes de transitorietat. Ells podran presentar el nou informe o adaptar els seus expedients al nou criteri, segons escaigui. <\/p>\n\n<p>Tamb\u00e9 regula com s&#8217;ha d&#8217;actuar en els casos en qu\u00e8 l&#8217;autoritat local competent (ajuntament, comunitat aut\u00f2noma) \u00e9s l&#8217;encarregada d&#8217;emetre l&#8217;informe d&#8217;integraci\u00f3 i assegura que no hi hagi buits de compet\u00e8ncia.<\/p>\n\n<p>A la pr\u00e0ctica, les oficines d&#8217;estrangeria han de verificar que l&#8217;informe presentat compleixi els est\u00e0ndards descrits; si no, podran requerir-ne l&#8217;esmena o la interpretaci\u00f3.<\/p>\n\n<p><strong>4. La meva valoraci\u00f3 professional<\/strong><\/p>\n\n<p>Des de la meva experi\u00e8ncia com a advocada en mat\u00e8ria d&#8217;estrangeria, considero que la SEM 4\/2025 \u00e9s una instrucci\u00f3 encertada i necess\u00e0ria, encara que amb desafiaments en la seva implementaci\u00f3:<\/p>\n\n<p>Aspectes positius<\/p>\n\n<ol class=\"wp-block-list\">\n<li>Uniformitat interpretativa: redueix el risc de decisions diferents entre prov\u00edncies o comunitats.<br\/><\/li>\n\n\n\n<li>Profunditat en la valoraci\u00f3: l&#8217;informe no es queda en all\u00f2 merament formal, sin\u00f3 que aborda la realitat social del sol\u00b7licitant.<br\/><\/li>\n\n\n\n<li>Transpar\u00e8ncia i legitimitat: el sol\u00b7licitant sabr\u00e0 quins criteris s&#8217;avaluaran i en pot preparar millor l&#8217;expedient.<br\/><\/li>\n\n\n\n<li>Enfocament d&#8217;integraci\u00f3 real: en centrar-se en l&#8217;autonomia, els vincles i l&#8217;\u00fas de serveis, promou que els que obtenen perm\u00eds estiguin m\u00e9s ben integrats genu\u00efnament.<br\/><\/li>\n<\/ol>\n\n<p>Reptes i observacions<\/p>\n\n<ul class=\"wp-block-list\">\n<li>Que els ajuntaments o entitats locals estiguin suficientment capacitats per elaborar aquests informes amb criteris homogenis.<br\/><\/li>\n\n\n\n<li>El risc de demores: l&#8217;exig\u00e8ncia d&#8217;informes m\u00e9s elaborats podria alentir els tr\u00e0mits si no es dota de recursos.<br\/><\/li>\n\n\n\n<li>Subjectivitat: encara que es defineixen criteris, la valoraci\u00f3 qualitativa sempre tindr\u00e0 marge subjectiu, cosa que exigeix \u200b\u200btranspar\u00e8ncia en els motius d&#8217;acceptaci\u00f3 o rebuig.<br\/><\/li>\n\n\n\n<li>Desfasament territorial: pot ser que algunes administracions no adaptin o apliquin r\u00e0pidament la instrucci\u00f3, generant desigualtats.<br\/><\/li>\n<\/ul>\n\n<p><strong>5. Conclusi\u00f3<\/strong><\/p>\n\n<p>La Instrucci\u00f3 SEM 4\/2025 representa un pas ferm cap a una aplicaci\u00f3 m\u00e9s justa, entenedora i coherent del r\u00e8gim d&#8217;arrelament a Espanya. Com a experta en estrangeria, hi veig un aven\u00e7 molt positiu: dignifica el proc\u00e9s d&#8217;integraci\u00f3 avaluant realitats i no nom\u00e9s formalitats. <\/p>\n\n<p>El veritable repte ara \u00e9s assegurar-se que aquesta instrucci\u00f3 cobri vida a cada oficina d&#8217;estrangeria i municipi, sense que quedin decisions arbitr\u00e0ries o interpretacions divergents. Si aix\u00f2 s&#8217;aconsegueix, estarem davant d&#8217;un sistema m\u00e9s just i hum\u00e0. <\/p>\n\n<p>Diana Caballero<br\/> <strong>CEO &#8211; S\u00f2cia Fundadora<\/strong><br\/> <em>Mart\u00ednez &amp; Caballero Advocats<\/em><\/p>\n","protected":false},"excerpt":{"rendered":"<p>1. Qu\u00e8 regula la Instrucci\u00f3 SEM 4\/2025 Aquesta instrucci\u00f3 estableix criteris clars i uniformes per a l&#8217;elaboraci\u00f3, el contingut i la valoraci\u00f3 de l&#8217;informe d&#8217;integraci\u00f3 social, requisit indispensable per a les autoritzacions de resid\u00e8ncia temporal per arrelament social i arrelament socioformatiu sota el nou Reglament d&#8217;Estrangeria (RLOEX, RD 1155\/2024). L\u201finforme d\u201fintegraci\u00f3 social, tal com el defineix aquesta instrucci\u00f3, ser\u00e0 un instrument t\u00e8cnic amb efectes determinants per concedir aquestes autoritzacions. La instrucci\u00f3 aborda, almenys: Amb aquesta norma, es vol homogene\u00eftzar com&hellip;<\/p>\n","protected":false},"author":1,"featured_media":23754,"comment_status":"closed","ping_status":"closed","sticky":false,"template":"","format":"standard","meta":{"_monsterinsights_skip_tracking":false,"_monsterinsights_sitenote_active":false,"_monsterinsights_sitenote_note":"","_monsterinsights_sitenote_category":0,"_joinchat":[],"footnotes":""},"categories":[1067],"tags":[],"class_list":["post-23701","post","type-post","status-publish","format-standard","has-post-thumbnail","hentry","category-migractual-ca"],"yoast_head":"<!-- This site is optimized with the Yoast SEO plugin v26.8 - https:\/\/yoast.com\/product\/yoast-seo-wordpress\/ -->\n<title>Informe d&#039;integraci\u00f3 social en arrelament: Instrucci\u00f3 SEM 4\/2025 - Martinez Caballero Advocats<\/title>\n<meta name=\"description\" content=\"Coneix la Instrucci\u00f3 SEM 4\/2025: requisits, contingut i compet\u00e8ncia de linforme dintegraci\u00f3 social per a autoritzacions de resid\u00e8ncia per arrelament a Espanya.\" \/>\n<meta name=\"robots\" content=\"index, follow, max-snippet:-1, max-image-preview:large, max-video-preview:-1\" \/>\n<link rel=\"canonical\" href=\"https:\/\/martinezcaballeroabogados.com\/ca\/el-nou-informe-dintegracio-social-als-arrelaments-instruccio-sem-4-2025\/\" \/>\n<meta property=\"og:locale\" content=\"ca_ES\" \/>\n<meta property=\"og:type\" content=\"article\" \/>\n<meta property=\"og:title\" content=\"Informe d&#039;integraci\u00f3 social en arrelament: Instrucci\u00f3 SEM 4\/2025 - Martinez Caballero Advocats\" \/>\n<meta property=\"og:description\" content=\"Coneix la Instrucci\u00f3 SEM 4\/2025: requisits, contingut i compet\u00e8ncia de linforme dintegraci\u00f3 social per a autoritzacions de resid\u00e8ncia per arrelament a Espanya.\" \/>\n<meta property=\"og:url\" content=\"https:\/\/martinezcaballeroabogados.com\/ca\/el-nou-informe-dintegracio-social-als-arrelaments-instruccio-sem-4-2025\/\" \/>\n<meta property=\"og:site_name\" content=\"Martinez Caballero Advocats\" \/>\n<meta property=\"article:publisher\" content=\"https:\/\/www.facebook.com\/martinezcaballeroabogados\/\" \/>\n<meta property=\"article:published_time\" content=\"2025-11-01T22:55:56+00:00\" \/>\n<meta property=\"article:modified_time\" content=\"2025-11-06T16:26:38+00:00\" \/>\n<meta property=\"og:image\" content=\"https:\/\/martinezcaballeroabogados.com\/wp-content\/uploads\/2025\/11\/familia-de-inmigrantes-barcelona-espana.webp\" \/>\n\t<meta property=\"og:image:width\" content=\"1500\" \/>\n\t<meta property=\"og:image:height\" content=\"1000\" \/>\n\t<meta property=\"og:image:type\" content=\"image\/webp\" \/>\n<meta name=\"author\" content=\"martinez-admin\" \/>\n<meta name=\"twitter:card\" content=\"summary_large_image\" \/>\n<meta name=\"twitter:creator\" content=\"@MC_abogados_\" \/>\n<meta name=\"twitter:site\" content=\"@MC_abogados_\" \/>\n<meta name=\"twitter:label1\" content=\"Escrit per\" \/>\n\t<meta name=\"twitter:data1\" content=\"martinez-admin\" \/>\n\t<meta name=\"twitter:label2\" content=\"Temps estimat de lectura\" \/>\n\t<meta name=\"twitter:data2\" content=\"3 minuts\" \/>\n<script type=\"application\/ld+json\" class=\"yoast-schema-graph\">{\"@context\":\"https:\/\/schema.org\",\"@graph\":[{\"@type\":\"Article\",\"@id\":\"https:\/\/martinezcaballeroabogados.com\/ca\/el-nou-informe-dintegracio-social-als-arrelaments-instruccio-sem-4-2025\/#article\",\"isPartOf\":{\"@id\":\"https:\/\/martinezcaballeroabogados.com\/ca\/el-nou-informe-dintegracio-social-als-arrelaments-instruccio-sem-4-2025\/\"},\"author\":{\"name\":\"martinez-admin\",\"@id\":\"https:\/\/martinezcaballeroabogados.com\/ca\/#\/schema\/person\/ee5a2bfe30c40c7af67cac2f7f0836d3\"},\"headline\":\"El nou informe d&#8217;integraci\u00f3 social als arrelaments: Instrucci\u00f3 SEM 4\/2025\",\"datePublished\":\"2025-11-01T22:55:56+00:00\",\"dateModified\":\"2025-11-06T16:26:38+00:00\",\"mainEntityOfPage\":{\"@id\":\"https:\/\/martinezcaballeroabogados.com\/ca\/el-nou-informe-dintegracio-social-als-arrelaments-instruccio-sem-4-2025\/\"},\"wordCount\":697,\"publisher\":{\"@id\":\"https:\/\/martinezcaballeroabogados.com\/ca\/#organization\"},\"image\":{\"@id\":\"https:\/\/martinezcaballeroabogados.com\/ca\/el-nou-informe-dintegracio-social-als-arrelaments-instruccio-sem-4-2025\/#primaryimage\"},\"thumbnailUrl\":\"https:\/\/martinezcaballeroabogados.com\/wp-content\/uploads\/2025\/11\/familia-de-inmigrantes-barcelona-espana.webp\",\"articleSection\":[\"Migractual\"],\"inLanguage\":\"ca\"},{\"@type\":\"WebPage\",\"@id\":\"https:\/\/martinezcaballeroabogados.com\/ca\/el-nou-informe-dintegracio-social-als-arrelaments-instruccio-sem-4-2025\/\",\"url\":\"https:\/\/martinezcaballeroabogados.com\/ca\/el-nou-informe-dintegracio-social-als-arrelaments-instruccio-sem-4-2025\/\",\"name\":\"Informe d'integraci\u00f3 social en arrelament: Instrucci\u00f3 SEM 4\/2025 - Martinez Caballero Advocats\",\"isPartOf\":{\"@id\":\"https:\/\/martinezcaballeroabogados.com\/ca\/#website\"},\"primaryImageOfPage\":{\"@id\":\"https:\/\/martinezcaballeroabogados.com\/ca\/el-nou-informe-dintegracio-social-als-arrelaments-instruccio-sem-4-2025\/#primaryimage\"},\"image\":{\"@id\":\"https:\/\/martinezcaballeroabogados.com\/ca\/el-nou-informe-dintegracio-social-als-arrelaments-instruccio-sem-4-2025\/#primaryimage\"},\"thumbnailUrl\":\"https:\/\/martinezcaballeroabogados.com\/wp-content\/uploads\/2025\/11\/familia-de-inmigrantes-barcelona-espana.webp\",\"datePublished\":\"2025-11-01T22:55:56+00:00\",\"dateModified\":\"2025-11-06T16:26:38+00:00\",\"description\":\"Coneix la Instrucci\u00f3 SEM 4\/2025: requisits, contingut i compet\u00e8ncia de linforme dintegraci\u00f3 social per a autoritzacions de resid\u00e8ncia per arrelament a Espanya.\",\"breadcrumb\":{\"@id\":\"https:\/\/martinezcaballeroabogados.com\/ca\/el-nou-informe-dintegracio-social-als-arrelaments-instruccio-sem-4-2025\/#breadcrumb\"},\"inLanguage\":\"ca\",\"potentialAction\":[{\"@type\":\"ReadAction\",\"target\":[\"https:\/\/martinezcaballeroabogados.com\/ca\/el-nou-informe-dintegracio-social-als-arrelaments-instruccio-sem-4-2025\/\"]}]},{\"@type\":\"ImageObject\",\"inLanguage\":\"ca\",\"@id\":\"https:\/\/martinezcaballeroabogados.com\/ca\/el-nou-informe-dintegracio-social-als-arrelaments-instruccio-sem-4-2025\/#primaryimage\",\"url\":\"https:\/\/martinezcaballeroabogados.com\/wp-content\/uploads\/2025\/11\/familia-de-inmigrantes-barcelona-espana.webp\",\"contentUrl\":\"https:\/\/martinezcaballeroabogados.com\/wp-content\/uploads\/2025\/11\/familia-de-inmigrantes-barcelona-espana.webp\",\"width\":1500,\"height\":1000,\"caption\":\"Familia de inmigrantes pide arraigo en Barcelona Espana\"},{\"@type\":\"BreadcrumbList\",\"@id\":\"https:\/\/martinezcaballeroabogados.com\/ca\/el-nou-informe-dintegracio-social-als-arrelaments-instruccio-sem-4-2025\/#breadcrumb\",\"itemListElement\":[{\"@type\":\"ListItem\",\"position\":1,\"name\":\"Portada\",\"item\":\"https:\/\/martinezcaballeroabogados.com\/ca\/advocats-a-barcelona\/\"},{\"@type\":\"ListItem\",\"position\":2,\"name\":\"El nou informe d&#8217;integraci\u00f3 social als arrelaments: Instrucci\u00f3 SEM 4\/2025\"}]},{\"@type\":\"WebSite\",\"@id\":\"https:\/\/martinezcaballeroabogados.com\/ca\/#website\",\"url\":\"https:\/\/martinezcaballeroabogados.com\/ca\/\",\"name\":\"Martinez & Caballero Abogados\",\"description\":\"Advocats Integrals a Barcelona\",\"publisher\":{\"@id\":\"https:\/\/martinezcaballeroabogados.com\/ca\/#organization\"},\"potentialAction\":[{\"@type\":\"SearchAction\",\"target\":{\"@type\":\"EntryPoint\",\"urlTemplate\":\"https:\/\/martinezcaballeroabogados.com\/ca\/?s={search_term_string}\"},\"query-input\":{\"@type\":\"PropertyValueSpecification\",\"valueRequired\":true,\"valueName\":\"search_term_string\"}}],\"inLanguage\":\"ca\"},{\"@type\":\"Organization\",\"@id\":\"https:\/\/martinezcaballeroabogados.com\/ca\/#organization\",\"name\":\"Martinez & Caballero Abogados\",\"url\":\"https:\/\/martinezcaballeroabogados.com\/ca\/\",\"logo\":{\"@type\":\"ImageObject\",\"inLanguage\":\"ca\",\"@id\":\"https:\/\/martinezcaballeroabogados.com\/ca\/#\/schema\/logo\/image\/\",\"url\":\"https:\/\/martinezcaballeroabogados.com\/wp-content\/uploads\/2020\/02\/cropped-cropped-logo-mc-abogados-web-1-e1497812507401-1.png\",\"contentUrl\":\"https:\/\/martinezcaballeroabogados.com\/wp-content\/uploads\/2020\/02\/cropped-cropped-logo-mc-abogados-web-1-e1497812507401-1.png\",\"width\":300,\"height\":150,\"caption\":\"Martinez & Caballero Abogados\"},\"image\":{\"@id\":\"https:\/\/martinezcaballeroabogados.com\/ca\/#\/schema\/logo\/image\/\"},\"sameAs\":[\"https:\/\/www.facebook.com\/martinezcaballeroabogados\/\",\"https:\/\/x.com\/MC_abogados_\",\"https:\/\/www.instagram.com\/extranjeriabarcelonaabogados\/\"]},{\"@type\":\"Person\",\"@id\":\"https:\/\/martinezcaballeroabogados.com\/ca\/#\/schema\/person\/ee5a2bfe30c40c7af67cac2f7f0836d3\",\"name\":\"martinez-admin\",\"image\":{\"@type\":\"ImageObject\",\"inLanguage\":\"ca\",\"@id\":\"https:\/\/martinezcaballeroabogados.com\/ca\/#\/schema\/person\/image\/\",\"url\":\"https:\/\/secure.gravatar.com\/avatar\/e75c4c04fb977670e5006b7e6fc3f34d?s=96&d=mm&r=g\",\"contentUrl\":\"https:\/\/secure.gravatar.com\/avatar\/e75c4c04fb977670e5006b7e6fc3f34d?s=96&d=mm&r=g\",\"caption\":\"martinez-admin\"}}]}<\/script>\n<!-- \/ Yoast SEO plugin. -->","yoast_head_json":{"title":"Informe d'integraci\u00f3 social en arrelament: Instrucci\u00f3 SEM 4\/2025 - Martinez Caballero Advocats","description":"Coneix la Instrucci\u00f3 SEM 4\/2025: requisits, contingut i compet\u00e8ncia de linforme dintegraci\u00f3 social per a autoritzacions de resid\u00e8ncia per arrelament a Espanya.","robots":{"index":"index","follow":"follow","max-snippet":"max-snippet:-1","max-image-preview":"max-image-preview:large","max-video-preview":"max-video-preview:-1"},"canonical":"https:\/\/martinezcaballeroabogados.com\/ca\/el-nou-informe-dintegracio-social-als-arrelaments-instruccio-sem-4-2025\/","og_locale":"ca_ES","og_type":"article","og_title":"Informe d'integraci\u00f3 social en arrelament: Instrucci\u00f3 SEM 4\/2025 - Martinez Caballero Advocats","og_description":"Coneix la Instrucci\u00f3 SEM 4\/2025: requisits, contingut i compet\u00e8ncia de linforme dintegraci\u00f3 social per a autoritzacions de resid\u00e8ncia per arrelament a Espanya.","og_url":"https:\/\/martinezcaballeroabogados.com\/ca\/el-nou-informe-dintegracio-social-als-arrelaments-instruccio-sem-4-2025\/","og_site_name":"Martinez Caballero Advocats","article_publisher":"https:\/\/www.facebook.com\/martinezcaballeroabogados\/","article_published_time":"2025-11-01T22:55:56+00:00","article_modified_time":"2025-11-06T16:26:38+00:00","og_image":[{"width":1500,"height":1000,"url":"https:\/\/martinezcaballeroabogados.com\/wp-content\/uploads\/2025\/11\/familia-de-inmigrantes-barcelona-espana.webp","type":"image\/webp"}],"author":"martinez-admin","twitter_card":"summary_large_image","twitter_creator":"@MC_abogados_","twitter_site":"@MC_abogados_","twitter_misc":{"Escrit per":"martinez-admin","Temps estimat de lectura":"3 minuts"},"schema":{"@context":"https:\/\/schema.org","@graph":[{"@type":"Article","@id":"https:\/\/martinezcaballeroabogados.com\/ca\/el-nou-informe-dintegracio-social-als-arrelaments-instruccio-sem-4-2025\/#article","isPartOf":{"@id":"https:\/\/martinezcaballeroabogados.com\/ca\/el-nou-informe-dintegracio-social-als-arrelaments-instruccio-sem-4-2025\/"},"author":{"name":"martinez-admin","@id":"https:\/\/martinezcaballeroabogados.com\/ca\/#\/schema\/person\/ee5a2bfe30c40c7af67cac2f7f0836d3"},"headline":"El nou informe d&#8217;integraci\u00f3 social als arrelaments: Instrucci\u00f3 SEM 4\/2025","datePublished":"2025-11-01T22:55:56+00:00","dateModified":"2025-11-06T16:26:38+00:00","mainEntityOfPage":{"@id":"https:\/\/martinezcaballeroabogados.com\/ca\/el-nou-informe-dintegracio-social-als-arrelaments-instruccio-sem-4-2025\/"},"wordCount":697,"publisher":{"@id":"https:\/\/martinezcaballeroabogados.com\/ca\/#organization"},"image":{"@id":"https:\/\/martinezcaballeroabogados.com\/ca\/el-nou-informe-dintegracio-social-als-arrelaments-instruccio-sem-4-2025\/#primaryimage"},"thumbnailUrl":"https:\/\/martinezcaballeroabogados.com\/wp-content\/uploads\/2025\/11\/familia-de-inmigrantes-barcelona-espana.webp","articleSection":["Migractual"],"inLanguage":"ca"},{"@type":"WebPage","@id":"https:\/\/martinezcaballeroabogados.com\/ca\/el-nou-informe-dintegracio-social-als-arrelaments-instruccio-sem-4-2025\/","url":"https:\/\/martinezcaballeroabogados.com\/ca\/el-nou-informe-dintegracio-social-als-arrelaments-instruccio-sem-4-2025\/","name":"Informe d'integraci\u00f3 social en arrelament: Instrucci\u00f3 SEM 4\/2025 - Martinez Caballero Advocats","isPartOf":{"@id":"https:\/\/martinezcaballeroabogados.com\/ca\/#website"},"primaryImageOfPage":{"@id":"https:\/\/martinezcaballeroabogados.com\/ca\/el-nou-informe-dintegracio-social-als-arrelaments-instruccio-sem-4-2025\/#primaryimage"},"image":{"@id":"https:\/\/martinezcaballeroabogados.com\/ca\/el-nou-informe-dintegracio-social-als-arrelaments-instruccio-sem-4-2025\/#primaryimage"},"thumbnailUrl":"https:\/\/martinezcaballeroabogados.com\/wp-content\/uploads\/2025\/11\/familia-de-inmigrantes-barcelona-espana.webp","datePublished":"2025-11-01T22:55:56+00:00","dateModified":"2025-11-06T16:26:38+00:00","description":"Coneix la Instrucci\u00f3 SEM 4\/2025: requisits, contingut i compet\u00e8ncia de linforme dintegraci\u00f3 social per a autoritzacions de resid\u00e8ncia per arrelament a Espanya.","breadcrumb":{"@id":"https:\/\/martinezcaballeroabogados.com\/ca\/el-nou-informe-dintegracio-social-als-arrelaments-instruccio-sem-4-2025\/#breadcrumb"},"inLanguage":"ca","potentialAction":[{"@type":"ReadAction","target":["https:\/\/martinezcaballeroabogados.com\/ca\/el-nou-informe-dintegracio-social-als-arrelaments-instruccio-sem-4-2025\/"]}]},{"@type":"ImageObject","inLanguage":"ca","@id":"https:\/\/martinezcaballeroabogados.com\/ca\/el-nou-informe-dintegracio-social-als-arrelaments-instruccio-sem-4-2025\/#primaryimage","url":"https:\/\/martinezcaballeroabogados.com\/wp-content\/uploads\/2025\/11\/familia-de-inmigrantes-barcelona-espana.webp","contentUrl":"https:\/\/martinezcaballeroabogados.com\/wp-content\/uploads\/2025\/11\/familia-de-inmigrantes-barcelona-espana.webp","width":1500,"height":1000,"caption":"Familia de inmigrantes pide arraigo en Barcelona Espana"},{"@type":"BreadcrumbList","@id":"https:\/\/martinezcaballeroabogados.com\/ca\/el-nou-informe-dintegracio-social-als-arrelaments-instruccio-sem-4-2025\/#breadcrumb","itemListElement":[{"@type":"ListItem","position":1,"name":"Portada","item":"https:\/\/martinezcaballeroabogados.com\/ca\/advocats-a-barcelona\/"},{"@type":"ListItem","position":2,"name":"El nou informe d&#8217;integraci\u00f3 social als arrelaments: Instrucci\u00f3 SEM 4\/2025"}]},{"@type":"WebSite","@id":"https:\/\/martinezcaballeroabogados.com\/ca\/#website","url":"https:\/\/martinezcaballeroabogados.com\/ca\/","name":"Martinez & Caballero Abogados","description":"Advocats Integrals a Barcelona","publisher":{"@id":"https:\/\/martinezcaballeroabogados.com\/ca\/#organization"},"potentialAction":[{"@type":"SearchAction","target":{"@type":"EntryPoint","urlTemplate":"https:\/\/martinezcaballeroabogados.com\/ca\/?s={search_term_string}"},"query-input":{"@type":"PropertyValueSpecification","valueRequired":true,"valueName":"search_term_string"}}],"inLanguage":"ca"},{"@type":"Organization","@id":"https:\/\/martinezcaballeroabogados.com\/ca\/#organization","name":"Martinez & Caballero Abogados","url":"https:\/\/martinezcaballeroabogados.com\/ca\/","logo":{"@type":"ImageObject","inLanguage":"ca","@id":"https:\/\/martinezcaballeroabogados.com\/ca\/#\/schema\/logo\/image\/","url":"https:\/\/martinezcaballeroabogados.com\/wp-content\/uploads\/2020\/02\/cropped-cropped-logo-mc-abogados-web-1-e1497812507401-1.png","contentUrl":"https:\/\/martinezcaballeroabogados.com\/wp-content\/uploads\/2020\/02\/cropped-cropped-logo-mc-abogados-web-1-e1497812507401-1.png","width":300,"height":150,"caption":"Martinez & Caballero Abogados"},"image":{"@id":"https:\/\/martinezcaballeroabogados.com\/ca\/#\/schema\/logo\/image\/"},"sameAs":["https:\/\/www.facebook.com\/martinezcaballeroabogados\/","https:\/\/x.com\/MC_abogados_","https:\/\/www.instagram.com\/extranjeriabarcelonaabogados\/"]},{"@type":"Person","@id":"https:\/\/martinezcaballeroabogados.com\/ca\/#\/schema\/person\/ee5a2bfe30c40c7af67cac2f7f0836d3","name":"martinez-admin","image":{"@type":"ImageObject","inLanguage":"ca","@id":"https:\/\/martinezcaballeroabogados.com\/ca\/#\/schema\/person\/image\/","url":"https:\/\/secure.gravatar.com\/avatar\/e75c4c04fb977670e5006b7e6fc3f34d?s=96&d=mm&r=g","contentUrl":"https:\/\/secure.gravatar.com\/avatar\/e75c4c04fb977670e5006b7e6fc3f34d?s=96&d=mm&r=g","caption":"martinez-admin"}}]}},"_links":{"self":[{"href":"https:\/\/martinezcaballeroabogados.com\/ca\/wp-json\/wp\/v2\/posts\/23701","targetHints":{"allow":["GET"]}}],"collection":[{"href":"https:\/\/martinezcaballeroabogados.com\/ca\/wp-json\/wp\/v2\/posts"}],"about":[{"href":"https:\/\/martinezcaballeroabogados.com\/ca\/wp-json\/wp\/v2\/types\/post"}],"author":[{"embeddable":true,"href":"https:\/\/martinezcaballeroabogados.com\/ca\/wp-json\/wp\/v2\/users\/1"}],"replies":[{"embeddable":true,"href":"https:\/\/martinezcaballeroabogados.com\/ca\/wp-json\/wp\/v2\/comments?post=23701"}],"version-history":[{"count":1,"href":"https:\/\/martinezcaballeroabogados.com\/ca\/wp-json\/wp\/v2\/posts\/23701\/revisions"}],"predecessor-version":[{"id":23702,"href":"https:\/\/martinezcaballeroabogados.com\/ca\/wp-json\/wp\/v2\/posts\/23701\/revisions\/23702"}],"wp:featuredmedia":[{"embeddable":true,"href":"https:\/\/martinezcaballeroabogados.com\/ca\/wp-json\/wp\/v2\/media\/23754"}],"wp:attachment":[{"href":"https:\/\/martinezcaballeroabogados.com\/ca\/wp-json\/wp\/v2\/media?parent=23701"}],"wp:term":[{"taxonomy":"category","embeddable":true,"href":"https:\/\/martinezcaballeroabogados.com\/ca\/wp-json\/wp\/v2\/categories?post=23701"},{"taxonomy":"post_tag","embeddable":true,"href":"https:\/\/martinezcaballeroabogados.com\/ca\/wp-json\/wp\/v2\/tags?post=23701"}],"curies":[{"name":"wp","href":"https:\/\/api.w.org\/{rel}","templated":true}]}}