{"id":23552,"date":"2025-09-19T11:56:21","date_gmt":"2025-09-19T11:56:21","guid":{"rendered":"https:\/\/martinezcaballeroabogados.com\/criteri-de-gestio-1-2025-modificacions-destades-residencies-i-prorrogues-darrelaments\/"},"modified":"2025-09-19T12:15:02","modified_gmt":"2025-09-19T12:15:02","slug":"criteri-de-gestio-1-2025-modificacions-destades-residencies-i-prorrogues-darrelaments","status":"publish","type":"post","link":"https:\/\/martinezcaballeroabogados.com\/ca\/criteri-de-gestio-1-2025-modificacions-destades-residencies-i-prorrogues-darrelaments\/","title":{"rendered":"Criteri de Gesti\u00f3 1\/2025: Modificacions d&#8217;estades, resid\u00e8ncies i pr\u00f2rrogues d&#8217;arrelaments"},"content":{"rendered":"\n<p>La <strong>Direcci\u00f3 General de Gesti\u00f3 Migrat\u00f2ria (DGGM)<\/strong> ha publicat el <strong>Criteri de Gesti\u00f3 1\/2025<\/strong> , un document clau per a l&#8217;aplicaci\u00f3 del nou <strong>Reglament d&#8217;Estrangeria (RLOEX)<\/strong> aprovat pel <strong>Reial decret 1155\/2024<\/strong> .<\/p>\n\n<p>Aquest criteri estableix <strong>pautes clares i homog\u00e8nies<\/strong> sobre com s&#8217;han de tramitar les <strong>modificacions d&#8217;autoritzacions d&#8217;estada i resid\u00e8ncia<\/strong> i les <strong>pr\u00f2rrogues de resid\u00e8ncies per arrelament<\/strong> , amb l&#8217;objectiu de garantir seguretat jur\u00eddica i uniformitat a totes les oficines d&#8217;estrangeria d&#8217;Espanya.<\/p>\n\n<p><strong>1. Qu\u00e8 regula el Criteri de Gesti\u00f3 1\/2025?<\/strong><\/p>\n\n<p>El document fixa instruccions pr\u00e0ctiques per a la gesti\u00f3 de:<\/p>\n\n<ul class=\"wp-block-list\">\n<li><strong>Modificacions d&#8217;autoritzacions d&#8217;estada i resid\u00e8ncia<\/strong> : per exemple, passar d&#8217;estada per estudis a resid\u00e8ncia o canviar d&#8217;una modalitat de resid\u00e8ncia a una altra.<br\/><\/li>\n\n\n\n<li><strong>Pr\u00f2rrogues de resid\u00e8ncies per arrelament<\/strong> : regula com es prorroguen els permisos atorgats per arrelament (social, laboral, familiar o de formaci\u00f3).<br\/><\/li>\n<\/ul>\n\n<p>El prop\u00f2sit \u00e9s <strong>evitar interpretacions diferents a cada oficina d&#8217;estrangeria<\/strong> , garantint aix\u00ed un tracte m\u00e9s equitatiu als sol\u00b7licitants.<\/p>\n\n<p><strong>2. Modificacions d&#8217;estades i resid\u00e8ncies<\/strong><\/p>\n\n<p>Un dels punts centrals del criteri \u00e9s aclarir com es fan les <strong>modificacions d&#8217;autoritzacions<\/strong> previstes al RLOEX.<\/p>\n\n<p>Aix\u00f2 inclou, entre altres sup\u00f2sits:<\/p>\n\n<ul class=\"wp-block-list\">\n<li>El tr\u00e0nsit d&#8217; <strong>estada a resid\u00e8ncia temporal<\/strong> .<br\/><\/li>\n\n\n\n<li>Ladaptaci\u00f3 dautoritzacions a noves circumst\u00e0ncies de lestranger (treball, estudis, reagrupaci\u00f3, etc.).<br\/><\/li>\n\n\n\n<li>Lactualitzaci\u00f3 de condicions conforme a la normativa vigent.<br\/><\/li>\n<\/ul>\n\n<p>Amb aquest criteri, es busca que els procediments siguin <strong>m\u00e9s predictibles i transparents<\/strong> per a les persones estrangeres i els seus representants legals.<\/p>\n\n<p><strong>3. Pr\u00f2rrogues de resid\u00e8ncies per arrelament<\/strong><\/p>\n\n<p>Un altre aspecte clau \u00e9s la <strong>continu\u00eftat de les resid\u00e8ncies per arrelament<\/strong> . El criteri explica com procedir en els casos en qu\u00e8 un estranger ja compti amb una autoritzaci\u00f3 basada en: <\/p>\n\n<ul class=\"wp-block-list\">\n<li><strong>Arrelament social<\/strong> .<br\/><\/li>\n\n\n\n<li><strong>Arrelament laboral o sociolaboral<\/strong> .<br\/><\/li>\n\n\n\n<li><strong>Arrelament per formaci\u00f3<\/strong> .<\/li>\n<\/ul>\n\n<p>Aquestes pr\u00f2rrogues permeten donar <strong>estabilitat jur\u00eddica i administrativa<\/strong> a les persones que, per la seva integraci\u00f3 i arrelament a Espanya, necessiten mantenir el seu estatus de resid\u00e8ncia.<\/p>\n\n<p><strong>4. Impacte pr\u00e0ctic per a sol\u00b7licitants i professionals<\/strong><\/p>\n\n<p>El <strong>Criteri de Gesti\u00f3 1\/2025<\/strong> t\u00e9 un gran impacte tant per a estrangers com per a assessors jur\u00eddics i entitats socials:<\/p>\n\n<ul class=\"wp-block-list\">\n<li><strong>Sol\u00b7licitants<\/strong> : disposen d&#8217;una guia m\u00e9s clara sobre els tr\u00e0mits que poden realitzar i sota quines condicions.<br\/><\/li>\n\n\n\n<li><strong>Professionals d&#8217;estrangeria<\/strong> : compten amb un marc uniforme que facilita la defensa dels drets dels seus clients.<br\/><\/li>\n\n\n\n<li><strong>Administraci\u00f3<\/strong> : s&#8217;assegura l&#8217; <strong>aplicaci\u00f3 homog\u00e8nia del reglament<\/strong> , evitant difer\u00e8ncies entre oficines provincials.<\/li>\n<\/ul>\n\n<p><strong>5. Conclusi\u00f3<\/strong><\/p>\n\n<p>El <strong>Criteri de Gesti\u00f3 1\/2025<\/strong> refor\u00e7a la import\u00e0ncia del nou Reglament d&#8217;Estrangeria i ofereix claredat sobre dos aspectes clau:<\/p>\n\n<ol class=\"wp-block-list\">\n<li>Les <strong>modificacions d&#8217;estades i resid\u00e8ncies<\/strong> .<br\/><\/li>\n\n\n\n<li>Les <strong>pr\u00f2rrogues d&#8217;arrelaments<\/strong> .<br\/><\/li>\n<\/ol>\n\n<p>Amb aquestes orientacions, el sistema guanya en <strong>transpar\u00e8ncia, seguretat jur\u00eddica i uniformitat<\/strong> , fet que suposa un pas positiu tant per als sol\u00b7licitants com per als professionals que els assessoren.<\/p>\n\n<p><strong>Font de la informaci\u00f3:<\/strong> <a href=\"https:\/\/www.inclusion.gob.es\/documents\/d\/migraciones\/criterio-de-gestion-dggm-1-2025_rloex_modificaciones-estancias-y-residencias-y-prorrogas-arraigos\"><strong>Nota Interior<\/strong><\/a><strong> <\/strong><br\/><strong>PDF:<\/strong> <a href=\"https:\/\/www.inclusion.gob.es\/documents\/d\/migraciones\/criterio-de-gestion-dggm-1-2025_rloex_modificaciones-estancias-y-residencias-y-prorrogas-arraigos\"><strong>Nota Interior<\/strong><\/a><\/p>\n\n<p>Diana Caballero<br\/> CEO &#8211; S\u00f2cia Fundadora<br\/> <strong>M&amp;C Advocats<\/strong><\/p>\n","protected":false},"excerpt":{"rendered":"<p>La Direcci\u00f3 General de Gesti\u00f3 Migrat\u00f2ria (DGGM) ha publicat el Criteri de Gesti\u00f3 1\/2025 , un document clau per a l&#8217;aplicaci\u00f3 del nou Reglament d&#8217;Estrangeria (RLOEX) aprovat pel Reial decret 1155\/2024 . Aquest criteri estableix pautes clares i homog\u00e8nies sobre com s&#8217;han de tramitar les modificacions d&#8217;autoritzacions d&#8217;estada i resid\u00e8ncia i les pr\u00f2rrogues de resid\u00e8ncies per arrelament , amb l&#8217;objectiu de garantir seguretat jur\u00eddica i uniformitat a totes les oficines d&#8217;estrangeria d&#8217;Espanya. 1. Qu\u00e8 regula el Criteri de Gesti\u00f3 1\/2025?&hellip;<\/p>\n","protected":false},"author":1,"featured_media":23534,"comment_status":"closed","ping_status":"closed","sticky":false,"template":"","format":"standard","meta":{"_monsterinsights_skip_tracking":false,"_monsterinsights_sitenote_active":false,"_monsterinsights_sitenote_note":"","_monsterinsights_sitenote_category":0,"_joinchat":[],"footnotes":""},"categories":[1067],"tags":[],"class_list":["post-23552","post","type-post","status-publish","format-standard","has-post-thumbnail","hentry","category-migractual-ca"],"yoast_head":"<!-- This site is optimized with the Yoast SEO plugin v26.8 - https:\/\/yoast.com\/product\/yoast-seo-wordpress\/ -->\n<title>Criteri de Gesti\u00f3 1\/2025: canvis en estades, resid\u00e8ncies i arrelament<\/title>\n<meta name=\"description\" content=\"Coneix el Criteri de Gesti\u00f3 1\/2025: com es modifiquen estades, resid\u00e8ncies i pr\u00f2rrogues d\u201farrelament segons el nou Reglament d\u201fEstrangeria (RLOEx).\" \/>\n<meta name=\"robots\" content=\"index, follow, max-snippet:-1, max-image-preview:large, max-video-preview:-1\" \/>\n<link rel=\"canonical\" href=\"https:\/\/martinezcaballeroabogados.com\/ca\/criteri-de-gestio-1-2025-modificacions-destades-residencies-i-prorrogues-darrelaments\/\" \/>\n<meta property=\"og:locale\" content=\"ca_ES\" \/>\n<meta property=\"og:type\" content=\"article\" \/>\n<meta property=\"og:title\" content=\"Criteri de Gesti\u00f3 1\/2025: canvis en estades, resid\u00e8ncies i arrelament\" \/>\n<meta property=\"og:description\" content=\"Coneix el Criteri de Gesti\u00f3 1\/2025: com es modifiquen estades, resid\u00e8ncies i pr\u00f2rrogues d\u201farrelament segons el nou Reglament d\u201fEstrangeria (RLOEx).\" \/>\n<meta property=\"og:url\" content=\"https:\/\/martinezcaballeroabogados.com\/ca\/criteri-de-gestio-1-2025-modificacions-destades-residencies-i-prorrogues-darrelaments\/\" \/>\n<meta property=\"og:site_name\" content=\"Martinez Caballero Advocats\" \/>\n<meta property=\"article:publisher\" content=\"https:\/\/www.facebook.com\/martinezcaballeroabogados\/\" \/>\n<meta property=\"article:published_time\" content=\"2025-09-19T11:56:21+00:00\" \/>\n<meta property=\"article:modified_time\" content=\"2025-09-19T12:15:02+00:00\" \/>\n<meta property=\"og:image\" content=\"https:\/\/martinezcaballeroabogados.com\/wp-content\/uploads\/2025\/09\/modificacion-autorizacion-permiso-residencia-estancia.webp\" \/>\n\t<meta property=\"og:image:width\" content=\"1200\" \/>\n\t<meta property=\"og:image:height\" content=\"675\" \/>\n\t<meta property=\"og:image:type\" content=\"image\/webp\" \/>\n<meta name=\"author\" content=\"martinez-admin\" \/>\n<meta name=\"twitter:card\" content=\"summary_large_image\" \/>\n<meta name=\"twitter:creator\" content=\"@MC_abogados_\" \/>\n<meta name=\"twitter:site\" content=\"@MC_abogados_\" \/>\n<meta name=\"twitter:label1\" content=\"Escrit per\" \/>\n\t<meta name=\"twitter:data1\" content=\"martinez-admin\" \/>\n\t<meta name=\"twitter:label2\" content=\"Temps estimat de lectura\" \/>\n\t<meta name=\"twitter:data2\" content=\"2 minuts\" \/>\n<script type=\"application\/ld+json\" class=\"yoast-schema-graph\">{\"@context\":\"https:\/\/schema.org\",\"@graph\":[{\"@type\":\"Article\",\"@id\":\"https:\/\/martinezcaballeroabogados.com\/ca\/criteri-de-gestio-1-2025-modificacions-destades-residencies-i-prorrogues-darrelaments\/#article\",\"isPartOf\":{\"@id\":\"https:\/\/martinezcaballeroabogados.com\/ca\/criteri-de-gestio-1-2025-modificacions-destades-residencies-i-prorrogues-darrelaments\/\"},\"author\":{\"name\":\"martinez-admin\",\"@id\":\"https:\/\/martinezcaballeroabogados.com\/ca\/#\/schema\/person\/ee5a2bfe30c40c7af67cac2f7f0836d3\"},\"headline\":\"Criteri de Gesti\u00f3 1\/2025: Modificacions d&#8217;estades, resid\u00e8ncies i pr\u00f2rrogues d&#8217;arrelaments\",\"datePublished\":\"2025-09-19T11:56:21+00:00\",\"dateModified\":\"2025-09-19T12:15:02+00:00\",\"mainEntityOfPage\":{\"@id\":\"https:\/\/martinezcaballeroabogados.com\/ca\/criteri-de-gestio-1-2025-modificacions-destades-residencies-i-prorrogues-darrelaments\/\"},\"wordCount\":491,\"publisher\":{\"@id\":\"https:\/\/martinezcaballeroabogados.com\/ca\/#organization\"},\"image\":{\"@id\":\"https:\/\/martinezcaballeroabogados.com\/ca\/criteri-de-gestio-1-2025-modificacions-destades-residencies-i-prorrogues-darrelaments\/#primaryimage\"},\"thumbnailUrl\":\"https:\/\/martinezcaballeroabogados.com\/wp-content\/uploads\/2025\/09\/modificacion-autorizacion-permiso-residencia-estancia.webp\",\"articleSection\":[\"Migractual\"],\"inLanguage\":\"ca\"},{\"@type\":\"WebPage\",\"@id\":\"https:\/\/martinezcaballeroabogados.com\/ca\/criteri-de-gestio-1-2025-modificacions-destades-residencies-i-prorrogues-darrelaments\/\",\"url\":\"https:\/\/martinezcaballeroabogados.com\/ca\/criteri-de-gestio-1-2025-modificacions-destades-residencies-i-prorrogues-darrelaments\/\",\"name\":\"Criteri de Gesti\u00f3 1\/2025: canvis en estades, resid\u00e8ncies i arrelament\",\"isPartOf\":{\"@id\":\"https:\/\/martinezcaballeroabogados.com\/ca\/#website\"},\"primaryImageOfPage\":{\"@id\":\"https:\/\/martinezcaballeroabogados.com\/ca\/criteri-de-gestio-1-2025-modificacions-destades-residencies-i-prorrogues-darrelaments\/#primaryimage\"},\"image\":{\"@id\":\"https:\/\/martinezcaballeroabogados.com\/ca\/criteri-de-gestio-1-2025-modificacions-destades-residencies-i-prorrogues-darrelaments\/#primaryimage\"},\"thumbnailUrl\":\"https:\/\/martinezcaballeroabogados.com\/wp-content\/uploads\/2025\/09\/modificacion-autorizacion-permiso-residencia-estancia.webp\",\"datePublished\":\"2025-09-19T11:56:21+00:00\",\"dateModified\":\"2025-09-19T12:15:02+00:00\",\"description\":\"Coneix el Criteri de Gesti\u00f3 1\/2025: com es modifiquen estades, resid\u00e8ncies i pr\u00f2rrogues d\u201farrelament segons el nou Reglament d\u201fEstrangeria (RLOEx).\",\"breadcrumb\":{\"@id\":\"https:\/\/martinezcaballeroabogados.com\/ca\/criteri-de-gestio-1-2025-modificacions-destades-residencies-i-prorrogues-darrelaments\/#breadcrumb\"},\"inLanguage\":\"ca\",\"potentialAction\":[{\"@type\":\"ReadAction\",\"target\":[\"https:\/\/martinezcaballeroabogados.com\/ca\/criteri-de-gestio-1-2025-modificacions-destades-residencies-i-prorrogues-darrelaments\/\"]}]},{\"@type\":\"ImageObject\",\"inLanguage\":\"ca\",\"@id\":\"https:\/\/martinezcaballeroabogados.com\/ca\/criteri-de-gestio-1-2025-modificacions-destades-residencies-i-prorrogues-darrelaments\/#primaryimage\",\"url\":\"https:\/\/martinezcaballeroabogados.com\/wp-content\/uploads\/2025\/09\/modificacion-autorizacion-permiso-residencia-estancia.webp\",\"contentUrl\":\"https:\/\/martinezcaballeroabogados.com\/wp-content\/uploads\/2025\/09\/modificacion-autorizacion-permiso-residencia-estancia.webp\",\"width\":1200,\"height\":675,\"caption\":\"Documento de permiso de residencia en Espa\u00f1a\"},{\"@type\":\"BreadcrumbList\",\"@id\":\"https:\/\/martinezcaballeroabogados.com\/ca\/criteri-de-gestio-1-2025-modificacions-destades-residencies-i-prorrogues-darrelaments\/#breadcrumb\",\"itemListElement\":[{\"@type\":\"ListItem\",\"position\":1,\"name\":\"Portada\",\"item\":\"https:\/\/martinezcaballeroabogados.com\/ca\/advocats-a-barcelona\/\"},{\"@type\":\"ListItem\",\"position\":2,\"name\":\"Criteri de Gesti\u00f3 1\/2025: Modificacions d&#8217;estades, resid\u00e8ncies i pr\u00f2rrogues d&#8217;arrelaments\"}]},{\"@type\":\"WebSite\",\"@id\":\"https:\/\/martinezcaballeroabogados.com\/ca\/#website\",\"url\":\"https:\/\/martinezcaballeroabogados.com\/ca\/\",\"name\":\"Martinez & Caballero Abogados\",\"description\":\"Advocats Integrals a Barcelona\",\"publisher\":{\"@id\":\"https:\/\/martinezcaballeroabogados.com\/ca\/#organization\"},\"potentialAction\":[{\"@type\":\"SearchAction\",\"target\":{\"@type\":\"EntryPoint\",\"urlTemplate\":\"https:\/\/martinezcaballeroabogados.com\/ca\/?s={search_term_string}\"},\"query-input\":{\"@type\":\"PropertyValueSpecification\",\"valueRequired\":true,\"valueName\":\"search_term_string\"}}],\"inLanguage\":\"ca\"},{\"@type\":\"Organization\",\"@id\":\"https:\/\/martinezcaballeroabogados.com\/ca\/#organization\",\"name\":\"Martinez & Caballero Abogados\",\"url\":\"https:\/\/martinezcaballeroabogados.com\/ca\/\",\"logo\":{\"@type\":\"ImageObject\",\"inLanguage\":\"ca\",\"@id\":\"https:\/\/martinezcaballeroabogados.com\/ca\/#\/schema\/logo\/image\/\",\"url\":\"https:\/\/martinezcaballeroabogados.com\/wp-content\/uploads\/2020\/02\/cropped-cropped-logo-mc-abogados-web-1-e1497812507401-1.png\",\"contentUrl\":\"https:\/\/martinezcaballeroabogados.com\/wp-content\/uploads\/2020\/02\/cropped-cropped-logo-mc-abogados-web-1-e1497812507401-1.png\",\"width\":300,\"height\":150,\"caption\":\"Martinez & Caballero Abogados\"},\"image\":{\"@id\":\"https:\/\/martinezcaballeroabogados.com\/ca\/#\/schema\/logo\/image\/\"},\"sameAs\":[\"https:\/\/www.facebook.com\/martinezcaballeroabogados\/\",\"https:\/\/x.com\/MC_abogados_\",\"https:\/\/www.instagram.com\/extranjeriabarcelonaabogados\/\"]},{\"@type\":\"Person\",\"@id\":\"https:\/\/martinezcaballeroabogados.com\/ca\/#\/schema\/person\/ee5a2bfe30c40c7af67cac2f7f0836d3\",\"name\":\"martinez-admin\",\"image\":{\"@type\":\"ImageObject\",\"inLanguage\":\"ca\",\"@id\":\"https:\/\/martinezcaballeroabogados.com\/ca\/#\/schema\/person\/image\/\",\"url\":\"https:\/\/secure.gravatar.com\/avatar\/e75c4c04fb977670e5006b7e6fc3f34d?s=96&d=mm&r=g\",\"contentUrl\":\"https:\/\/secure.gravatar.com\/avatar\/e75c4c04fb977670e5006b7e6fc3f34d?s=96&d=mm&r=g\",\"caption\":\"martinez-admin\"}}]}<\/script>\n<!-- \/ Yoast SEO plugin. -->","yoast_head_json":{"title":"Criteri de Gesti\u00f3 1\/2025: canvis en estades, resid\u00e8ncies i arrelament","description":"Coneix el Criteri de Gesti\u00f3 1\/2025: com es modifiquen estades, resid\u00e8ncies i pr\u00f2rrogues d\u201farrelament segons el nou Reglament d\u201fEstrangeria (RLOEx).","robots":{"index":"index","follow":"follow","max-snippet":"max-snippet:-1","max-image-preview":"max-image-preview:large","max-video-preview":"max-video-preview:-1"},"canonical":"https:\/\/martinezcaballeroabogados.com\/ca\/criteri-de-gestio-1-2025-modificacions-destades-residencies-i-prorrogues-darrelaments\/","og_locale":"ca_ES","og_type":"article","og_title":"Criteri de Gesti\u00f3 1\/2025: canvis en estades, resid\u00e8ncies i arrelament","og_description":"Coneix el Criteri de Gesti\u00f3 1\/2025: com es modifiquen estades, resid\u00e8ncies i pr\u00f2rrogues d\u201farrelament segons el nou Reglament d\u201fEstrangeria (RLOEx).","og_url":"https:\/\/martinezcaballeroabogados.com\/ca\/criteri-de-gestio-1-2025-modificacions-destades-residencies-i-prorrogues-darrelaments\/","og_site_name":"Martinez Caballero Advocats","article_publisher":"https:\/\/www.facebook.com\/martinezcaballeroabogados\/","article_published_time":"2025-09-19T11:56:21+00:00","article_modified_time":"2025-09-19T12:15:02+00:00","og_image":[{"width":1200,"height":675,"url":"https:\/\/martinezcaballeroabogados.com\/wp-content\/uploads\/2025\/09\/modificacion-autorizacion-permiso-residencia-estancia.webp","type":"image\/webp"}],"author":"martinez-admin","twitter_card":"summary_large_image","twitter_creator":"@MC_abogados_","twitter_site":"@MC_abogados_","twitter_misc":{"Escrit per":"martinez-admin","Temps estimat de lectura":"2 minuts"},"schema":{"@context":"https:\/\/schema.org","@graph":[{"@type":"Article","@id":"https:\/\/martinezcaballeroabogados.com\/ca\/criteri-de-gestio-1-2025-modificacions-destades-residencies-i-prorrogues-darrelaments\/#article","isPartOf":{"@id":"https:\/\/martinezcaballeroabogados.com\/ca\/criteri-de-gestio-1-2025-modificacions-destades-residencies-i-prorrogues-darrelaments\/"},"author":{"name":"martinez-admin","@id":"https:\/\/martinezcaballeroabogados.com\/ca\/#\/schema\/person\/ee5a2bfe30c40c7af67cac2f7f0836d3"},"headline":"Criteri de Gesti\u00f3 1\/2025: Modificacions d&#8217;estades, resid\u00e8ncies i pr\u00f2rrogues d&#8217;arrelaments","datePublished":"2025-09-19T11:56:21+00:00","dateModified":"2025-09-19T12:15:02+00:00","mainEntityOfPage":{"@id":"https:\/\/martinezcaballeroabogados.com\/ca\/criteri-de-gestio-1-2025-modificacions-destades-residencies-i-prorrogues-darrelaments\/"},"wordCount":491,"publisher":{"@id":"https:\/\/martinezcaballeroabogados.com\/ca\/#organization"},"image":{"@id":"https:\/\/martinezcaballeroabogados.com\/ca\/criteri-de-gestio-1-2025-modificacions-destades-residencies-i-prorrogues-darrelaments\/#primaryimage"},"thumbnailUrl":"https:\/\/martinezcaballeroabogados.com\/wp-content\/uploads\/2025\/09\/modificacion-autorizacion-permiso-residencia-estancia.webp","articleSection":["Migractual"],"inLanguage":"ca"},{"@type":"WebPage","@id":"https:\/\/martinezcaballeroabogados.com\/ca\/criteri-de-gestio-1-2025-modificacions-destades-residencies-i-prorrogues-darrelaments\/","url":"https:\/\/martinezcaballeroabogados.com\/ca\/criteri-de-gestio-1-2025-modificacions-destades-residencies-i-prorrogues-darrelaments\/","name":"Criteri de Gesti\u00f3 1\/2025: canvis en estades, resid\u00e8ncies i arrelament","isPartOf":{"@id":"https:\/\/martinezcaballeroabogados.com\/ca\/#website"},"primaryImageOfPage":{"@id":"https:\/\/martinezcaballeroabogados.com\/ca\/criteri-de-gestio-1-2025-modificacions-destades-residencies-i-prorrogues-darrelaments\/#primaryimage"},"image":{"@id":"https:\/\/martinezcaballeroabogados.com\/ca\/criteri-de-gestio-1-2025-modificacions-destades-residencies-i-prorrogues-darrelaments\/#primaryimage"},"thumbnailUrl":"https:\/\/martinezcaballeroabogados.com\/wp-content\/uploads\/2025\/09\/modificacion-autorizacion-permiso-residencia-estancia.webp","datePublished":"2025-09-19T11:56:21+00:00","dateModified":"2025-09-19T12:15:02+00:00","description":"Coneix el Criteri de Gesti\u00f3 1\/2025: com es modifiquen estades, resid\u00e8ncies i pr\u00f2rrogues d\u201farrelament segons el nou Reglament d\u201fEstrangeria (RLOEx).","breadcrumb":{"@id":"https:\/\/martinezcaballeroabogados.com\/ca\/criteri-de-gestio-1-2025-modificacions-destades-residencies-i-prorrogues-darrelaments\/#breadcrumb"},"inLanguage":"ca","potentialAction":[{"@type":"ReadAction","target":["https:\/\/martinezcaballeroabogados.com\/ca\/criteri-de-gestio-1-2025-modificacions-destades-residencies-i-prorrogues-darrelaments\/"]}]},{"@type":"ImageObject","inLanguage":"ca","@id":"https:\/\/martinezcaballeroabogados.com\/ca\/criteri-de-gestio-1-2025-modificacions-destades-residencies-i-prorrogues-darrelaments\/#primaryimage","url":"https:\/\/martinezcaballeroabogados.com\/wp-content\/uploads\/2025\/09\/modificacion-autorizacion-permiso-residencia-estancia.webp","contentUrl":"https:\/\/martinezcaballeroabogados.com\/wp-content\/uploads\/2025\/09\/modificacion-autorizacion-permiso-residencia-estancia.webp","width":1200,"height":675,"caption":"Documento de permiso de residencia en Espa\u00f1a"},{"@type":"BreadcrumbList","@id":"https:\/\/martinezcaballeroabogados.com\/ca\/criteri-de-gestio-1-2025-modificacions-destades-residencies-i-prorrogues-darrelaments\/#breadcrumb","itemListElement":[{"@type":"ListItem","position":1,"name":"Portada","item":"https:\/\/martinezcaballeroabogados.com\/ca\/advocats-a-barcelona\/"},{"@type":"ListItem","position":2,"name":"Criteri de Gesti\u00f3 1\/2025: Modificacions d&#8217;estades, resid\u00e8ncies i pr\u00f2rrogues d&#8217;arrelaments"}]},{"@type":"WebSite","@id":"https:\/\/martinezcaballeroabogados.com\/ca\/#website","url":"https:\/\/martinezcaballeroabogados.com\/ca\/","name":"Martinez & Caballero Abogados","description":"Advocats Integrals a Barcelona","publisher":{"@id":"https:\/\/martinezcaballeroabogados.com\/ca\/#organization"},"potentialAction":[{"@type":"SearchAction","target":{"@type":"EntryPoint","urlTemplate":"https:\/\/martinezcaballeroabogados.com\/ca\/?s={search_term_string}"},"query-input":{"@type":"PropertyValueSpecification","valueRequired":true,"valueName":"search_term_string"}}],"inLanguage":"ca"},{"@type":"Organization","@id":"https:\/\/martinezcaballeroabogados.com\/ca\/#organization","name":"Martinez & Caballero Abogados","url":"https:\/\/martinezcaballeroabogados.com\/ca\/","logo":{"@type":"ImageObject","inLanguage":"ca","@id":"https:\/\/martinezcaballeroabogados.com\/ca\/#\/schema\/logo\/image\/","url":"https:\/\/martinezcaballeroabogados.com\/wp-content\/uploads\/2020\/02\/cropped-cropped-logo-mc-abogados-web-1-e1497812507401-1.png","contentUrl":"https:\/\/martinezcaballeroabogados.com\/wp-content\/uploads\/2020\/02\/cropped-cropped-logo-mc-abogados-web-1-e1497812507401-1.png","width":300,"height":150,"caption":"Martinez & Caballero Abogados"},"image":{"@id":"https:\/\/martinezcaballeroabogados.com\/ca\/#\/schema\/logo\/image\/"},"sameAs":["https:\/\/www.facebook.com\/martinezcaballeroabogados\/","https:\/\/x.com\/MC_abogados_","https:\/\/www.instagram.com\/extranjeriabarcelonaabogados\/"]},{"@type":"Person","@id":"https:\/\/martinezcaballeroabogados.com\/ca\/#\/schema\/person\/ee5a2bfe30c40c7af67cac2f7f0836d3","name":"martinez-admin","image":{"@type":"ImageObject","inLanguage":"ca","@id":"https:\/\/martinezcaballeroabogados.com\/ca\/#\/schema\/person\/image\/","url":"https:\/\/secure.gravatar.com\/avatar\/e75c4c04fb977670e5006b7e6fc3f34d?s=96&d=mm&r=g","contentUrl":"https:\/\/secure.gravatar.com\/avatar\/e75c4c04fb977670e5006b7e6fc3f34d?s=96&d=mm&r=g","caption":"martinez-admin"}}]}},"_links":{"self":[{"href":"https:\/\/martinezcaballeroabogados.com\/ca\/wp-json\/wp\/v2\/posts\/23552","targetHints":{"allow":["GET"]}}],"collection":[{"href":"https:\/\/martinezcaballeroabogados.com\/ca\/wp-json\/wp\/v2\/posts"}],"about":[{"href":"https:\/\/martinezcaballeroabogados.com\/ca\/wp-json\/wp\/v2\/types\/post"}],"author":[{"embeddable":true,"href":"https:\/\/martinezcaballeroabogados.com\/ca\/wp-json\/wp\/v2\/users\/1"}],"replies":[{"embeddable":true,"href":"https:\/\/martinezcaballeroabogados.com\/ca\/wp-json\/wp\/v2\/comments?post=23552"}],"version-history":[{"count":1,"href":"https:\/\/martinezcaballeroabogados.com\/ca\/wp-json\/wp\/v2\/posts\/23552\/revisions"}],"predecessor-version":[{"id":23553,"href":"https:\/\/martinezcaballeroabogados.com\/ca\/wp-json\/wp\/v2\/posts\/23552\/revisions\/23553"}],"wp:featuredmedia":[{"embeddable":true,"href":"https:\/\/martinezcaballeroabogados.com\/ca\/wp-json\/wp\/v2\/media\/23534"}],"wp:attachment":[{"href":"https:\/\/martinezcaballeroabogados.com\/ca\/wp-json\/wp\/v2\/media?parent=23552"}],"wp:term":[{"taxonomy":"category","embeddable":true,"href":"https:\/\/martinezcaballeroabogados.com\/ca\/wp-json\/wp\/v2\/categories?post=23552"},{"taxonomy":"post_tag","embeddable":true,"href":"https:\/\/martinezcaballeroabogados.com\/ca\/wp-json\/wp\/v2\/tags?post=23552"}],"curies":[{"name":"wp","href":"https:\/\/api.w.org\/{rel}","templated":true}]}}