{"id":21389,"date":"2025-06-13T14:58:08","date_gmt":"2025-06-13T14:58:08","guid":{"rendered":"https:\/\/martinezcaballeroabogados.com\/saps-que-hi-ha-un-procediment-per-proveir-una-serie-de-mesures-judicials-de-suport-a-persones-amb-discapacitat\/"},"modified":"2025-06-15T12:13:47","modified_gmt":"2025-06-15T12:13:47","slug":"saps-que-hi-ha-un-procediment-per-proveir-una-serie-de-mesures-judicials-de-suport-a-persones-amb-discapacitat","status":"publish","type":"post","link":"https:\/\/martinezcaballeroabogados.com\/ca\/saps-que-hi-ha-un-procediment-per-proveir-una-serie-de-mesures-judicials-de-suport-a-persones-amb-discapacitat\/","title":{"rendered":"\u00bf Saps que hi ha un procediment per proveir una s\u00e8rie de mesures judicials de suport a persones amb discapacitat?"},"content":{"rendered":"\n<p>En l \u201cactualitat, tenim un proc\u00e9s judicial espec\u00edfic per protegir les persones amb discapacitat. Aquesta protecci\u00f3 se centra, sobretot, en les \u00e0rees patrimonials o personals d\u201d aquesta persona.  <\/p>\n\n<p>Aquest tipus de processos, que estan regulats a la Llei de Jurisdicci\u00f3 Volunt\u00e0ria, el poden iniciar els c\u00f2njuges (no separats de fet o de dret), ascendents, descendents o germans, per exemple. Per tant, si ens trobem que el nostre pare o mare, t\u00e9 discapacitat i t\u00e9 dificultats per prendre decisions a l \u201c\u00e0rea patrimonial, per via judicial podem sol\u00b7licitar que s\u201d adoptin una s\u00e8rie de mesures que donin suport a la presa de decisions en aquestes \u00e0rees. <\/p>\n\n<p>La mesura de protecci\u00f3 que proposem s \u201cha d\u201d ajustar a la situaci\u00f3 en qu\u00e8 es troba la persona. Exemple: si una persona requereix la supervisi\u00f3 d \u201cuna altra per a totes les activitats b\u00e0siques de la seva vida di\u00e0ria, que la representi a l\u201d \u00e0rea de la salut, a l \u201cecon\u00f2mica, etc., la mesura adequada \u00e9s la d\u201d assist\u00e8ncia legal a la persona discapa\u00e7, perqu\u00e8 se la pugui acompanyar, supervisar i representar en tots els \u00e0mbits de la seva vida. <\/p>\n\n<p>Per valorar si la mesura que proposem s&#8217;ajusta o no, cal presentar documents m\u00e8dics que acreditin el grau de discapacitat de la persona, aix\u00ed com altres documents que considerem necessaris (informes m\u00e8dics rellevants).<\/p>\n\n<p>Una de les mesures de suport a les persones amb discapacitat m\u00e9s freq\u00fcents \u00e9s el nomenament duna persona com a assistent legal de la persona discapa\u00e7. Aquesta persona ha de ser id\u00f2nia, i els que envolten la persona amb discapacitat han d \u201cestar d\u201d acord amb aquest nomenament. <\/p>\n\n<p>\u00bf Com funciona aquest proc\u00e9s? Una vegada s&#8217;ha presentat la demanda conforme sol\u00b7licitem aquestes mesures o altres, es far\u00e0 una entrevista per part del Ministeri Fiscal a la persona amb discapacitat.   <\/p>\n\n<p>Posteriorment, es far\u00e0 una compareixen\u00e7a en qu\u00e8 els advocats exposarem els motius pels quals procedeixen aquestes mesures, i tamb\u00e9, el jutge escoltar\u00e0 la fam\u00edlia de la persona amb discapacitat. Per qu\u00e8 els vol escoltar? Per certificar que la persona que es nomena com a assistent legal de la persona amb discapacitat, \u00e9s id\u00f2nia per tenir-ne cura. Aquest tipus de processos judicials suposen un gran pas i fomenten la igualtat, el respecte i la protecci\u00f3 cap a col\u00b7lectius que aix\u00ed ho requereixen.   <\/p>\n\n<p>Anna Nicol\u00e0s Tor\u00e1n<br\/> <em>Advocada Experta en Dret de Fam\u00edlia<\/em><br\/> <strong>M&amp;C Advocats<\/strong><\/p>\n","protected":false},"excerpt":{"rendered":"<p>En l \u201cactualitat, tenim un proc\u00e9s judicial espec\u00edfic per protegir les persones amb discapacitat. Aquesta protecci\u00f3 se centra, sobretot, en les \u00e0rees patrimonials o personals d\u201d aquesta persona. Aquest tipus de processos, que estan regulats a la Llei de Jurisdicci\u00f3 Volunt\u00e0ria, el poden iniciar els c\u00f2njuges (no separats de fet o de dret), ascendents, descendents o germans, per exemple. Per tant, si ens trobem que el nostre pare o mare, t\u00e9 discapacitat i t\u00e9 dificultats per prendre decisions a l&hellip;<\/p>\n","protected":false},"author":1,"featured_media":21373,"comment_status":"closed","ping_status":"closed","sticky":false,"template":"","format":"standard","meta":{"_monsterinsights_skip_tracking":false,"_monsterinsights_sitenote_active":false,"_monsterinsights_sitenote_note":"","_monsterinsights_sitenote_category":0,"_joinchat":[],"footnotes":""},"categories":[505,874,810,875],"tags":[],"class_list":["post-21389","post","type-post","status-publish","format-standard","has-post-thumbnail","hentry","category-ajuts","category-discapacitat","category-drets","category-mesures-judicials"],"yoast_head":"<!-- This site is optimized with the Yoast SEO plugin v26.8 - https:\/\/yoast.com\/product\/yoast-seo-wordpress\/ -->\n<title>Mesures judicials de suport a la discapacitat a Espanya - Martinez Caballero Advocats<\/title>\n<meta name=\"description\" content=\"Coneix el procediment legal per sol\u00b7licitar mesures de suport a persones amb discapacitat a Espanya. T&#039;assessorem.\" \/>\n<meta name=\"robots\" content=\"index, follow, max-snippet:-1, max-image-preview:large, max-video-preview:-1\" \/>\n<link rel=\"canonical\" href=\"https:\/\/martinezcaballeroabogados.com\/ca\/saps-que-hi-ha-un-procediment-per-proveir-una-serie-de-mesures-judicials-de-suport-a-persones-amb-discapacitat\/\" \/>\n<meta property=\"og:locale\" content=\"ca_ES\" \/>\n<meta property=\"og:type\" content=\"article\" \/>\n<meta property=\"og:title\" content=\"Mesures judicials de suport a la discapacitat a Espanya - Martinez Caballero Advocats\" \/>\n<meta property=\"og:description\" content=\"Coneix el procediment legal per sol\u00b7licitar mesures de suport a persones amb discapacitat a Espanya. T&#039;assessorem.\" \/>\n<meta property=\"og:url\" content=\"https:\/\/martinezcaballeroabogados.com\/ca\/saps-que-hi-ha-un-procediment-per-proveir-una-serie-de-mesures-judicials-de-suport-a-persones-amb-discapacitat\/\" \/>\n<meta property=\"og:site_name\" content=\"Martinez Caballero Advocats\" \/>\n<meta property=\"article:publisher\" content=\"https:\/\/www.facebook.com\/martinezcaballeroabogados\/\" \/>\n<meta property=\"article:published_time\" content=\"2025-06-13T14:58:08+00:00\" \/>\n<meta property=\"article:modified_time\" content=\"2025-06-15T12:13:47+00:00\" \/>\n<meta property=\"og:image\" content=\"https:\/\/martinezcaballeroabogados.com\/wp-content\/uploads\/2025\/06\/medidas-judiciales-apoyo-personas-discapacitadas.webp\" \/>\n\t<meta property=\"og:image:width\" content=\"1773\" \/>\n\t<meta property=\"og:image:height\" content=\"1182\" \/>\n\t<meta property=\"og:image:type\" content=\"image\/webp\" \/>\n<meta name=\"author\" content=\"martinez-admin\" \/>\n<meta name=\"twitter:card\" content=\"summary_large_image\" \/>\n<meta name=\"twitter:creator\" content=\"@MC_abogados_\" \/>\n<meta name=\"twitter:site\" content=\"@MC_abogados_\" \/>\n<meta name=\"twitter:label1\" content=\"Escrit per\" \/>\n\t<meta name=\"twitter:data1\" content=\"martinez-admin\" \/>\n\t<meta name=\"twitter:label2\" content=\"Temps estimat de lectura\" \/>\n\t<meta name=\"twitter:data2\" content=\"2 minuts\" \/>\n<script type=\"application\/ld+json\" class=\"yoast-schema-graph\">{\"@context\":\"https:\/\/schema.org\",\"@graph\":[{\"@type\":\"Article\",\"@id\":\"https:\/\/martinezcaballeroabogados.com\/ca\/saps-que-hi-ha-un-procediment-per-proveir-una-serie-de-mesures-judicials-de-suport-a-persones-amb-discapacitat\/#article\",\"isPartOf\":{\"@id\":\"https:\/\/martinezcaballeroabogados.com\/ca\/saps-que-hi-ha-un-procediment-per-proveir-una-serie-de-mesures-judicials-de-suport-a-persones-amb-discapacitat\/\"},\"author\":{\"name\":\"martinez-admin\",\"@id\":\"https:\/\/martinezcaballeroabogados.com\/ca\/#\/schema\/person\/ee5a2bfe30c40c7af67cac2f7f0836d3\"},\"headline\":\"\u00bf Saps que hi ha un procediment per proveir una s\u00e8rie de mesures judicials de suport a persones amb discapacitat?\",\"datePublished\":\"2025-06-13T14:58:08+00:00\",\"dateModified\":\"2025-06-15T12:13:47+00:00\",\"mainEntityOfPage\":{\"@id\":\"https:\/\/martinezcaballeroabogados.com\/ca\/saps-que-hi-ha-un-procediment-per-proveir-una-serie-de-mesures-judicials-de-suport-a-persones-amb-discapacitat\/\"},\"wordCount\":435,\"publisher\":{\"@id\":\"https:\/\/martinezcaballeroabogados.com\/ca\/#organization\"},\"image\":{\"@id\":\"https:\/\/martinezcaballeroabogados.com\/ca\/saps-que-hi-ha-un-procediment-per-proveir-una-serie-de-mesures-judicials-de-suport-a-persones-amb-discapacitat\/#primaryimage\"},\"thumbnailUrl\":\"https:\/\/martinezcaballeroabogados.com\/wp-content\/uploads\/2025\/06\/medidas-judiciales-apoyo-personas-discapacitadas.webp\",\"articleSection\":[\"Ajuts\",\"Discapacitat\",\"Drets\",\"Mesures judicials\"],\"inLanguage\":\"ca\"},{\"@type\":\"WebPage\",\"@id\":\"https:\/\/martinezcaballeroabogados.com\/ca\/saps-que-hi-ha-un-procediment-per-proveir-una-serie-de-mesures-judicials-de-suport-a-persones-amb-discapacitat\/\",\"url\":\"https:\/\/martinezcaballeroabogados.com\/ca\/saps-que-hi-ha-un-procediment-per-proveir-una-serie-de-mesures-judicials-de-suport-a-persones-amb-discapacitat\/\",\"name\":\"Mesures judicials de suport a la discapacitat a Espanya - Martinez Caballero Advocats\",\"isPartOf\":{\"@id\":\"https:\/\/martinezcaballeroabogados.com\/ca\/#website\"},\"primaryImageOfPage\":{\"@id\":\"https:\/\/martinezcaballeroabogados.com\/ca\/saps-que-hi-ha-un-procediment-per-proveir-una-serie-de-mesures-judicials-de-suport-a-persones-amb-discapacitat\/#primaryimage\"},\"image\":{\"@id\":\"https:\/\/martinezcaballeroabogados.com\/ca\/saps-que-hi-ha-un-procediment-per-proveir-una-serie-de-mesures-judicials-de-suport-a-persones-amb-discapacitat\/#primaryimage\"},\"thumbnailUrl\":\"https:\/\/martinezcaballeroabogados.com\/wp-content\/uploads\/2025\/06\/medidas-judiciales-apoyo-personas-discapacitadas.webp\",\"datePublished\":\"2025-06-13T14:58:08+00:00\",\"dateModified\":\"2025-06-15T12:13:47+00:00\",\"description\":\"Coneix el procediment legal per sol\u00b7licitar mesures de suport a persones amb discapacitat a Espanya. T'assessorem.\",\"breadcrumb\":{\"@id\":\"https:\/\/martinezcaballeroabogados.com\/ca\/saps-que-hi-ha-un-procediment-per-proveir-una-serie-de-mesures-judicials-de-suport-a-persones-amb-discapacitat\/#breadcrumb\"},\"inLanguage\":\"ca\",\"potentialAction\":[{\"@type\":\"ReadAction\",\"target\":[\"https:\/\/martinezcaballeroabogados.com\/ca\/saps-que-hi-ha-un-procediment-per-proveir-una-serie-de-mesures-judicials-de-suport-a-persones-amb-discapacitat\/\"]}]},{\"@type\":\"ImageObject\",\"inLanguage\":\"ca\",\"@id\":\"https:\/\/martinezcaballeroabogados.com\/ca\/saps-que-hi-ha-un-procediment-per-proveir-una-serie-de-mesures-judicials-de-suport-a-persones-amb-discapacitat\/#primaryimage\",\"url\":\"https:\/\/martinezcaballeroabogados.com\/wp-content\/uploads\/2025\/06\/medidas-judiciales-apoyo-personas-discapacitadas.webp\",\"contentUrl\":\"https:\/\/martinezcaballeroabogados.com\/wp-content\/uploads\/2025\/06\/medidas-judiciales-apoyo-personas-discapacitadas.webp\",\"width\":1773,\"height\":1182,\"caption\":\"Persona discapacitada pide ayuda judicial en un juzgado\"},{\"@type\":\"BreadcrumbList\",\"@id\":\"https:\/\/martinezcaballeroabogados.com\/ca\/saps-que-hi-ha-un-procediment-per-proveir-una-serie-de-mesures-judicials-de-suport-a-persones-amb-discapacitat\/#breadcrumb\",\"itemListElement\":[{\"@type\":\"ListItem\",\"position\":1,\"name\":\"Portada\",\"item\":\"https:\/\/martinezcaballeroabogados.com\/ca\/advocats-a-barcelona\/\"},{\"@type\":\"ListItem\",\"position\":2,\"name\":\"\u00bf Saps que hi ha un procediment per proveir una s\u00e8rie de mesures judicials de suport a persones amb discapacitat?\"}]},{\"@type\":\"WebSite\",\"@id\":\"https:\/\/martinezcaballeroabogados.com\/ca\/#website\",\"url\":\"https:\/\/martinezcaballeroabogados.com\/ca\/\",\"name\":\"Martinez & Caballero Abogados\",\"description\":\"Advocats Integrals a Barcelona\",\"publisher\":{\"@id\":\"https:\/\/martinezcaballeroabogados.com\/ca\/#organization\"},\"potentialAction\":[{\"@type\":\"SearchAction\",\"target\":{\"@type\":\"EntryPoint\",\"urlTemplate\":\"https:\/\/martinezcaballeroabogados.com\/ca\/?s={search_term_string}\"},\"query-input\":{\"@type\":\"PropertyValueSpecification\",\"valueRequired\":true,\"valueName\":\"search_term_string\"}}],\"inLanguage\":\"ca\"},{\"@type\":\"Organization\",\"@id\":\"https:\/\/martinezcaballeroabogados.com\/ca\/#organization\",\"name\":\"Martinez & Caballero Abogados\",\"url\":\"https:\/\/martinezcaballeroabogados.com\/ca\/\",\"logo\":{\"@type\":\"ImageObject\",\"inLanguage\":\"ca\",\"@id\":\"https:\/\/martinezcaballeroabogados.com\/ca\/#\/schema\/logo\/image\/\",\"url\":\"https:\/\/martinezcaballeroabogados.com\/wp-content\/uploads\/2020\/02\/cropped-cropped-logo-mc-abogados-web-1-e1497812507401-1.png\",\"contentUrl\":\"https:\/\/martinezcaballeroabogados.com\/wp-content\/uploads\/2020\/02\/cropped-cropped-logo-mc-abogados-web-1-e1497812507401-1.png\",\"width\":300,\"height\":150,\"caption\":\"Martinez & Caballero Abogados\"},\"image\":{\"@id\":\"https:\/\/martinezcaballeroabogados.com\/ca\/#\/schema\/logo\/image\/\"},\"sameAs\":[\"https:\/\/www.facebook.com\/martinezcaballeroabogados\/\",\"https:\/\/x.com\/MC_abogados_\",\"https:\/\/www.instagram.com\/extranjeriabarcelonaabogados\/\"]},{\"@type\":\"Person\",\"@id\":\"https:\/\/martinezcaballeroabogados.com\/ca\/#\/schema\/person\/ee5a2bfe30c40c7af67cac2f7f0836d3\",\"name\":\"martinez-admin\",\"image\":{\"@type\":\"ImageObject\",\"inLanguage\":\"ca\",\"@id\":\"https:\/\/martinezcaballeroabogados.com\/ca\/#\/schema\/person\/image\/\",\"url\":\"https:\/\/secure.gravatar.com\/avatar\/e75c4c04fb977670e5006b7e6fc3f34d?s=96&d=mm&r=g\",\"contentUrl\":\"https:\/\/secure.gravatar.com\/avatar\/e75c4c04fb977670e5006b7e6fc3f34d?s=96&d=mm&r=g\",\"caption\":\"martinez-admin\"}}]}<\/script>\n<!-- \/ Yoast SEO plugin. -->","yoast_head_json":{"title":"Mesures judicials de suport a la discapacitat a Espanya - Martinez Caballero Advocats","description":"Coneix el procediment legal per sol\u00b7licitar mesures de suport a persones amb discapacitat a Espanya. T'assessorem.","robots":{"index":"index","follow":"follow","max-snippet":"max-snippet:-1","max-image-preview":"max-image-preview:large","max-video-preview":"max-video-preview:-1"},"canonical":"https:\/\/martinezcaballeroabogados.com\/ca\/saps-que-hi-ha-un-procediment-per-proveir-una-serie-de-mesures-judicials-de-suport-a-persones-amb-discapacitat\/","og_locale":"ca_ES","og_type":"article","og_title":"Mesures judicials de suport a la discapacitat a Espanya - Martinez Caballero Advocats","og_description":"Coneix el procediment legal per sol\u00b7licitar mesures de suport a persones amb discapacitat a Espanya. T'assessorem.","og_url":"https:\/\/martinezcaballeroabogados.com\/ca\/saps-que-hi-ha-un-procediment-per-proveir-una-serie-de-mesures-judicials-de-suport-a-persones-amb-discapacitat\/","og_site_name":"Martinez Caballero Advocats","article_publisher":"https:\/\/www.facebook.com\/martinezcaballeroabogados\/","article_published_time":"2025-06-13T14:58:08+00:00","article_modified_time":"2025-06-15T12:13:47+00:00","og_image":[{"width":1773,"height":1182,"url":"https:\/\/martinezcaballeroabogados.com\/wp-content\/uploads\/2025\/06\/medidas-judiciales-apoyo-personas-discapacitadas.webp","type":"image\/webp"}],"author":"martinez-admin","twitter_card":"summary_large_image","twitter_creator":"@MC_abogados_","twitter_site":"@MC_abogados_","twitter_misc":{"Escrit per":"martinez-admin","Temps estimat de lectura":"2 minuts"},"schema":{"@context":"https:\/\/schema.org","@graph":[{"@type":"Article","@id":"https:\/\/martinezcaballeroabogados.com\/ca\/saps-que-hi-ha-un-procediment-per-proveir-una-serie-de-mesures-judicials-de-suport-a-persones-amb-discapacitat\/#article","isPartOf":{"@id":"https:\/\/martinezcaballeroabogados.com\/ca\/saps-que-hi-ha-un-procediment-per-proveir-una-serie-de-mesures-judicials-de-suport-a-persones-amb-discapacitat\/"},"author":{"name":"martinez-admin","@id":"https:\/\/martinezcaballeroabogados.com\/ca\/#\/schema\/person\/ee5a2bfe30c40c7af67cac2f7f0836d3"},"headline":"\u00bf Saps que hi ha un procediment per proveir una s\u00e8rie de mesures judicials de suport a persones amb discapacitat?","datePublished":"2025-06-13T14:58:08+00:00","dateModified":"2025-06-15T12:13:47+00:00","mainEntityOfPage":{"@id":"https:\/\/martinezcaballeroabogados.com\/ca\/saps-que-hi-ha-un-procediment-per-proveir-una-serie-de-mesures-judicials-de-suport-a-persones-amb-discapacitat\/"},"wordCount":435,"publisher":{"@id":"https:\/\/martinezcaballeroabogados.com\/ca\/#organization"},"image":{"@id":"https:\/\/martinezcaballeroabogados.com\/ca\/saps-que-hi-ha-un-procediment-per-proveir-una-serie-de-mesures-judicials-de-suport-a-persones-amb-discapacitat\/#primaryimage"},"thumbnailUrl":"https:\/\/martinezcaballeroabogados.com\/wp-content\/uploads\/2025\/06\/medidas-judiciales-apoyo-personas-discapacitadas.webp","articleSection":["Ajuts","Discapacitat","Drets","Mesures judicials"],"inLanguage":"ca"},{"@type":"WebPage","@id":"https:\/\/martinezcaballeroabogados.com\/ca\/saps-que-hi-ha-un-procediment-per-proveir-una-serie-de-mesures-judicials-de-suport-a-persones-amb-discapacitat\/","url":"https:\/\/martinezcaballeroabogados.com\/ca\/saps-que-hi-ha-un-procediment-per-proveir-una-serie-de-mesures-judicials-de-suport-a-persones-amb-discapacitat\/","name":"Mesures judicials de suport a la discapacitat a Espanya - Martinez Caballero Advocats","isPartOf":{"@id":"https:\/\/martinezcaballeroabogados.com\/ca\/#website"},"primaryImageOfPage":{"@id":"https:\/\/martinezcaballeroabogados.com\/ca\/saps-que-hi-ha-un-procediment-per-proveir-una-serie-de-mesures-judicials-de-suport-a-persones-amb-discapacitat\/#primaryimage"},"image":{"@id":"https:\/\/martinezcaballeroabogados.com\/ca\/saps-que-hi-ha-un-procediment-per-proveir-una-serie-de-mesures-judicials-de-suport-a-persones-amb-discapacitat\/#primaryimage"},"thumbnailUrl":"https:\/\/martinezcaballeroabogados.com\/wp-content\/uploads\/2025\/06\/medidas-judiciales-apoyo-personas-discapacitadas.webp","datePublished":"2025-06-13T14:58:08+00:00","dateModified":"2025-06-15T12:13:47+00:00","description":"Coneix el procediment legal per sol\u00b7licitar mesures de suport a persones amb discapacitat a Espanya. T'assessorem.","breadcrumb":{"@id":"https:\/\/martinezcaballeroabogados.com\/ca\/saps-que-hi-ha-un-procediment-per-proveir-una-serie-de-mesures-judicials-de-suport-a-persones-amb-discapacitat\/#breadcrumb"},"inLanguage":"ca","potentialAction":[{"@type":"ReadAction","target":["https:\/\/martinezcaballeroabogados.com\/ca\/saps-que-hi-ha-un-procediment-per-proveir-una-serie-de-mesures-judicials-de-suport-a-persones-amb-discapacitat\/"]}]},{"@type":"ImageObject","inLanguage":"ca","@id":"https:\/\/martinezcaballeroabogados.com\/ca\/saps-que-hi-ha-un-procediment-per-proveir-una-serie-de-mesures-judicials-de-suport-a-persones-amb-discapacitat\/#primaryimage","url":"https:\/\/martinezcaballeroabogados.com\/wp-content\/uploads\/2025\/06\/medidas-judiciales-apoyo-personas-discapacitadas.webp","contentUrl":"https:\/\/martinezcaballeroabogados.com\/wp-content\/uploads\/2025\/06\/medidas-judiciales-apoyo-personas-discapacitadas.webp","width":1773,"height":1182,"caption":"Persona discapacitada pide ayuda judicial en un juzgado"},{"@type":"BreadcrumbList","@id":"https:\/\/martinezcaballeroabogados.com\/ca\/saps-que-hi-ha-un-procediment-per-proveir-una-serie-de-mesures-judicials-de-suport-a-persones-amb-discapacitat\/#breadcrumb","itemListElement":[{"@type":"ListItem","position":1,"name":"Portada","item":"https:\/\/martinezcaballeroabogados.com\/ca\/advocats-a-barcelona\/"},{"@type":"ListItem","position":2,"name":"\u00bf Saps que hi ha un procediment per proveir una s\u00e8rie de mesures judicials de suport a persones amb discapacitat?"}]},{"@type":"WebSite","@id":"https:\/\/martinezcaballeroabogados.com\/ca\/#website","url":"https:\/\/martinezcaballeroabogados.com\/ca\/","name":"Martinez & Caballero Abogados","description":"Advocats Integrals a Barcelona","publisher":{"@id":"https:\/\/martinezcaballeroabogados.com\/ca\/#organization"},"potentialAction":[{"@type":"SearchAction","target":{"@type":"EntryPoint","urlTemplate":"https:\/\/martinezcaballeroabogados.com\/ca\/?s={search_term_string}"},"query-input":{"@type":"PropertyValueSpecification","valueRequired":true,"valueName":"search_term_string"}}],"inLanguage":"ca"},{"@type":"Organization","@id":"https:\/\/martinezcaballeroabogados.com\/ca\/#organization","name":"Martinez & Caballero Abogados","url":"https:\/\/martinezcaballeroabogados.com\/ca\/","logo":{"@type":"ImageObject","inLanguage":"ca","@id":"https:\/\/martinezcaballeroabogados.com\/ca\/#\/schema\/logo\/image\/","url":"https:\/\/martinezcaballeroabogados.com\/wp-content\/uploads\/2020\/02\/cropped-cropped-logo-mc-abogados-web-1-e1497812507401-1.png","contentUrl":"https:\/\/martinezcaballeroabogados.com\/wp-content\/uploads\/2020\/02\/cropped-cropped-logo-mc-abogados-web-1-e1497812507401-1.png","width":300,"height":150,"caption":"Martinez & Caballero Abogados"},"image":{"@id":"https:\/\/martinezcaballeroabogados.com\/ca\/#\/schema\/logo\/image\/"},"sameAs":["https:\/\/www.facebook.com\/martinezcaballeroabogados\/","https:\/\/x.com\/MC_abogados_","https:\/\/www.instagram.com\/extranjeriabarcelonaabogados\/"]},{"@type":"Person","@id":"https:\/\/martinezcaballeroabogados.com\/ca\/#\/schema\/person\/ee5a2bfe30c40c7af67cac2f7f0836d3","name":"martinez-admin","image":{"@type":"ImageObject","inLanguage":"ca","@id":"https:\/\/martinezcaballeroabogados.com\/ca\/#\/schema\/person\/image\/","url":"https:\/\/secure.gravatar.com\/avatar\/e75c4c04fb977670e5006b7e6fc3f34d?s=96&d=mm&r=g","contentUrl":"https:\/\/secure.gravatar.com\/avatar\/e75c4c04fb977670e5006b7e6fc3f34d?s=96&d=mm&r=g","caption":"martinez-admin"}}]}},"_links":{"self":[{"href":"https:\/\/martinezcaballeroabogados.com\/ca\/wp-json\/wp\/v2\/posts\/21389","targetHints":{"allow":["GET"]}}],"collection":[{"href":"https:\/\/martinezcaballeroabogados.com\/ca\/wp-json\/wp\/v2\/posts"}],"about":[{"href":"https:\/\/martinezcaballeroabogados.com\/ca\/wp-json\/wp\/v2\/types\/post"}],"author":[{"embeddable":true,"href":"https:\/\/martinezcaballeroabogados.com\/ca\/wp-json\/wp\/v2\/users\/1"}],"replies":[{"embeddable":true,"href":"https:\/\/martinezcaballeroabogados.com\/ca\/wp-json\/wp\/v2\/comments?post=21389"}],"version-history":[{"count":1,"href":"https:\/\/martinezcaballeroabogados.com\/ca\/wp-json\/wp\/v2\/posts\/21389\/revisions"}],"predecessor-version":[{"id":21390,"href":"https:\/\/martinezcaballeroabogados.com\/ca\/wp-json\/wp\/v2\/posts\/21389\/revisions\/21390"}],"wp:featuredmedia":[{"embeddable":true,"href":"https:\/\/martinezcaballeroabogados.com\/ca\/wp-json\/wp\/v2\/media\/21373"}],"wp:attachment":[{"href":"https:\/\/martinezcaballeroabogados.com\/ca\/wp-json\/wp\/v2\/media?parent=21389"}],"wp:term":[{"taxonomy":"category","embeddable":true,"href":"https:\/\/martinezcaballeroabogados.com\/ca\/wp-json\/wp\/v2\/categories?post=21389"},{"taxonomy":"post_tag","embeddable":true,"href":"https:\/\/martinezcaballeroabogados.com\/ca\/wp-json\/wp\/v2\/tags?post=21389"}],"curies":[{"name":"wp","href":"https:\/\/api.w.org\/{rel}","templated":true}]}}