{"id":20800,"date":"2025-05-02T09:23:51","date_gmt":"2025-05-02T09:23:51","guid":{"rendered":"https:\/\/martinezcaballeroabogados.com\/un-fill-per-contracte-el-debat-dels-ventes-de-lloguer\/"},"modified":"2025-05-19T13:05:33","modified_gmt":"2025-05-19T13:05:33","slug":"un-fill-per-contracte-el-debat-dels-ventes-de-lloguer","status":"publish","type":"post","link":"https:\/\/martinezcaballeroabogados.com\/ca\/un-fill-per-contracte-el-debat-dels-ventes-de-lloguer\/","title":{"rendered":"UN FILL PER CONTRACTE? EL DEBAT DELS VENTES DE LLOGUER"},"content":{"rendered":"\n<p>La maternitat subrogada o els ventres de lloguer s\u00f3n conceptes que obeeixen a un mateix proc\u00e9s que consisteix que una dona (mare gestant), duu a terme tot el proc\u00e9s d&#8217;embar\u00e0s i d\u00f3na a llum una criatura per a una altra persona o parella (mare no gestant). Des del mateix moment que la mare gestant d\u00f3na a llum, la mateixa renuncia als seus drets legals sobre el nad\u00f3. <\/p>\n\n<p>A Espanya NO est\u00e0 permetia la maternitat subrogada. \u00c9s m\u00e9s, est\u00e0 expressament prohibida <em>(article 10 de la llei 14\/2006, del 26 de maig, sobre t\u00e8cniques de reproducci\u00f3 humana assistida),<\/em> ja que s&#8217;estableix que <em>la filiaci\u00f3 dels fills nascuts per gestaci\u00f3 de substituci\u00f3 ser\u00e0 determinada pel part<\/em> . Aquest tema ha estat i \u00e9s molt pol\u00e8mic i sempre ha generat un gran debat legal i \u00e8tic.  <\/p>\n\n<p>Si b\u00e9 \u00e9s cert, tal com indicava, que a Espanya no est\u00e0 permesa la maternitat subrogada, moltes parelles davant del seu desig de ser pares, acudien a altres pa\u00efsos, com els Estats Units o Ucra\u00efna, per contactar amb mares gestants i rec\u00f3rrer a aquesta pr\u00e0ctica. Fins ara, quan aix\u00f2 passava, es permetia inscriure directament al Registre Civil els nadons nascuts mitjan\u00e7ant un proc\u00e9s de gestaci\u00f3 subrogada a l&#8217;estranger, duent a terme les vies determinades a aquest efecte. <\/p>\n\n<p>En aquest sentit, se sol\u00b7licitava la inscripci\u00f3 al Registre Civil espanyol mitjan\u00e7ant la transcripci\u00f3 del certificat de naixement que constava al registre estranger, o b\u00e9, s&#8217;apel\u00b7lava a la resoluci\u00f3 judicial d&#8217;aquell pa\u00eds que determinava la filiaci\u00f3 d&#8217;aquest nad\u00f3 a favor dels ciutadans espanyols.<\/p>\n\n<p>Ara b\u00e9, el 28 d&#8217;abril del 2025 es va aprovar una Instrucci\u00f3 de la Direcci\u00f3 General de Seguretat Jur\u00eddica i Fe P\u00fablica, que va entrar en vigor l&#8217;1 de maig del 2025, en qu\u00e8 s&#8217;impedeix que es registri directament els nadons nascuts per gestaci\u00f3 subrogada a l&#8217;estranger.<\/p>\n\n<p>At\u00e8s que ja no es podr\u00e0 rec\u00f3rrer a aquesta pr\u00e0ctica, nom\u00e9s ens quedaran dues vies per inscriure&#8217;ls: El primer a trav\u00e9s de la prova d&#8217;ADN (aix\u00ed es verificaria l&#8217;enlla\u00e7 biol\u00f2gic), o el segon, a trav\u00e9s d&#8217;un proc\u00e9s d&#8217;adopci\u00f3.<\/p>\n\n<p>Amb l&#8217;aprovaci\u00f3 d&#8217;aquesta Instrucci\u00f3, es refor\u00e7a el posicionament dels tribunals que han estat molt clars i consideren que aquesta pr\u00e0ctica tracta les <em>\u201cmares i els nens com a simples mercaderies, atemptant contra la dignitat humana i la integritat moral\u201d.<\/em> <br\/><br\/>A Espanya hi ha Ag\u00e8ncies de ventres de lloguer i moltes estan sent investigades. La situaci\u00f3 com pots veure \u00e9s complicada i complexa. Ara b\u00e9, quina opini\u00f3 en tens? Consideres que hauria de ser legal la maternitat a Espanya?   <\/p>\n\n<p>Anna Nicol\u00e0s Tor\u00e1n<br\/> <em>Advocada Experta en Dret de Fam\u00edlia<\/em><br\/> <strong>Mart\u00ednez &amp; Caballero Advocats<\/strong><\/p>\n","protected":false},"excerpt":{"rendered":"<p>La maternitat subrogada o els ventres de lloguer s\u00f3n conceptes que obeeixen a un mateix proc\u00e9s que consisteix que una dona (mare gestant), duu a terme tot el proc\u00e9s d&#8217;embar\u00e0s i d\u00f3na a llum una criatura per a una altra persona o parella (mare no gestant). Des del mateix moment que la mare gestant d\u00f3na a llum, la mateixa renuncia als seus drets legals sobre el nad\u00f3. A Espanya NO est\u00e0 permetia la maternitat subrogada. \u00c9s m\u00e9s, est\u00e0 expressament prohibida&hellip;<\/p>\n","protected":false},"author":1,"featured_media":20793,"comment_status":"closed","ping_status":"closed","sticky":false,"template":"","format":"standard","meta":{"_monsterinsights_skip_tracking":false,"_monsterinsights_sitenote_active":false,"_monsterinsights_sitenote_note":"","_monsterinsights_sitenote_category":0,"_joinchat":[],"footnotes":""},"categories":[822,580,475,476,710,820,509,821],"tags":[],"class_list":["post-20800","post","type-post","status-publish","format-standard","has-post-thumbnail","hentry","category-adopcio","category-dret-civil","category-dret-de-familia","category-familia-ca","category-fills","category-gestacio-subrogada","category-menors-dedat","category-ventre-de-lloguer"],"yoast_head":"<!-- This site is optimized with the Yoast SEO plugin v26.8 - https:\/\/yoast.com\/product\/yoast-seo-wordpress\/ -->\n<title>Ventres de lloguer a Espanya: aspectes legals i debat - Martinez Caballero Advocats<\/title>\n<meta name=\"description\" content=\"Descobreix el debat legal i \u00e8tic sobre els ventres de lloguer a Espanya. Mart\u00ednez &amp; Caballero Advocats t&#039;expliquen els drets i els riscos legals.\" \/>\n<meta name=\"robots\" content=\"index, follow, max-snippet:-1, max-image-preview:large, max-video-preview:-1\" \/>\n<link rel=\"canonical\" href=\"https:\/\/martinezcaballeroabogados.com\/ca\/un-fill-per-contracte-el-debat-dels-ventes-de-lloguer\/\" \/>\n<meta property=\"og:locale\" content=\"ca_ES\" \/>\n<meta property=\"og:type\" content=\"article\" \/>\n<meta property=\"og:title\" content=\"Ventres de lloguer a Espanya: aspectes legals i debat - Martinez Caballero Advocats\" \/>\n<meta property=\"og:description\" content=\"Descobreix el debat legal i \u00e8tic sobre els ventres de lloguer a Espanya. Mart\u00ednez &amp; Caballero Advocats t&#039;expliquen els drets i els riscos legals.\" \/>\n<meta property=\"og:url\" content=\"https:\/\/martinezcaballeroabogados.com\/ca\/un-fill-per-contracte-el-debat-dels-ventes-de-lloguer\/\" \/>\n<meta property=\"og:site_name\" content=\"Martinez Caballero Advocats\" \/>\n<meta property=\"article:publisher\" content=\"https:\/\/www.facebook.com\/martinezcaballeroabogados\/\" \/>\n<meta property=\"article:published_time\" content=\"2025-05-02T09:23:51+00:00\" \/>\n<meta property=\"article:modified_time\" content=\"2025-05-19T13:05:33+00:00\" \/>\n<meta property=\"og:image\" content=\"https:\/\/martinezcaballeroabogados.com\/wp-content\/uploads\/2025\/05\/debate-maternidad-subrogada-espana.webp\" \/>\n\t<meta property=\"og:image:width\" content=\"2560\" \/>\n\t<meta property=\"og:image:height\" content=\"1706\" \/>\n\t<meta property=\"og:image:type\" content=\"image\/webp\" \/>\n<meta name=\"author\" content=\"martinez-admin\" \/>\n<meta name=\"twitter:card\" content=\"summary_large_image\" \/>\n<meta name=\"twitter:creator\" content=\"@MC_abogados_\" \/>\n<meta name=\"twitter:site\" content=\"@MC_abogados_\" \/>\n<meta name=\"twitter:label1\" content=\"Escrit per\" \/>\n\t<meta name=\"twitter:data1\" content=\"martinez-admin\" \/>\n\t<meta name=\"twitter:label2\" content=\"Temps estimat de lectura\" \/>\n\t<meta name=\"twitter:data2\" content=\"2 minuts\" \/>\n<script type=\"application\/ld+json\" class=\"yoast-schema-graph\">{\"@context\":\"https:\/\/schema.org\",\"@graph\":[{\"@type\":\"Article\",\"@id\":\"https:\/\/martinezcaballeroabogados.com\/ca\/un-fill-per-contracte-el-debat-dels-ventes-de-lloguer\/#article\",\"isPartOf\":{\"@id\":\"https:\/\/martinezcaballeroabogados.com\/ca\/un-fill-per-contracte-el-debat-dels-ventes-de-lloguer\/\"},\"author\":{\"name\":\"martinez-admin\",\"@id\":\"https:\/\/martinezcaballeroabogados.com\/ca\/#\/schema\/person\/ee5a2bfe30c40c7af67cac2f7f0836d3\"},\"headline\":\"UN FILL PER CONTRACTE? EL DEBAT DELS VENTES DE LLOGUER\",\"datePublished\":\"2025-05-02T09:23:51+00:00\",\"dateModified\":\"2025-05-19T13:05:33+00:00\",\"mainEntityOfPage\":{\"@id\":\"https:\/\/martinezcaballeroabogados.com\/ca\/un-fill-per-contracte-el-debat-dels-ventes-de-lloguer\/\"},\"wordCount\":467,\"publisher\":{\"@id\":\"https:\/\/martinezcaballeroabogados.com\/ca\/#organization\"},\"image\":{\"@id\":\"https:\/\/martinezcaballeroabogados.com\/ca\/un-fill-per-contracte-el-debat-dels-ventes-de-lloguer\/#primaryimage\"},\"thumbnailUrl\":\"https:\/\/martinezcaballeroabogados.com\/wp-content\/uploads\/2025\/05\/debate-maternidad-subrogada-espana.webp\",\"articleSection\":[\"Adopci\u00f3\",\"Dret civil\",\"Dret de fam\u00edlia\",\"Fam\u00edlia\",\"Fills\",\"Gestaci\u00f3 subrogada\",\"Menors d'edat\",\"Ventre de lloguer\"],\"inLanguage\":\"ca\"},{\"@type\":\"WebPage\",\"@id\":\"https:\/\/martinezcaballeroabogados.com\/ca\/un-fill-per-contracte-el-debat-dels-ventes-de-lloguer\/\",\"url\":\"https:\/\/martinezcaballeroabogados.com\/ca\/un-fill-per-contracte-el-debat-dels-ventes-de-lloguer\/\",\"name\":\"Ventres de lloguer a Espanya: aspectes legals i debat - Martinez Caballero Advocats\",\"isPartOf\":{\"@id\":\"https:\/\/martinezcaballeroabogados.com\/ca\/#website\"},\"primaryImageOfPage\":{\"@id\":\"https:\/\/martinezcaballeroabogados.com\/ca\/un-fill-per-contracte-el-debat-dels-ventes-de-lloguer\/#primaryimage\"},\"image\":{\"@id\":\"https:\/\/martinezcaballeroabogados.com\/ca\/un-fill-per-contracte-el-debat-dels-ventes-de-lloguer\/#primaryimage\"},\"thumbnailUrl\":\"https:\/\/martinezcaballeroabogados.com\/wp-content\/uploads\/2025\/05\/debate-maternidad-subrogada-espana.webp\",\"datePublished\":\"2025-05-02T09:23:51+00:00\",\"dateModified\":\"2025-05-19T13:05:33+00:00\",\"description\":\"Descobreix el debat legal i \u00e8tic sobre els ventres de lloguer a Espanya. Mart\u00ednez & Caballero Advocats t'expliquen els drets i els riscos legals.\",\"breadcrumb\":{\"@id\":\"https:\/\/martinezcaballeroabogados.com\/ca\/un-fill-per-contracte-el-debat-dels-ventes-de-lloguer\/#breadcrumb\"},\"inLanguage\":\"ca\",\"potentialAction\":[{\"@type\":\"ReadAction\",\"target\":[\"https:\/\/martinezcaballeroabogados.com\/ca\/un-fill-per-contracte-el-debat-dels-ventes-de-lloguer\/\"]}]},{\"@type\":\"ImageObject\",\"inLanguage\":\"ca\",\"@id\":\"https:\/\/martinezcaballeroabogados.com\/ca\/un-fill-per-contracte-el-debat-dels-ventes-de-lloguer\/#primaryimage\",\"url\":\"https:\/\/martinezcaballeroabogados.com\/wp-content\/uploads\/2025\/05\/debate-maternidad-subrogada-espana.webp\",\"contentUrl\":\"https:\/\/martinezcaballeroabogados.com\/wp-content\/uploads\/2025\/05\/debate-maternidad-subrogada-espana.webp\",\"width\":2560,\"height\":1706,\"caption\":\"Mujer visita al m\u00e9dico por gestaci\u00f3n subrogada\"},{\"@type\":\"BreadcrumbList\",\"@id\":\"https:\/\/martinezcaballeroabogados.com\/ca\/un-fill-per-contracte-el-debat-dels-ventes-de-lloguer\/#breadcrumb\",\"itemListElement\":[{\"@type\":\"ListItem\",\"position\":1,\"name\":\"Portada\",\"item\":\"https:\/\/martinezcaballeroabogados.com\/ca\/advocats-a-barcelona\/\"},{\"@type\":\"ListItem\",\"position\":2,\"name\":\"UN FILL PER CONTRACTE? EL DEBAT DELS VENTES DE LLOGUER\"}]},{\"@type\":\"WebSite\",\"@id\":\"https:\/\/martinezcaballeroabogados.com\/ca\/#website\",\"url\":\"https:\/\/martinezcaballeroabogados.com\/ca\/\",\"name\":\"Martinez & Caballero Abogados\",\"description\":\"Advocats Integrals a Barcelona\",\"publisher\":{\"@id\":\"https:\/\/martinezcaballeroabogados.com\/ca\/#organization\"},\"potentialAction\":[{\"@type\":\"SearchAction\",\"target\":{\"@type\":\"EntryPoint\",\"urlTemplate\":\"https:\/\/martinezcaballeroabogados.com\/ca\/?s={search_term_string}\"},\"query-input\":{\"@type\":\"PropertyValueSpecification\",\"valueRequired\":true,\"valueName\":\"search_term_string\"}}],\"inLanguage\":\"ca\"},{\"@type\":\"Organization\",\"@id\":\"https:\/\/martinezcaballeroabogados.com\/ca\/#organization\",\"name\":\"Martinez & Caballero Abogados\",\"url\":\"https:\/\/martinezcaballeroabogados.com\/ca\/\",\"logo\":{\"@type\":\"ImageObject\",\"inLanguage\":\"ca\",\"@id\":\"https:\/\/martinezcaballeroabogados.com\/ca\/#\/schema\/logo\/image\/\",\"url\":\"https:\/\/martinezcaballeroabogados.com\/wp-content\/uploads\/2020\/02\/cropped-cropped-logo-mc-abogados-web-1-e1497812507401-1.png\",\"contentUrl\":\"https:\/\/martinezcaballeroabogados.com\/wp-content\/uploads\/2020\/02\/cropped-cropped-logo-mc-abogados-web-1-e1497812507401-1.png\",\"width\":300,\"height\":150,\"caption\":\"Martinez & Caballero Abogados\"},\"image\":{\"@id\":\"https:\/\/martinezcaballeroabogados.com\/ca\/#\/schema\/logo\/image\/\"},\"sameAs\":[\"https:\/\/www.facebook.com\/martinezcaballeroabogados\/\",\"https:\/\/x.com\/MC_abogados_\",\"https:\/\/www.instagram.com\/extranjeriabarcelonaabogados\/\"]},{\"@type\":\"Person\",\"@id\":\"https:\/\/martinezcaballeroabogados.com\/ca\/#\/schema\/person\/ee5a2bfe30c40c7af67cac2f7f0836d3\",\"name\":\"martinez-admin\",\"image\":{\"@type\":\"ImageObject\",\"inLanguage\":\"ca\",\"@id\":\"https:\/\/martinezcaballeroabogados.com\/ca\/#\/schema\/person\/image\/\",\"url\":\"https:\/\/secure.gravatar.com\/avatar\/e75c4c04fb977670e5006b7e6fc3f34d?s=96&d=mm&r=g\",\"contentUrl\":\"https:\/\/secure.gravatar.com\/avatar\/e75c4c04fb977670e5006b7e6fc3f34d?s=96&d=mm&r=g\",\"caption\":\"martinez-admin\"}}]}<\/script>\n<!-- \/ Yoast SEO plugin. -->","yoast_head_json":{"title":"Ventres de lloguer a Espanya: aspectes legals i debat - Martinez Caballero Advocats","description":"Descobreix el debat legal i \u00e8tic sobre els ventres de lloguer a Espanya. Mart\u00ednez & Caballero Advocats t'expliquen els drets i els riscos legals.","robots":{"index":"index","follow":"follow","max-snippet":"max-snippet:-1","max-image-preview":"max-image-preview:large","max-video-preview":"max-video-preview:-1"},"canonical":"https:\/\/martinezcaballeroabogados.com\/ca\/un-fill-per-contracte-el-debat-dels-ventes-de-lloguer\/","og_locale":"ca_ES","og_type":"article","og_title":"Ventres de lloguer a Espanya: aspectes legals i debat - Martinez Caballero Advocats","og_description":"Descobreix el debat legal i \u00e8tic sobre els ventres de lloguer a Espanya. Mart\u00ednez & Caballero Advocats t'expliquen els drets i els riscos legals.","og_url":"https:\/\/martinezcaballeroabogados.com\/ca\/un-fill-per-contracte-el-debat-dels-ventes-de-lloguer\/","og_site_name":"Martinez Caballero Advocats","article_publisher":"https:\/\/www.facebook.com\/martinezcaballeroabogados\/","article_published_time":"2025-05-02T09:23:51+00:00","article_modified_time":"2025-05-19T13:05:33+00:00","og_image":[{"width":2560,"height":1706,"url":"https:\/\/martinezcaballeroabogados.com\/wp-content\/uploads\/2025\/05\/debate-maternidad-subrogada-espana.webp","type":"image\/webp"}],"author":"martinez-admin","twitter_card":"summary_large_image","twitter_creator":"@MC_abogados_","twitter_site":"@MC_abogados_","twitter_misc":{"Escrit per":"martinez-admin","Temps estimat de lectura":"2 minuts"},"schema":{"@context":"https:\/\/schema.org","@graph":[{"@type":"Article","@id":"https:\/\/martinezcaballeroabogados.com\/ca\/un-fill-per-contracte-el-debat-dels-ventes-de-lloguer\/#article","isPartOf":{"@id":"https:\/\/martinezcaballeroabogados.com\/ca\/un-fill-per-contracte-el-debat-dels-ventes-de-lloguer\/"},"author":{"name":"martinez-admin","@id":"https:\/\/martinezcaballeroabogados.com\/ca\/#\/schema\/person\/ee5a2bfe30c40c7af67cac2f7f0836d3"},"headline":"UN FILL PER CONTRACTE? EL DEBAT DELS VENTES DE LLOGUER","datePublished":"2025-05-02T09:23:51+00:00","dateModified":"2025-05-19T13:05:33+00:00","mainEntityOfPage":{"@id":"https:\/\/martinezcaballeroabogados.com\/ca\/un-fill-per-contracte-el-debat-dels-ventes-de-lloguer\/"},"wordCount":467,"publisher":{"@id":"https:\/\/martinezcaballeroabogados.com\/ca\/#organization"},"image":{"@id":"https:\/\/martinezcaballeroabogados.com\/ca\/un-fill-per-contracte-el-debat-dels-ventes-de-lloguer\/#primaryimage"},"thumbnailUrl":"https:\/\/martinezcaballeroabogados.com\/wp-content\/uploads\/2025\/05\/debate-maternidad-subrogada-espana.webp","articleSection":["Adopci\u00f3","Dret civil","Dret de fam\u00edlia","Fam\u00edlia","Fills","Gestaci\u00f3 subrogada","Menors d'edat","Ventre de lloguer"],"inLanguage":"ca"},{"@type":"WebPage","@id":"https:\/\/martinezcaballeroabogados.com\/ca\/un-fill-per-contracte-el-debat-dels-ventes-de-lloguer\/","url":"https:\/\/martinezcaballeroabogados.com\/ca\/un-fill-per-contracte-el-debat-dels-ventes-de-lloguer\/","name":"Ventres de lloguer a Espanya: aspectes legals i debat - Martinez Caballero Advocats","isPartOf":{"@id":"https:\/\/martinezcaballeroabogados.com\/ca\/#website"},"primaryImageOfPage":{"@id":"https:\/\/martinezcaballeroabogados.com\/ca\/un-fill-per-contracte-el-debat-dels-ventes-de-lloguer\/#primaryimage"},"image":{"@id":"https:\/\/martinezcaballeroabogados.com\/ca\/un-fill-per-contracte-el-debat-dels-ventes-de-lloguer\/#primaryimage"},"thumbnailUrl":"https:\/\/martinezcaballeroabogados.com\/wp-content\/uploads\/2025\/05\/debate-maternidad-subrogada-espana.webp","datePublished":"2025-05-02T09:23:51+00:00","dateModified":"2025-05-19T13:05:33+00:00","description":"Descobreix el debat legal i \u00e8tic sobre els ventres de lloguer a Espanya. Mart\u00ednez & Caballero Advocats t'expliquen els drets i els riscos legals.","breadcrumb":{"@id":"https:\/\/martinezcaballeroabogados.com\/ca\/un-fill-per-contracte-el-debat-dels-ventes-de-lloguer\/#breadcrumb"},"inLanguage":"ca","potentialAction":[{"@type":"ReadAction","target":["https:\/\/martinezcaballeroabogados.com\/ca\/un-fill-per-contracte-el-debat-dels-ventes-de-lloguer\/"]}]},{"@type":"ImageObject","inLanguage":"ca","@id":"https:\/\/martinezcaballeroabogados.com\/ca\/un-fill-per-contracte-el-debat-dels-ventes-de-lloguer\/#primaryimage","url":"https:\/\/martinezcaballeroabogados.com\/wp-content\/uploads\/2025\/05\/debate-maternidad-subrogada-espana.webp","contentUrl":"https:\/\/martinezcaballeroabogados.com\/wp-content\/uploads\/2025\/05\/debate-maternidad-subrogada-espana.webp","width":2560,"height":1706,"caption":"Mujer visita al m\u00e9dico por gestaci\u00f3n subrogada"},{"@type":"BreadcrumbList","@id":"https:\/\/martinezcaballeroabogados.com\/ca\/un-fill-per-contracte-el-debat-dels-ventes-de-lloguer\/#breadcrumb","itemListElement":[{"@type":"ListItem","position":1,"name":"Portada","item":"https:\/\/martinezcaballeroabogados.com\/ca\/advocats-a-barcelona\/"},{"@type":"ListItem","position":2,"name":"UN FILL PER CONTRACTE? EL DEBAT DELS VENTES DE LLOGUER"}]},{"@type":"WebSite","@id":"https:\/\/martinezcaballeroabogados.com\/ca\/#website","url":"https:\/\/martinezcaballeroabogados.com\/ca\/","name":"Martinez & Caballero Abogados","description":"Advocats Integrals a Barcelona","publisher":{"@id":"https:\/\/martinezcaballeroabogados.com\/ca\/#organization"},"potentialAction":[{"@type":"SearchAction","target":{"@type":"EntryPoint","urlTemplate":"https:\/\/martinezcaballeroabogados.com\/ca\/?s={search_term_string}"},"query-input":{"@type":"PropertyValueSpecification","valueRequired":true,"valueName":"search_term_string"}}],"inLanguage":"ca"},{"@type":"Organization","@id":"https:\/\/martinezcaballeroabogados.com\/ca\/#organization","name":"Martinez & Caballero Abogados","url":"https:\/\/martinezcaballeroabogados.com\/ca\/","logo":{"@type":"ImageObject","inLanguage":"ca","@id":"https:\/\/martinezcaballeroabogados.com\/ca\/#\/schema\/logo\/image\/","url":"https:\/\/martinezcaballeroabogados.com\/wp-content\/uploads\/2020\/02\/cropped-cropped-logo-mc-abogados-web-1-e1497812507401-1.png","contentUrl":"https:\/\/martinezcaballeroabogados.com\/wp-content\/uploads\/2020\/02\/cropped-cropped-logo-mc-abogados-web-1-e1497812507401-1.png","width":300,"height":150,"caption":"Martinez & Caballero Abogados"},"image":{"@id":"https:\/\/martinezcaballeroabogados.com\/ca\/#\/schema\/logo\/image\/"},"sameAs":["https:\/\/www.facebook.com\/martinezcaballeroabogados\/","https:\/\/x.com\/MC_abogados_","https:\/\/www.instagram.com\/extranjeriabarcelonaabogados\/"]},{"@type":"Person","@id":"https:\/\/martinezcaballeroabogados.com\/ca\/#\/schema\/person\/ee5a2bfe30c40c7af67cac2f7f0836d3","name":"martinez-admin","image":{"@type":"ImageObject","inLanguage":"ca","@id":"https:\/\/martinezcaballeroabogados.com\/ca\/#\/schema\/person\/image\/","url":"https:\/\/secure.gravatar.com\/avatar\/e75c4c04fb977670e5006b7e6fc3f34d?s=96&d=mm&r=g","contentUrl":"https:\/\/secure.gravatar.com\/avatar\/e75c4c04fb977670e5006b7e6fc3f34d?s=96&d=mm&r=g","caption":"martinez-admin"}}]}},"_links":{"self":[{"href":"https:\/\/martinezcaballeroabogados.com\/ca\/wp-json\/wp\/v2\/posts\/20800","targetHints":{"allow":["GET"]}}],"collection":[{"href":"https:\/\/martinezcaballeroabogados.com\/ca\/wp-json\/wp\/v2\/posts"}],"about":[{"href":"https:\/\/martinezcaballeroabogados.com\/ca\/wp-json\/wp\/v2\/types\/post"}],"author":[{"embeddable":true,"href":"https:\/\/martinezcaballeroabogados.com\/ca\/wp-json\/wp\/v2\/users\/1"}],"replies":[{"embeddable":true,"href":"https:\/\/martinezcaballeroabogados.com\/ca\/wp-json\/wp\/v2\/comments?post=20800"}],"version-history":[{"count":2,"href":"https:\/\/martinezcaballeroabogados.com\/ca\/wp-json\/wp\/v2\/posts\/20800\/revisions"}],"predecessor-version":[{"id":21193,"href":"https:\/\/martinezcaballeroabogados.com\/ca\/wp-json\/wp\/v2\/posts\/20800\/revisions\/21193"}],"wp:featuredmedia":[{"embeddable":true,"href":"https:\/\/martinezcaballeroabogados.com\/ca\/wp-json\/wp\/v2\/media\/20793"}],"wp:attachment":[{"href":"https:\/\/martinezcaballeroabogados.com\/ca\/wp-json\/wp\/v2\/media?parent=20800"}],"wp:term":[{"taxonomy":"category","embeddable":true,"href":"https:\/\/martinezcaballeroabogados.com\/ca\/wp-json\/wp\/v2\/categories?post=20800"},{"taxonomy":"post_tag","embeddable":true,"href":"https:\/\/martinezcaballeroabogados.com\/ca\/wp-json\/wp\/v2\/tags?post=20800"}],"curies":[{"name":"wp","href":"https:\/\/api.w.org\/{rel}","templated":true}]}}