{"id":20681,"date":"2025-04-11T13:37:38","date_gmt":"2025-04-11T13:37:38","guid":{"rendered":"https:\/\/martinezcaballeroabogados.com\/saps-que-fer-si-taturen-coneix-els-teus-drets\/"},"modified":"2025-04-24T15:48:22","modified_gmt":"2025-04-24T15:48:22","slug":"saps-que-fer-si-taturen-coneix-els-teus-drets","status":"publish","type":"post","link":"https:\/\/martinezcaballeroabogados.com\/ca\/saps-que-fer-si-taturen-coneix-els-teus-drets\/","title":{"rendered":"Saps qu\u00e8 fer si t&#8217;aturen? Coneix els teus drets"},"content":{"rendered":"\n<p>Quan una persona \u00e9s detinguda per part de la policia per la presumpta participaci\u00f3 en uns fets delictius, t\u00e9 diversos drets recollits per la Constituci\u00f3 Espanyola i altres lleis.<\/p>\n\n<p>L&#8217;article 17 de la Constituci\u00f3 garanteix que ning\u00fa no pot ser privat de la seva llibertat, si no \u00e9s d&#8217;acord amb all\u00f2 que la Llei estableixi. Tamb\u00e9 reconeix el dret que t\u00e9 qualsevol persona detinguda a iniciar el procediment d&#8217;habeas corpus en el cas que consideri que la seva detenci\u00f3 no s&#8217;ajusta a Dret ia les normes. <\/p>\n\n<p>Sobre la durada de la detenci\u00f3, es garanteix que aquesta no pot durar m\u00e9s del temps estrictament necessari per aclarir els fets investigats i, com a m\u00e0xim, en el termini de 72 hores, la persona haur\u00e0 de ser posat en llibertat o presentar-la davant del jutge.<\/p>\n\n<p>El mateix article 17 de la Constituci\u00f3 garanteix una s\u00e8rie de drets que t\u00e9 la persona en el moment que est\u00e0 detinguda i que s\u00f3n desenvolupats amb m\u00e9s detall als articles 118 i 520 de la Llei d&#8217;Enjudiciament Criminal.<\/p>\n\n<p>Aix\u00ed, doncs, els drets que tota persona detinguda t\u00e9 s\u00f3n els seg\u00fcents:<\/p>\n\n<ol class=\"wp-block-list\">\n<li>Dret a ser informat sobre els fets delictius que se li atribueixen i pels quals est\u00e0 sent investigat i ha estat detingut. La policia t\u00e9 l&#8217;obligaci\u00f3 d&#8217;explicar de manera clara i detallada dels fets que li s\u00f3n atribu\u00efts. <\/li>\n\n\n\n<li>Dret a revisar lexpedient amb suficient antelaci\u00f3 i amb anterioritat a qu\u00e8 presti declaraci\u00f3.<\/li>\n\n\n\n<li>Dret a ser part en el procediment judicial per poder con\u00e8ixer de tot all\u00f2 realitzat pel jutjat i tamb\u00e9 poder promoure futures actuacions per exercir el seu dret de defensa.<\/li>\n\n\n\n<li>Dret a designar lliurement un advocat de la seva confian\u00e7a o que ell vulgui. En cas que no tingui advocat o no en conegui cap, t\u00e9 dret que se li assigni un advocat d&#8217;ofici perqu\u00e8 l&#8217;assisteixi a detenir-lo. A m\u00e9s, t\u00e9 dret a entrevistar-se de forma privada amb el seu advocat i de forma pr\u00e8via a fer la declaraci\u00f3.  <\/li>\n\n\n\n<li>Dret a sol\u00b7licitar assist\u00e8ncia jur\u00eddica gratu\u00efta per al cas que no disposi de recursos econ\u00f2mics suficients per poder pagar un advocat.<\/li>\n\n\n\n<li>Dret que s&#8217;avisi de la seva detenci\u00f3 i del lloc on estigui detingut el familiar o la persona que ell vulgui.<\/li>\n\n\n\n<li>Dret a comunicar-se per tel\u00e8fon amb la persona que vulgueu, sempre en pres\u00e8ncia d&#8217;un agent de policia.<\/li>\n\n\n\n<li>Dret que es notifiqui a les autoritats consulars del seu pa\u00eds sobre la detenci\u00f3, en cas que siguin estrangers, i tamb\u00e9 que aquestes autoritats puguin visitar-lo i es pugui comunicar amb ells.<\/li>\n\n\n\n<li>Dret que sigui visitat i reconegut per un metge per comprovar-ne l&#8217;estat de salut.<\/li>\n\n\n\n<li>Dret que li assisteixi tamb\u00e9 un traductor o int\u00e8rpret de la seva llengua de manera gratu\u00efta en cas que la persona no comprengui o no parli l&#8217;idioma espanyol.<\/li>\n\n\n\n<li>Dret a guardar silenci i dret a no declarar o declarar alguna o alguna de les parts o preguntes que se li facin. Cap persona detinguda no pot ser obligada a declarar ni en seu policial ni en seu judicial. <\/li>\n\n\n\n<li>Dret a no declarar contra si mateix i no confessar-se culpable, que equival, b\u00e0sicament, a dir que el detingut o investigat t\u00e9 dret a mentir sobre les coses que se li preguntin.<\/li>\n<\/ol>\n\n<p>Sara Gabernet<br\/> <em>Advocada Especialista en Dret Penal<\/em><br\/> <strong>Mart\u00ednez &amp; Caballero Advocats<\/strong><\/p>\n","protected":false},"excerpt":{"rendered":"<p>Quan una persona \u00e9s detinguda per part de la policia per la presumpta participaci\u00f3 en uns fets delictius, t\u00e9 diversos drets recollits per la Constituci\u00f3 Espanyola i altres lleis. L&#8217;article 17 de la Constituci\u00f3 garanteix que ning\u00fa no pot ser privat de la seva llibertat, si no \u00e9s d&#8217;acord amb all\u00f2 que la Llei estableixi. Tamb\u00e9 reconeix el dret que t\u00e9 qualsevol persona detinguda a iniciar el procediment d&#8217;habeas corpus en el cas que consideri que la seva detenci\u00f3 no&hellip;<\/p>\n","protected":false},"author":1,"featured_media":20485,"comment_status":"closed","ping_status":"closed","sticky":false,"template":"","format":"standard","meta":{"_monsterinsights_skip_tracking":false,"_monsterinsights_sitenote_active":false,"_monsterinsights_sitenote_note":"","_monsterinsights_sitenote_category":0,"_joinchat":[],"footnotes":""},"categories":[809,768,769,792,767,810,770,525],"tags":[],"class_list":["post-20681","post","type-post","status-publish","format-standard","has-post-thumbnail","hentry","category-arrest-ca","category-delicte","category-delicte-lleu","category-detencio","category-dret-penal","category-drets","category-judici","category-policia-ca"],"yoast_head":"<!-- This site is optimized with the Yoast SEO plugin v26.8 - https:\/\/yoast.com\/product\/yoast-seo-wordpress\/ -->\n<title>\u00bf Qu\u00e8 fer si t&#039;aturen a Espanya? Coneix els teus drets - Martinez Caballero Advocats<\/title>\n<meta name=\"description\" content=\"T&#039;han aturat a Espanya? Descobreix els teus drets: el dret al silenci, assist\u00e8ncia lletrada, comunicaci\u00f3 amb familiars i m\u00e9s. !Informa&#039;t!\" \/>\n<meta name=\"robots\" content=\"index, follow, max-snippet:-1, max-image-preview:large, max-video-preview:-1\" \/>\n<link rel=\"canonical\" href=\"https:\/\/martinezcaballeroabogados.com\/ca\/saps-que-fer-si-taturen-coneix-els-teus-drets\/\" \/>\n<meta property=\"og:locale\" content=\"ca_ES\" \/>\n<meta property=\"og:type\" content=\"article\" \/>\n<meta property=\"og:title\" content=\"\u00bf Qu\u00e8 fer si t&#039;aturen a Espanya? Coneix els teus drets - Martinez Caballero Advocats\" \/>\n<meta property=\"og:description\" content=\"T&#039;han aturat a Espanya? Descobreix els teus drets: el dret al silenci, assist\u00e8ncia lletrada, comunicaci\u00f3 amb familiars i m\u00e9s. !Informa&#039;t!\" \/>\n<meta property=\"og:url\" content=\"https:\/\/martinezcaballeroabogados.com\/ca\/saps-que-fer-si-taturen-coneix-els-teus-drets\/\" \/>\n<meta property=\"og:site_name\" content=\"Martinez Caballero Advocats\" \/>\n<meta property=\"article:publisher\" content=\"https:\/\/www.facebook.com\/martinezcaballeroabogados\/\" \/>\n<meta property=\"article:published_time\" content=\"2025-04-11T13:37:38+00:00\" \/>\n<meta property=\"article:modified_time\" content=\"2025-04-24T15:48:22+00:00\" \/>\n<meta property=\"og:image\" content=\"https:\/\/martinezcaballeroabogados.com\/wp-content\/uploads\/2025\/04\/conoce-tus-derechos-cuando-te-detienen.webp\" \/>\n\t<meta property=\"og:image:width\" content=\"1500\" \/>\n\t<meta property=\"og:image:height\" content=\"1000\" \/>\n\t<meta property=\"og:image:type\" content=\"image\/webp\" \/>\n<meta name=\"author\" content=\"martinez-admin\" \/>\n<meta name=\"twitter:card\" content=\"summary_large_image\" \/>\n<meta name=\"twitter:creator\" content=\"@MC_abogados_\" \/>\n<meta name=\"twitter:site\" content=\"@MC_abogados_\" \/>\n<meta name=\"twitter:label1\" content=\"Escrit per\" \/>\n\t<meta name=\"twitter:data1\" content=\"martinez-admin\" \/>\n\t<meta name=\"twitter:label2\" content=\"Temps estimat de lectura\" \/>\n\t<meta name=\"twitter:data2\" content=\"3 minuts\" \/>\n<script type=\"application\/ld+json\" class=\"yoast-schema-graph\">{\"@context\":\"https:\/\/schema.org\",\"@graph\":[{\"@type\":\"Article\",\"@id\":\"https:\/\/martinezcaballeroabogados.com\/ca\/saps-que-fer-si-taturen-coneix-els-teus-drets\/#article\",\"isPartOf\":{\"@id\":\"https:\/\/martinezcaballeroabogados.com\/ca\/saps-que-fer-si-taturen-coneix-els-teus-drets\/\"},\"author\":{\"name\":\"martinez-admin\",\"@id\":\"https:\/\/martinezcaballeroabogados.com\/ca\/#\/schema\/person\/ee5a2bfe30c40c7af67cac2f7f0836d3\"},\"headline\":\"Saps qu\u00e8 fer si t&#8217;aturen? Coneix els teus drets\",\"datePublished\":\"2025-04-11T13:37:38+00:00\",\"dateModified\":\"2025-04-24T15:48:22+00:00\",\"mainEntityOfPage\":{\"@id\":\"https:\/\/martinezcaballeroabogados.com\/ca\/saps-que-fer-si-taturen-coneix-els-teus-drets\/\"},\"wordCount\":569,\"publisher\":{\"@id\":\"https:\/\/martinezcaballeroabogados.com\/ca\/#organization\"},\"image\":{\"@id\":\"https:\/\/martinezcaballeroabogados.com\/ca\/saps-que-fer-si-taturen-coneix-els-teus-drets\/#primaryimage\"},\"thumbnailUrl\":\"https:\/\/martinezcaballeroabogados.com\/wp-content\/uploads\/2025\/04\/conoce-tus-derechos-cuando-te-detienen.webp\",\"articleSection\":[\"Arrest\",\"Delicte\",\"Delicte lleu\",\"Detenci\u00f3\",\"Dret Penal\",\"Drets\",\"Judici\",\"Policia\"],\"inLanguage\":\"ca\"},{\"@type\":\"WebPage\",\"@id\":\"https:\/\/martinezcaballeroabogados.com\/ca\/saps-que-fer-si-taturen-coneix-els-teus-drets\/\",\"url\":\"https:\/\/martinezcaballeroabogados.com\/ca\/saps-que-fer-si-taturen-coneix-els-teus-drets\/\",\"name\":\"\u00bf Qu\u00e8 fer si t'aturen a Espanya? Coneix els teus drets - Martinez Caballero Advocats\",\"isPartOf\":{\"@id\":\"https:\/\/martinezcaballeroabogados.com\/ca\/#website\"},\"primaryImageOfPage\":{\"@id\":\"https:\/\/martinezcaballeroabogados.com\/ca\/saps-que-fer-si-taturen-coneix-els-teus-drets\/#primaryimage\"},\"image\":{\"@id\":\"https:\/\/martinezcaballeroabogados.com\/ca\/saps-que-fer-si-taturen-coneix-els-teus-drets\/#primaryimage\"},\"thumbnailUrl\":\"https:\/\/martinezcaballeroabogados.com\/wp-content\/uploads\/2025\/04\/conoce-tus-derechos-cuando-te-detienen.webp\",\"datePublished\":\"2025-04-11T13:37:38+00:00\",\"dateModified\":\"2025-04-24T15:48:22+00:00\",\"description\":\"T'han aturat a Espanya? Descobreix els teus drets: el dret al silenci, assist\u00e8ncia lletrada, comunicaci\u00f3 amb familiars i m\u00e9s. !Informa't!\",\"breadcrumb\":{\"@id\":\"https:\/\/martinezcaballeroabogados.com\/ca\/saps-que-fer-si-taturen-coneix-els-teus-drets\/#breadcrumb\"},\"inLanguage\":\"ca\",\"potentialAction\":[{\"@type\":\"ReadAction\",\"target\":[\"https:\/\/martinezcaballeroabogados.com\/ca\/saps-que-fer-si-taturen-coneix-els-teus-drets\/\"]}]},{\"@type\":\"ImageObject\",\"inLanguage\":\"ca\",\"@id\":\"https:\/\/martinezcaballeroabogados.com\/ca\/saps-que-fer-si-taturen-coneix-els-teus-drets\/#primaryimage\",\"url\":\"https:\/\/martinezcaballeroabogados.com\/wp-content\/uploads\/2025\/04\/conoce-tus-derechos-cuando-te-detienen.webp\",\"contentUrl\":\"https:\/\/martinezcaballeroabogados.com\/wp-content\/uploads\/2025\/04\/conoce-tus-derechos-cuando-te-detienen.webp\",\"width\":1500,\"height\":1000,\"caption\":\"Persona siendo detenida por la polic\u00eda\"},{\"@type\":\"BreadcrumbList\",\"@id\":\"https:\/\/martinezcaballeroabogados.com\/ca\/saps-que-fer-si-taturen-coneix-els-teus-drets\/#breadcrumb\",\"itemListElement\":[{\"@type\":\"ListItem\",\"position\":1,\"name\":\"Portada\",\"item\":\"https:\/\/martinezcaballeroabogados.com\/ca\/advocats-a-barcelona\/\"},{\"@type\":\"ListItem\",\"position\":2,\"name\":\"Saps qu\u00e8 fer si t&#8217;aturen? Coneix els teus drets\"}]},{\"@type\":\"WebSite\",\"@id\":\"https:\/\/martinezcaballeroabogados.com\/ca\/#website\",\"url\":\"https:\/\/martinezcaballeroabogados.com\/ca\/\",\"name\":\"Martinez & Caballero Abogados\",\"description\":\"Advocats Integrals a Barcelona\",\"publisher\":{\"@id\":\"https:\/\/martinezcaballeroabogados.com\/ca\/#organization\"},\"potentialAction\":[{\"@type\":\"SearchAction\",\"target\":{\"@type\":\"EntryPoint\",\"urlTemplate\":\"https:\/\/martinezcaballeroabogados.com\/ca\/?s={search_term_string}\"},\"query-input\":{\"@type\":\"PropertyValueSpecification\",\"valueRequired\":true,\"valueName\":\"search_term_string\"}}],\"inLanguage\":\"ca\"},{\"@type\":\"Organization\",\"@id\":\"https:\/\/martinezcaballeroabogados.com\/ca\/#organization\",\"name\":\"Martinez & Caballero Abogados\",\"url\":\"https:\/\/martinezcaballeroabogados.com\/ca\/\",\"logo\":{\"@type\":\"ImageObject\",\"inLanguage\":\"ca\",\"@id\":\"https:\/\/martinezcaballeroabogados.com\/ca\/#\/schema\/logo\/image\/\",\"url\":\"https:\/\/martinezcaballeroabogados.com\/wp-content\/uploads\/2020\/02\/cropped-cropped-logo-mc-abogados-web-1-e1497812507401-1.png\",\"contentUrl\":\"https:\/\/martinezcaballeroabogados.com\/wp-content\/uploads\/2020\/02\/cropped-cropped-logo-mc-abogados-web-1-e1497812507401-1.png\",\"width\":300,\"height\":150,\"caption\":\"Martinez & Caballero Abogados\"},\"image\":{\"@id\":\"https:\/\/martinezcaballeroabogados.com\/ca\/#\/schema\/logo\/image\/\"},\"sameAs\":[\"https:\/\/www.facebook.com\/martinezcaballeroabogados\/\",\"https:\/\/x.com\/MC_abogados_\",\"https:\/\/www.instagram.com\/extranjeriabarcelonaabogados\/\"]},{\"@type\":\"Person\",\"@id\":\"https:\/\/martinezcaballeroabogados.com\/ca\/#\/schema\/person\/ee5a2bfe30c40c7af67cac2f7f0836d3\",\"name\":\"martinez-admin\",\"image\":{\"@type\":\"ImageObject\",\"inLanguage\":\"ca\",\"@id\":\"https:\/\/martinezcaballeroabogados.com\/ca\/#\/schema\/person\/image\/\",\"url\":\"https:\/\/secure.gravatar.com\/avatar\/e75c4c04fb977670e5006b7e6fc3f34d?s=96&d=mm&r=g\",\"contentUrl\":\"https:\/\/secure.gravatar.com\/avatar\/e75c4c04fb977670e5006b7e6fc3f34d?s=96&d=mm&r=g\",\"caption\":\"martinez-admin\"}}]}<\/script>\n<!-- \/ Yoast SEO plugin. -->","yoast_head_json":{"title":"\u00bf Qu\u00e8 fer si t'aturen a Espanya? Coneix els teus drets - Martinez Caballero Advocats","description":"T'han aturat a Espanya? Descobreix els teus drets: el dret al silenci, assist\u00e8ncia lletrada, comunicaci\u00f3 amb familiars i m\u00e9s. !Informa't!","robots":{"index":"index","follow":"follow","max-snippet":"max-snippet:-1","max-image-preview":"max-image-preview:large","max-video-preview":"max-video-preview:-1"},"canonical":"https:\/\/martinezcaballeroabogados.com\/ca\/saps-que-fer-si-taturen-coneix-els-teus-drets\/","og_locale":"ca_ES","og_type":"article","og_title":"\u00bf Qu\u00e8 fer si t'aturen a Espanya? Coneix els teus drets - Martinez Caballero Advocats","og_description":"T'han aturat a Espanya? Descobreix els teus drets: el dret al silenci, assist\u00e8ncia lletrada, comunicaci\u00f3 amb familiars i m\u00e9s. !Informa't!","og_url":"https:\/\/martinezcaballeroabogados.com\/ca\/saps-que-fer-si-taturen-coneix-els-teus-drets\/","og_site_name":"Martinez Caballero Advocats","article_publisher":"https:\/\/www.facebook.com\/martinezcaballeroabogados\/","article_published_time":"2025-04-11T13:37:38+00:00","article_modified_time":"2025-04-24T15:48:22+00:00","og_image":[{"width":1500,"height":1000,"url":"https:\/\/martinezcaballeroabogados.com\/wp-content\/uploads\/2025\/04\/conoce-tus-derechos-cuando-te-detienen.webp","type":"image\/webp"}],"author":"martinez-admin","twitter_card":"summary_large_image","twitter_creator":"@MC_abogados_","twitter_site":"@MC_abogados_","twitter_misc":{"Escrit per":"martinez-admin","Temps estimat de lectura":"3 minuts"},"schema":{"@context":"https:\/\/schema.org","@graph":[{"@type":"Article","@id":"https:\/\/martinezcaballeroabogados.com\/ca\/saps-que-fer-si-taturen-coneix-els-teus-drets\/#article","isPartOf":{"@id":"https:\/\/martinezcaballeroabogados.com\/ca\/saps-que-fer-si-taturen-coneix-els-teus-drets\/"},"author":{"name":"martinez-admin","@id":"https:\/\/martinezcaballeroabogados.com\/ca\/#\/schema\/person\/ee5a2bfe30c40c7af67cac2f7f0836d3"},"headline":"Saps qu\u00e8 fer si t&#8217;aturen? Coneix els teus drets","datePublished":"2025-04-11T13:37:38+00:00","dateModified":"2025-04-24T15:48:22+00:00","mainEntityOfPage":{"@id":"https:\/\/martinezcaballeroabogados.com\/ca\/saps-que-fer-si-taturen-coneix-els-teus-drets\/"},"wordCount":569,"publisher":{"@id":"https:\/\/martinezcaballeroabogados.com\/ca\/#organization"},"image":{"@id":"https:\/\/martinezcaballeroabogados.com\/ca\/saps-que-fer-si-taturen-coneix-els-teus-drets\/#primaryimage"},"thumbnailUrl":"https:\/\/martinezcaballeroabogados.com\/wp-content\/uploads\/2025\/04\/conoce-tus-derechos-cuando-te-detienen.webp","articleSection":["Arrest","Delicte","Delicte lleu","Detenci\u00f3","Dret Penal","Drets","Judici","Policia"],"inLanguage":"ca"},{"@type":"WebPage","@id":"https:\/\/martinezcaballeroabogados.com\/ca\/saps-que-fer-si-taturen-coneix-els-teus-drets\/","url":"https:\/\/martinezcaballeroabogados.com\/ca\/saps-que-fer-si-taturen-coneix-els-teus-drets\/","name":"\u00bf Qu\u00e8 fer si t'aturen a Espanya? Coneix els teus drets - Martinez Caballero Advocats","isPartOf":{"@id":"https:\/\/martinezcaballeroabogados.com\/ca\/#website"},"primaryImageOfPage":{"@id":"https:\/\/martinezcaballeroabogados.com\/ca\/saps-que-fer-si-taturen-coneix-els-teus-drets\/#primaryimage"},"image":{"@id":"https:\/\/martinezcaballeroabogados.com\/ca\/saps-que-fer-si-taturen-coneix-els-teus-drets\/#primaryimage"},"thumbnailUrl":"https:\/\/martinezcaballeroabogados.com\/wp-content\/uploads\/2025\/04\/conoce-tus-derechos-cuando-te-detienen.webp","datePublished":"2025-04-11T13:37:38+00:00","dateModified":"2025-04-24T15:48:22+00:00","description":"T'han aturat a Espanya? Descobreix els teus drets: el dret al silenci, assist\u00e8ncia lletrada, comunicaci\u00f3 amb familiars i m\u00e9s. !Informa't!","breadcrumb":{"@id":"https:\/\/martinezcaballeroabogados.com\/ca\/saps-que-fer-si-taturen-coneix-els-teus-drets\/#breadcrumb"},"inLanguage":"ca","potentialAction":[{"@type":"ReadAction","target":["https:\/\/martinezcaballeroabogados.com\/ca\/saps-que-fer-si-taturen-coneix-els-teus-drets\/"]}]},{"@type":"ImageObject","inLanguage":"ca","@id":"https:\/\/martinezcaballeroabogados.com\/ca\/saps-que-fer-si-taturen-coneix-els-teus-drets\/#primaryimage","url":"https:\/\/martinezcaballeroabogados.com\/wp-content\/uploads\/2025\/04\/conoce-tus-derechos-cuando-te-detienen.webp","contentUrl":"https:\/\/martinezcaballeroabogados.com\/wp-content\/uploads\/2025\/04\/conoce-tus-derechos-cuando-te-detienen.webp","width":1500,"height":1000,"caption":"Persona siendo detenida por la polic\u00eda"},{"@type":"BreadcrumbList","@id":"https:\/\/martinezcaballeroabogados.com\/ca\/saps-que-fer-si-taturen-coneix-els-teus-drets\/#breadcrumb","itemListElement":[{"@type":"ListItem","position":1,"name":"Portada","item":"https:\/\/martinezcaballeroabogados.com\/ca\/advocats-a-barcelona\/"},{"@type":"ListItem","position":2,"name":"Saps qu\u00e8 fer si t&#8217;aturen? Coneix els teus drets"}]},{"@type":"WebSite","@id":"https:\/\/martinezcaballeroabogados.com\/ca\/#website","url":"https:\/\/martinezcaballeroabogados.com\/ca\/","name":"Martinez & Caballero Abogados","description":"Advocats Integrals a Barcelona","publisher":{"@id":"https:\/\/martinezcaballeroabogados.com\/ca\/#organization"},"potentialAction":[{"@type":"SearchAction","target":{"@type":"EntryPoint","urlTemplate":"https:\/\/martinezcaballeroabogados.com\/ca\/?s={search_term_string}"},"query-input":{"@type":"PropertyValueSpecification","valueRequired":true,"valueName":"search_term_string"}}],"inLanguage":"ca"},{"@type":"Organization","@id":"https:\/\/martinezcaballeroabogados.com\/ca\/#organization","name":"Martinez & Caballero Abogados","url":"https:\/\/martinezcaballeroabogados.com\/ca\/","logo":{"@type":"ImageObject","inLanguage":"ca","@id":"https:\/\/martinezcaballeroabogados.com\/ca\/#\/schema\/logo\/image\/","url":"https:\/\/martinezcaballeroabogados.com\/wp-content\/uploads\/2020\/02\/cropped-cropped-logo-mc-abogados-web-1-e1497812507401-1.png","contentUrl":"https:\/\/martinezcaballeroabogados.com\/wp-content\/uploads\/2020\/02\/cropped-cropped-logo-mc-abogados-web-1-e1497812507401-1.png","width":300,"height":150,"caption":"Martinez & Caballero Abogados"},"image":{"@id":"https:\/\/martinezcaballeroabogados.com\/ca\/#\/schema\/logo\/image\/"},"sameAs":["https:\/\/www.facebook.com\/martinezcaballeroabogados\/","https:\/\/x.com\/MC_abogados_","https:\/\/www.instagram.com\/extranjeriabarcelonaabogados\/"]},{"@type":"Person","@id":"https:\/\/martinezcaballeroabogados.com\/ca\/#\/schema\/person\/ee5a2bfe30c40c7af67cac2f7f0836d3","name":"martinez-admin","image":{"@type":"ImageObject","inLanguage":"ca","@id":"https:\/\/martinezcaballeroabogados.com\/ca\/#\/schema\/person\/image\/","url":"https:\/\/secure.gravatar.com\/avatar\/e75c4c04fb977670e5006b7e6fc3f34d?s=96&d=mm&r=g","contentUrl":"https:\/\/secure.gravatar.com\/avatar\/e75c4c04fb977670e5006b7e6fc3f34d?s=96&d=mm&r=g","caption":"martinez-admin"}}]}},"_links":{"self":[{"href":"https:\/\/martinezcaballeroabogados.com\/ca\/wp-json\/wp\/v2\/posts\/20681","targetHints":{"allow":["GET"]}}],"collection":[{"href":"https:\/\/martinezcaballeroabogados.com\/ca\/wp-json\/wp\/v2\/posts"}],"about":[{"href":"https:\/\/martinezcaballeroabogados.com\/ca\/wp-json\/wp\/v2\/types\/post"}],"author":[{"embeddable":true,"href":"https:\/\/martinezcaballeroabogados.com\/ca\/wp-json\/wp\/v2\/users\/1"}],"replies":[{"embeddable":true,"href":"https:\/\/martinezcaballeroabogados.com\/ca\/wp-json\/wp\/v2\/comments?post=20681"}],"version-history":[{"count":1,"href":"https:\/\/martinezcaballeroabogados.com\/ca\/wp-json\/wp\/v2\/posts\/20681\/revisions"}],"predecessor-version":[{"id":20682,"href":"https:\/\/martinezcaballeroabogados.com\/ca\/wp-json\/wp\/v2\/posts\/20681\/revisions\/20682"}],"wp:featuredmedia":[{"embeddable":true,"href":"https:\/\/martinezcaballeroabogados.com\/ca\/wp-json\/wp\/v2\/media\/20485"}],"wp:attachment":[{"href":"https:\/\/martinezcaballeroabogados.com\/ca\/wp-json\/wp\/v2\/media?parent=20681"}],"wp:term":[{"taxonomy":"category","embeddable":true,"href":"https:\/\/martinezcaballeroabogados.com\/ca\/wp-json\/wp\/v2\/categories?post=20681"},{"taxonomy":"post_tag","embeddable":true,"href":"https:\/\/martinezcaballeroabogados.com\/ca\/wp-json\/wp\/v2\/tags?post=20681"}],"curies":[{"name":"wp","href":"https:\/\/api.w.org\/{rel}","templated":true}]}}