{"id":19376,"date":"2024-11-13T12:50:07","date_gmt":"2024-11-13T12:50:07","guid":{"rendered":"https:\/\/martinezcaballeroabogados.com\/tot-el-que-has-de-saber-per-ser-nomada-digital-a-espanya\/"},"modified":"2024-11-16T12:43:57","modified_gmt":"2024-11-16T12:43:57","slug":"tot-el-que-has-de-saber-per-ser-nomada-digital-a-espanya","status":"publish","type":"post","link":"https:\/\/martinezcaballeroabogados.com\/ca\/tot-el-que-has-de-saber-per-ser-nomada-digital-a-espanya\/","title":{"rendered":"Tot el que has de saber per ser N\u00f2mada Digital a Espanya"},"content":{"rendered":"\n<p><strong>Qu\u00e8 \u00e9s un teletreballador de car\u00e0cter internacional?<\/strong><\/p>\n\n<p>Un treballador autoritzat a romandre a Espanya per exercir una activitat laboral o professional a dist\u00e0ncia per a empreses radicades fora del territori nacional, mitjan\u00e7ant l\u00fas exclusiu de mitjans i sistemes inform\u00e0tics, telem\u00e0tics i de telecomunicaci\u00f3.<\/p>\n\n<p><strong>Qui pot obtenir una autoritzaci\u00f3 com a teletreballador de car\u00e0cter internacional?<\/strong><\/p>\n\n<p>Un nacional d&#8217;un tercer estat, m\u00e9s gran. (No aplica a ciutadans de la Uni\u00f3 Europea ni a aquells a qu\u00e8 s&#8217;aplica el dret de la Uni\u00f3 Europea) <\/p>\n\n<p><strong>Un aut\u00f2nom pot ser considerat teletreballador de car\u00e0cter internacional?<\/strong><\/p>\n\n<p>Si, sempre que acrediti una relaci\u00f3 professional a trav\u00e9s d&#8217;un contracte mercantil amb l&#8217;empresa exterior per a la qual treballa un m\u00ednim de tres mesos i aquella autoritzi el trasllat a Espanya.<\/p>\n\n<p><strong>\u00c9s obligatori l&#8217;alta a la Seguretat Social a Espanya?<\/strong><\/p>\n\n<p>Si, en desenvolupar l&#8217;activitat laboral des d&#8217;Espanya, l&#8217;alta \u00e9s obligat\u00f2ria i es poden donar dos casos:<\/p>\n\n<ol class=\"wp-block-list\" type=\"1\" start=\"1\">\n<li>Treballador per compte d&#8217;altri: L&#8217;empresa haur\u00e0 de registrar-se a la Seguretat Social per poder afiliar al teletreballador aqu\u00ed al R\u00e8gim General.<\/li>\n\n\n\n<li>Treballador per compte propi. El mateix treballador s&#8217;haur\u00e0 de donar d&#8217;alta al r\u00e8gim de treballadors aut\u00f2noms (RETA) <\/li>\n<\/ol>\n\n<p>El requisit d&#8217;alta a la Seguretat Social nom\u00e9s es pot substituir per la importaci\u00f3 del dret des del pa\u00eds d&#8217;origen, sempre que hi hagi un acord internacional en mat\u00e8ria de seguretat social subscrit entre Espanya i aquest pa\u00eds i l&#8217;administraci\u00f3 de seguretat social d&#8217;origen emeti un document basat en aquest acord per a teletreballadors que doni cobertura temporal a Espanya.<\/p>\n\n<p>\u00c9s important recalcar que nom\u00e9s alguns dels pa\u00efsos amb conveni emeten el certificat de cobertura per a teletreballadors.<\/p>\n\n<ol class=\"wp-block-list\" type=\"1\" start=\"2\">\n<li>Si l&#8217;empresa t\u00e9 sucursal a Espanya, puc afiliar-los a la seguretat social a trav\u00e9s d&#8217;aquesta empresa o importar el dret a la seguretat social des de pa\u00efsos amb conveni basant-ho en aquest trasllat?<\/li>\n<\/ol>\n\n<p>En aquest cas no es considerarien teletreballadors sin\u00f3 treballadors traslladats entre companyies o ICT (Intra Company Transfer) estant regits per aquesta figura i els seus requisits espec\u00edfics.<\/p>\n\n<p><strong>Quins altres requisits s\u00f3n necessaris?<\/strong><\/p>\n\n<p>No trobar-se irregularment a Espanya.<\/p>\n\n<ol class=\"wp-block-list\" type=\"1\" start=\"2\">\n<li>No tenir antecedents penals a Espanya i al pa\u00eds\/s on hagin residit els cinc anys anteriors a la sol\u00b7licitud (S&#8217;han d&#8217;aportar certificat\/s del pa\u00eds on s&#8217;hagi residit durant els dos anys anteriors a la sol\u00b7licitud i una declaraci\u00f3 jurada de no tenir antecedents penals als pa\u00efsos de resid\u00e8ncia dels \u00faltims cinc anys)<\/li>\n\n\n\n<li>Comptar amb una asseguran\u00e7a p\u00fablica (a trav\u00e9s de l&#8217;alta a la Seguretat Social) o una asseguran\u00e7a privada equivalent de malaltia concertada amb una <a href=\"https:\/\/rrpp.dgsfp.mineco.es\/\">entitat asseguradora autoritzada per operar a Espanya<\/a> . No s\u00f3n v\u00e0lides les assegurances de viatge, ni les limitades a reemborsament de despeses m\u00e8diques, ni les que presentin per\u00edodes de car\u00e8ncia o copagaments. <\/li>\n\n\n\n<li>Comptar amb recursos econ\u00f2mics suficients per a si i per als membres de la fam\u00edlia durant el seu per\u00edode de resid\u00e8ncia a Espanya.<\/li>\n<\/ol>\n\n<p><strong>Poden fer altres feines a Espanya?<\/strong><\/p>\n\n<p>Sempre des de la premissa que el seu treball nom\u00e9s es pot exercir exclusivament a trav\u00e9s de mitjans i sistemes inform\u00e0tics, telem\u00e0tics i de telecomunicaci\u00f3 hi caben dos sup\u00f2sits:<\/p>\n\n<ol class=\"wp-block-list\" type=\"1\" start=\"2\">\n<li>Relaci\u00f3 laboral: A Espanya nom\u00e9s pot treballar per a l&#8217;empresa radicada fora del territori nacional per a la qual fa la prestaci\u00f3 en teletreball.<\/li>\n\n\n\n<li>Relaci\u00f3 professional: Pot treballar per a una empresa ubicada a Espanya, sempre que mantingui la relaci\u00f3 professional amb l&#8217;empresa amb qu\u00e8 sol\u00b7licita l&#8217;autoritzaci\u00f3 i el percentatge d&#8217;aquest treball amb l&#8217;empresa\/es espanyola\/es sigui una relaci\u00f3 professional (mai laboral) i no sigui superior al 20% del total de la seva activitat professional<\/li>\n<\/ol>\n\n<p><strong>Quines abs\u00e8ncies fora del territori nacional pot acumular un teletreballador?<\/strong><\/p>\n\n<p>Poden absentar-se un m\u00e0xim de sis mesos per any natural per continuar mantenint els requisits dobtenci\u00f3 de lautoritzaci\u00f3.<\/p>\n\n<p><strong>Els familiars poden obtenir una autoritzaci\u00f3\/visat?<\/strong><\/p>\n\n<p>Si, el c\u00f2njuge o persona amb una relaci\u00f3 d&#8217;afectivitat an\u00e0loga, els fills menors d&#8217;edat o majors que, depenent econ\u00f2micament del titular, no hagin constitu\u00eft per si mateixos una unitat familiar i els ascendents a c\u00e0rrec, que es reuneixin o acompanyin els estrangers poden sol\u00b7licitar, conjuntament i simult\u00e0niament o successivament, l&#8217;autoritzaci\u00f3 i, si escau, el visat.<\/p>\n\n<p><strong>Els familiars poden treballar a Espanya?<\/strong><\/p>\n\n<p>S\u00ed, la disposici\u00f3 addicional quarta de la Llei 14\/2013 estableix que les autoritzacions de resid\u00e8ncia autoritzen a residir i treballar (tant per compte propi com per compte d&#8217;altri).<\/p>\n\n<p><strong>Cal acreditar recursos econ\u00f2mics m\u00ednims (mitjans de vida)?<\/strong><\/p>\n\n<p>Si, les persones sol\u00b7licitants dels visats o autoritzacions de resid\u00e8ncia de teletreball de car\u00e0cter internacional hauran d&#8217;acreditar que compten amb recursos econ\u00f2mics per a si i per als membres de la fam\u00edlia d&#8217;acord amb les quanties seg\u00fcents:<\/p>\n\n<ol class=\"wp-block-list\" type=\"1\" start=\"2\">\n<li>Titulars dels visats i autoritzacions de resid\u00e8ncia: quantitat que representi mensualment el 200% del salari m\u00ednim interprofessional (SMI)<\/li>\n\n\n\n<li>Unitats familiars que incloguin dues persones comptant la persona titular i la persona reagrupada: almenys el 75% de l&#8217;SMI. Es requerir\u00e0 un 25% del SMI per cada membre addicional a les dues persones esmentades. <\/li>\n<\/ol>\n\n<p>Aquestes quantitats es poden acreditar entre d&#8217;altres amb el contracte, les n\u00f2mines, el certificat de l&#8217;empresa que despla\u00e7a etc.<\/p>\n\n<p><strong>Diana Caballero<\/strong><br\/> CEO &#8211; S\u00f2cia Fundadora<br\/> Mart\u00ednez &amp; Caballero Advocats<\/p>\n","protected":false},"excerpt":{"rendered":"<p>Qu\u00e8 \u00e9s un teletreballador de car\u00e0cter internacional? Un treballador autoritzat a romandre a Espanya per exercir una activitat laboral o professional a dist\u00e0ncia per a empreses radicades fora del territori nacional, mitjan\u00e7ant l\u00fas exclusiu de mitjans i sistemes inform\u00e0tics, telem\u00e0tics i de telecomunicaci\u00f3. Qui pot obtenir una autoritzaci\u00f3 com a teletreballador de car\u00e0cter internacional? Un nacional d&#8217;un tercer estat, m\u00e9s gran. (No aplica a ciutadans de la Uni\u00f3 Europea ni a aquells a qu\u00e8 s&#8217;aplica el dret de la Uni\u00f3&hellip;<\/p>\n","protected":false},"author":1,"featured_media":19368,"comment_status":"closed","ping_status":"closed","sticky":false,"template":"","format":"standard","meta":{"_monsterinsights_skip_tracking":false,"_monsterinsights_sitenote_active":false,"_monsterinsights_sitenote_note":"","_monsterinsights_sitenote_category":0,"_joinchat":[],"footnotes":""},"categories":[481,484,635,510,482,636,634],"tags":[],"class_list":["post-19376","post","type-post","status-publish","format-standard","has-post-thumbnail","hentry","category-autoritzacio","category-dret-laboral","category-nomades-digitals","category-permis-de-treball","category-residencia-ca","category-treball-remot","category-treballadors"],"yoast_head":"<!-- This site is optimized with the Yoast SEO plugin v26.8 - https:\/\/yoast.com\/product\/yoast-seo-wordpress\/ -->\n<title>Tot el que has de saber per ser N\u00f2mada Digital a Espanya - Martinez Caballero Advocats<\/title>\n<meta name=\"description\" content=\"Descobreix com convertir-te en n\u00f2mada digital a Espanya. Requisits, beneficis i passos necessaris per treballar remotament des d&#039;aquest pa\u00eds.\" \/>\n<meta name=\"robots\" content=\"index, follow, max-snippet:-1, max-image-preview:large, max-video-preview:-1\" \/>\n<link rel=\"canonical\" href=\"https:\/\/martinezcaballeroabogados.com\/ca\/tot-el-que-has-de-saber-per-ser-nomada-digital-a-espanya\/\" \/>\n<meta property=\"og:locale\" content=\"ca_ES\" \/>\n<meta property=\"og:type\" content=\"article\" \/>\n<meta property=\"og:title\" content=\"Tot el que has de saber per ser N\u00f2mada Digital a Espanya - Martinez Caballero Advocats\" \/>\n<meta property=\"og:description\" content=\"Descobreix com convertir-te en n\u00f2mada digital a Espanya. Requisits, beneficis i passos necessaris per treballar remotament des d&#039;aquest pa\u00eds.\" \/>\n<meta property=\"og:url\" content=\"https:\/\/martinezcaballeroabogados.com\/ca\/tot-el-que-has-de-saber-per-ser-nomada-digital-a-espanya\/\" \/>\n<meta property=\"og:site_name\" content=\"Martinez Caballero Advocats\" \/>\n<meta property=\"article:publisher\" content=\"https:\/\/www.facebook.com\/martinezcaballeroabogados\/\" \/>\n<meta property=\"article:published_time\" content=\"2024-11-13T12:50:07+00:00\" \/>\n<meta property=\"article:modified_time\" content=\"2024-11-16T12:43:57+00:00\" \/>\n<meta property=\"og:image\" content=\"https:\/\/martinezcaballeroabogados.com\/wp-content\/uploads\/2024\/11\/Nomada-digital-trabajando-en-espana.jpg\" \/>\n\t<meta property=\"og:image:width\" content=\"1920\" \/>\n\t<meta property=\"og:image:height\" content=\"1280\" \/>\n\t<meta property=\"og:image:type\" content=\"image\/jpeg\" \/>\n<meta name=\"author\" content=\"martinez-admin\" \/>\n<meta name=\"twitter:card\" content=\"summary_large_image\" \/>\n<meta name=\"twitter:creator\" content=\"@MC_abogados_\" \/>\n<meta name=\"twitter:site\" content=\"@MC_abogados_\" \/>\n<meta name=\"twitter:label1\" content=\"Escrit per\" \/>\n\t<meta name=\"twitter:data1\" content=\"martinez-admin\" \/>\n\t<meta name=\"twitter:label2\" content=\"Temps estimat de lectura\" \/>\n\t<meta name=\"twitter:data2\" content=\"4 minuts\" \/>\n<script type=\"application\/ld+json\" class=\"yoast-schema-graph\">{\"@context\":\"https:\/\/schema.org\",\"@graph\":[{\"@type\":\"Article\",\"@id\":\"https:\/\/martinezcaballeroabogados.com\/ca\/tot-el-que-has-de-saber-per-ser-nomada-digital-a-espanya\/#article\",\"isPartOf\":{\"@id\":\"https:\/\/martinezcaballeroabogados.com\/ca\/tot-el-que-has-de-saber-per-ser-nomada-digital-a-espanya\/\"},\"author\":{\"name\":\"martinez-admin\",\"@id\":\"https:\/\/martinezcaballeroabogados.com\/ca\/#\/schema\/person\/ee5a2bfe30c40c7af67cac2f7f0836d3\"},\"headline\":\"Tot el que has de saber per ser N\u00f2mada Digital a Espanya\",\"datePublished\":\"2024-11-13T12:50:07+00:00\",\"dateModified\":\"2024-11-16T12:43:57+00:00\",\"mainEntityOfPage\":{\"@id\":\"https:\/\/martinezcaballeroabogados.com\/ca\/tot-el-que-has-de-saber-per-ser-nomada-digital-a-espanya\/\"},\"wordCount\":909,\"publisher\":{\"@id\":\"https:\/\/martinezcaballeroabogados.com\/ca\/#organization\"},\"image\":{\"@id\":\"https:\/\/martinezcaballeroabogados.com\/ca\/tot-el-que-has-de-saber-per-ser-nomada-digital-a-espanya\/#primaryimage\"},\"thumbnailUrl\":\"https:\/\/martinezcaballeroabogados.com\/wp-content\/uploads\/2024\/11\/Nomada-digital-trabajando-en-espana.jpg\",\"articleSection\":[\"Autoritzaci\u00f3\",\"Dret laboral\",\"N\u00f2mades digitals\",\"Perm\u00eds de treball\",\"Resid\u00e8ncia\",\"Treball remot\",\"Treballadors\"],\"inLanguage\":\"ca\"},{\"@type\":\"WebPage\",\"@id\":\"https:\/\/martinezcaballeroabogados.com\/ca\/tot-el-que-has-de-saber-per-ser-nomada-digital-a-espanya\/\",\"url\":\"https:\/\/martinezcaballeroabogados.com\/ca\/tot-el-que-has-de-saber-per-ser-nomada-digital-a-espanya\/\",\"name\":\"Tot el que has de saber per ser N\u00f2mada Digital a Espanya - Martinez Caballero Advocats\",\"isPartOf\":{\"@id\":\"https:\/\/martinezcaballeroabogados.com\/ca\/#website\"},\"primaryImageOfPage\":{\"@id\":\"https:\/\/martinezcaballeroabogados.com\/ca\/tot-el-que-has-de-saber-per-ser-nomada-digital-a-espanya\/#primaryimage\"},\"image\":{\"@id\":\"https:\/\/martinezcaballeroabogados.com\/ca\/tot-el-que-has-de-saber-per-ser-nomada-digital-a-espanya\/#primaryimage\"},\"thumbnailUrl\":\"https:\/\/martinezcaballeroabogados.com\/wp-content\/uploads\/2024\/11\/Nomada-digital-trabajando-en-espana.jpg\",\"datePublished\":\"2024-11-13T12:50:07+00:00\",\"dateModified\":\"2024-11-16T12:43:57+00:00\",\"description\":\"Descobreix com convertir-te en n\u00f2mada digital a Espanya. Requisits, beneficis i passos necessaris per treballar remotament des d'aquest pa\u00eds.\",\"breadcrumb\":{\"@id\":\"https:\/\/martinezcaballeroabogados.com\/ca\/tot-el-que-has-de-saber-per-ser-nomada-digital-a-espanya\/#breadcrumb\"},\"inLanguage\":\"ca\",\"potentialAction\":[{\"@type\":\"ReadAction\",\"target\":[\"https:\/\/martinezcaballeroabogados.com\/ca\/tot-el-que-has-de-saber-per-ser-nomada-digital-a-espanya\/\"]}]},{\"@type\":\"ImageObject\",\"inLanguage\":\"ca\",\"@id\":\"https:\/\/martinezcaballeroabogados.com\/ca\/tot-el-que-has-de-saber-per-ser-nomada-digital-a-espanya\/#primaryimage\",\"url\":\"https:\/\/martinezcaballeroabogados.com\/wp-content\/uploads\/2024\/11\/Nomada-digital-trabajando-en-espana.jpg\",\"contentUrl\":\"https:\/\/martinezcaballeroabogados.com\/wp-content\/uploads\/2024\/11\/Nomada-digital-trabajando-en-espana.jpg\",\"width\":1920,\"height\":1280,\"caption\":\"N\u00f3mada digital trabajando en su port\u00e1til desde Espa\u00f1a\"},{\"@type\":\"BreadcrumbList\",\"@id\":\"https:\/\/martinezcaballeroabogados.com\/ca\/tot-el-que-has-de-saber-per-ser-nomada-digital-a-espanya\/#breadcrumb\",\"itemListElement\":[{\"@type\":\"ListItem\",\"position\":1,\"name\":\"Portada\",\"item\":\"https:\/\/martinezcaballeroabogados.com\/ca\/advocats-a-barcelona\/\"},{\"@type\":\"ListItem\",\"position\":2,\"name\":\"Tot el que has de saber per ser N\u00f2mada Digital a Espanya\"}]},{\"@type\":\"WebSite\",\"@id\":\"https:\/\/martinezcaballeroabogados.com\/ca\/#website\",\"url\":\"https:\/\/martinezcaballeroabogados.com\/ca\/\",\"name\":\"Martinez & Caballero Abogados\",\"description\":\"Advocats Integrals a Barcelona\",\"publisher\":{\"@id\":\"https:\/\/martinezcaballeroabogados.com\/ca\/#organization\"},\"potentialAction\":[{\"@type\":\"SearchAction\",\"target\":{\"@type\":\"EntryPoint\",\"urlTemplate\":\"https:\/\/martinezcaballeroabogados.com\/ca\/?s={search_term_string}\"},\"query-input\":{\"@type\":\"PropertyValueSpecification\",\"valueRequired\":true,\"valueName\":\"search_term_string\"}}],\"inLanguage\":\"ca\"},{\"@type\":\"Organization\",\"@id\":\"https:\/\/martinezcaballeroabogados.com\/ca\/#organization\",\"name\":\"Martinez & Caballero Abogados\",\"url\":\"https:\/\/martinezcaballeroabogados.com\/ca\/\",\"logo\":{\"@type\":\"ImageObject\",\"inLanguage\":\"ca\",\"@id\":\"https:\/\/martinezcaballeroabogados.com\/ca\/#\/schema\/logo\/image\/\",\"url\":\"https:\/\/martinezcaballeroabogados.com\/wp-content\/uploads\/2020\/02\/cropped-cropped-logo-mc-abogados-web-1-e1497812507401-1.png\",\"contentUrl\":\"https:\/\/martinezcaballeroabogados.com\/wp-content\/uploads\/2020\/02\/cropped-cropped-logo-mc-abogados-web-1-e1497812507401-1.png\",\"width\":300,\"height\":150,\"caption\":\"Martinez & Caballero Abogados\"},\"image\":{\"@id\":\"https:\/\/martinezcaballeroabogados.com\/ca\/#\/schema\/logo\/image\/\"},\"sameAs\":[\"https:\/\/www.facebook.com\/martinezcaballeroabogados\/\",\"https:\/\/x.com\/MC_abogados_\",\"https:\/\/www.instagram.com\/extranjeriabarcelonaabogados\/\"]},{\"@type\":\"Person\",\"@id\":\"https:\/\/martinezcaballeroabogados.com\/ca\/#\/schema\/person\/ee5a2bfe30c40c7af67cac2f7f0836d3\",\"name\":\"martinez-admin\",\"image\":{\"@type\":\"ImageObject\",\"inLanguage\":\"ca\",\"@id\":\"https:\/\/martinezcaballeroabogados.com\/ca\/#\/schema\/person\/image\/\",\"url\":\"https:\/\/secure.gravatar.com\/avatar\/e75c4c04fb977670e5006b7e6fc3f34d?s=96&d=mm&r=g\",\"contentUrl\":\"https:\/\/secure.gravatar.com\/avatar\/e75c4c04fb977670e5006b7e6fc3f34d?s=96&d=mm&r=g\",\"caption\":\"martinez-admin\"}}]}<\/script>\n<!-- \/ Yoast SEO plugin. -->","yoast_head_json":{"title":"Tot el que has de saber per ser N\u00f2mada Digital a Espanya - Martinez Caballero Advocats","description":"Descobreix com convertir-te en n\u00f2mada digital a Espanya. Requisits, beneficis i passos necessaris per treballar remotament des d'aquest pa\u00eds.","robots":{"index":"index","follow":"follow","max-snippet":"max-snippet:-1","max-image-preview":"max-image-preview:large","max-video-preview":"max-video-preview:-1"},"canonical":"https:\/\/martinezcaballeroabogados.com\/ca\/tot-el-que-has-de-saber-per-ser-nomada-digital-a-espanya\/","og_locale":"ca_ES","og_type":"article","og_title":"Tot el que has de saber per ser N\u00f2mada Digital a Espanya - Martinez Caballero Advocats","og_description":"Descobreix com convertir-te en n\u00f2mada digital a Espanya. Requisits, beneficis i passos necessaris per treballar remotament des d'aquest pa\u00eds.","og_url":"https:\/\/martinezcaballeroabogados.com\/ca\/tot-el-que-has-de-saber-per-ser-nomada-digital-a-espanya\/","og_site_name":"Martinez Caballero Advocats","article_publisher":"https:\/\/www.facebook.com\/martinezcaballeroabogados\/","article_published_time":"2024-11-13T12:50:07+00:00","article_modified_time":"2024-11-16T12:43:57+00:00","og_image":[{"width":1920,"height":1280,"url":"https:\/\/martinezcaballeroabogados.com\/wp-content\/uploads\/2024\/11\/Nomada-digital-trabajando-en-espana.jpg","type":"image\/jpeg"}],"author":"martinez-admin","twitter_card":"summary_large_image","twitter_creator":"@MC_abogados_","twitter_site":"@MC_abogados_","twitter_misc":{"Escrit per":"martinez-admin","Temps estimat de lectura":"4 minuts"},"schema":{"@context":"https:\/\/schema.org","@graph":[{"@type":"Article","@id":"https:\/\/martinezcaballeroabogados.com\/ca\/tot-el-que-has-de-saber-per-ser-nomada-digital-a-espanya\/#article","isPartOf":{"@id":"https:\/\/martinezcaballeroabogados.com\/ca\/tot-el-que-has-de-saber-per-ser-nomada-digital-a-espanya\/"},"author":{"name":"martinez-admin","@id":"https:\/\/martinezcaballeroabogados.com\/ca\/#\/schema\/person\/ee5a2bfe30c40c7af67cac2f7f0836d3"},"headline":"Tot el que has de saber per ser N\u00f2mada Digital a Espanya","datePublished":"2024-11-13T12:50:07+00:00","dateModified":"2024-11-16T12:43:57+00:00","mainEntityOfPage":{"@id":"https:\/\/martinezcaballeroabogados.com\/ca\/tot-el-que-has-de-saber-per-ser-nomada-digital-a-espanya\/"},"wordCount":909,"publisher":{"@id":"https:\/\/martinezcaballeroabogados.com\/ca\/#organization"},"image":{"@id":"https:\/\/martinezcaballeroabogados.com\/ca\/tot-el-que-has-de-saber-per-ser-nomada-digital-a-espanya\/#primaryimage"},"thumbnailUrl":"https:\/\/martinezcaballeroabogados.com\/wp-content\/uploads\/2024\/11\/Nomada-digital-trabajando-en-espana.jpg","articleSection":["Autoritzaci\u00f3","Dret laboral","N\u00f2mades digitals","Perm\u00eds de treball","Resid\u00e8ncia","Treball remot","Treballadors"],"inLanguage":"ca"},{"@type":"WebPage","@id":"https:\/\/martinezcaballeroabogados.com\/ca\/tot-el-que-has-de-saber-per-ser-nomada-digital-a-espanya\/","url":"https:\/\/martinezcaballeroabogados.com\/ca\/tot-el-que-has-de-saber-per-ser-nomada-digital-a-espanya\/","name":"Tot el que has de saber per ser N\u00f2mada Digital a Espanya - Martinez Caballero Advocats","isPartOf":{"@id":"https:\/\/martinezcaballeroabogados.com\/ca\/#website"},"primaryImageOfPage":{"@id":"https:\/\/martinezcaballeroabogados.com\/ca\/tot-el-que-has-de-saber-per-ser-nomada-digital-a-espanya\/#primaryimage"},"image":{"@id":"https:\/\/martinezcaballeroabogados.com\/ca\/tot-el-que-has-de-saber-per-ser-nomada-digital-a-espanya\/#primaryimage"},"thumbnailUrl":"https:\/\/martinezcaballeroabogados.com\/wp-content\/uploads\/2024\/11\/Nomada-digital-trabajando-en-espana.jpg","datePublished":"2024-11-13T12:50:07+00:00","dateModified":"2024-11-16T12:43:57+00:00","description":"Descobreix com convertir-te en n\u00f2mada digital a Espanya. Requisits, beneficis i passos necessaris per treballar remotament des d'aquest pa\u00eds.","breadcrumb":{"@id":"https:\/\/martinezcaballeroabogados.com\/ca\/tot-el-que-has-de-saber-per-ser-nomada-digital-a-espanya\/#breadcrumb"},"inLanguage":"ca","potentialAction":[{"@type":"ReadAction","target":["https:\/\/martinezcaballeroabogados.com\/ca\/tot-el-que-has-de-saber-per-ser-nomada-digital-a-espanya\/"]}]},{"@type":"ImageObject","inLanguage":"ca","@id":"https:\/\/martinezcaballeroabogados.com\/ca\/tot-el-que-has-de-saber-per-ser-nomada-digital-a-espanya\/#primaryimage","url":"https:\/\/martinezcaballeroabogados.com\/wp-content\/uploads\/2024\/11\/Nomada-digital-trabajando-en-espana.jpg","contentUrl":"https:\/\/martinezcaballeroabogados.com\/wp-content\/uploads\/2024\/11\/Nomada-digital-trabajando-en-espana.jpg","width":1920,"height":1280,"caption":"N\u00f3mada digital trabajando en su port\u00e1til desde Espa\u00f1a"},{"@type":"BreadcrumbList","@id":"https:\/\/martinezcaballeroabogados.com\/ca\/tot-el-que-has-de-saber-per-ser-nomada-digital-a-espanya\/#breadcrumb","itemListElement":[{"@type":"ListItem","position":1,"name":"Portada","item":"https:\/\/martinezcaballeroabogados.com\/ca\/advocats-a-barcelona\/"},{"@type":"ListItem","position":2,"name":"Tot el que has de saber per ser N\u00f2mada Digital a Espanya"}]},{"@type":"WebSite","@id":"https:\/\/martinezcaballeroabogados.com\/ca\/#website","url":"https:\/\/martinezcaballeroabogados.com\/ca\/","name":"Martinez & Caballero Abogados","description":"Advocats Integrals a Barcelona","publisher":{"@id":"https:\/\/martinezcaballeroabogados.com\/ca\/#organization"},"potentialAction":[{"@type":"SearchAction","target":{"@type":"EntryPoint","urlTemplate":"https:\/\/martinezcaballeroabogados.com\/ca\/?s={search_term_string}"},"query-input":{"@type":"PropertyValueSpecification","valueRequired":true,"valueName":"search_term_string"}}],"inLanguage":"ca"},{"@type":"Organization","@id":"https:\/\/martinezcaballeroabogados.com\/ca\/#organization","name":"Martinez & Caballero Abogados","url":"https:\/\/martinezcaballeroabogados.com\/ca\/","logo":{"@type":"ImageObject","inLanguage":"ca","@id":"https:\/\/martinezcaballeroabogados.com\/ca\/#\/schema\/logo\/image\/","url":"https:\/\/martinezcaballeroabogados.com\/wp-content\/uploads\/2020\/02\/cropped-cropped-logo-mc-abogados-web-1-e1497812507401-1.png","contentUrl":"https:\/\/martinezcaballeroabogados.com\/wp-content\/uploads\/2020\/02\/cropped-cropped-logo-mc-abogados-web-1-e1497812507401-1.png","width":300,"height":150,"caption":"Martinez & Caballero Abogados"},"image":{"@id":"https:\/\/martinezcaballeroabogados.com\/ca\/#\/schema\/logo\/image\/"},"sameAs":["https:\/\/www.facebook.com\/martinezcaballeroabogados\/","https:\/\/x.com\/MC_abogados_","https:\/\/www.instagram.com\/extranjeriabarcelonaabogados\/"]},{"@type":"Person","@id":"https:\/\/martinezcaballeroabogados.com\/ca\/#\/schema\/person\/ee5a2bfe30c40c7af67cac2f7f0836d3","name":"martinez-admin","image":{"@type":"ImageObject","inLanguage":"ca","@id":"https:\/\/martinezcaballeroabogados.com\/ca\/#\/schema\/person\/image\/","url":"https:\/\/secure.gravatar.com\/avatar\/e75c4c04fb977670e5006b7e6fc3f34d?s=96&d=mm&r=g","contentUrl":"https:\/\/secure.gravatar.com\/avatar\/e75c4c04fb977670e5006b7e6fc3f34d?s=96&d=mm&r=g","caption":"martinez-admin"}}]}},"_links":{"self":[{"href":"https:\/\/martinezcaballeroabogados.com\/ca\/wp-json\/wp\/v2\/posts\/19376","targetHints":{"allow":["GET"]}}],"collection":[{"href":"https:\/\/martinezcaballeroabogados.com\/ca\/wp-json\/wp\/v2\/posts"}],"about":[{"href":"https:\/\/martinezcaballeroabogados.com\/ca\/wp-json\/wp\/v2\/types\/post"}],"author":[{"embeddable":true,"href":"https:\/\/martinezcaballeroabogados.com\/ca\/wp-json\/wp\/v2\/users\/1"}],"replies":[{"embeddable":true,"href":"https:\/\/martinezcaballeroabogados.com\/ca\/wp-json\/wp\/v2\/comments?post=19376"}],"version-history":[{"count":1,"href":"https:\/\/martinezcaballeroabogados.com\/ca\/wp-json\/wp\/v2\/posts\/19376\/revisions"}],"predecessor-version":[{"id":19377,"href":"https:\/\/martinezcaballeroabogados.com\/ca\/wp-json\/wp\/v2\/posts\/19376\/revisions\/19377"}],"wp:featuredmedia":[{"embeddable":true,"href":"https:\/\/martinezcaballeroabogados.com\/ca\/wp-json\/wp\/v2\/media\/19368"}],"wp:attachment":[{"href":"https:\/\/martinezcaballeroabogados.com\/ca\/wp-json\/wp\/v2\/media?parent=19376"}],"wp:term":[{"taxonomy":"category","embeddable":true,"href":"https:\/\/martinezcaballeroabogados.com\/ca\/wp-json\/wp\/v2\/categories?post=19376"},{"taxonomy":"post_tag","embeddable":true,"href":"https:\/\/martinezcaballeroabogados.com\/ca\/wp-json\/wp\/v2\/tags?post=19376"}],"curies":[{"name":"wp","href":"https:\/\/api.w.org\/{rel}","templated":true}]}}