{"id":15947,"date":"2023-12-11T15:10:55","date_gmt":"2023-12-11T15:10:55","guid":{"rendered":"https:\/\/martinezcaballeroabogados.com\/com-prioritzar-la-teva-familia-amb-el-carnet-de-familia-monoparental\/"},"modified":"2023-12-11T15:50:38","modified_gmt":"2023-12-11T15:50:38","slug":"com-prioritzar-la-teva-familia-amb-el-carnet-de-familia-monoparental","status":"publish","type":"post","link":"https:\/\/martinezcaballeroabogados.com\/ca\/com-prioritzar-la-teva-familia-amb-el-carnet-de-familia-monoparental\/","title":{"rendered":"Com prioritzar la teva fam\u00edlia amb el carnet de fam\u00edlia monoparental"},"content":{"rendered":"\t\t<div data-elementor-type=\"wp-post\" data-elementor-id=\"15947\" class=\"elementor elementor-15947 elementor-15931\" data-elementor-post-type=\"post\">\n\t\t\t\t\t\t<section class=\"elementor-section elementor-top-section elementor-element elementor-element-1f90d9d elementor-section-boxed elementor-section-height-default elementor-section-height-default\" data-id=\"1f90d9d\" data-element_type=\"section\" data-e-type=\"section\">\n\t\t\t\t\t\t<div class=\"elementor-container elementor-column-gap-extended\">\n\t\t\t\t\t<div class=\"elementor-column elementor-col-100 elementor-top-column elementor-element elementor-element-629766e sc_inner_width_none sc_layouts_column_icons_position_left\" data-id=\"629766e\" data-element_type=\"column\" data-e-type=\"column\">\n\t\t\t<div class=\"elementor-widget-wrap elementor-element-populated\">\n\t\t\t\t\t\t<div class=\"elementor-element elementor-element-d71d8ab sc_fly_static elementor-widget elementor-widget-text-editor\" data-id=\"d71d8ab\" data-element_type=\"widget\" data-e-type=\"widget\" data-widget_type=\"text-editor.default\">\n\t\t\t\t<div class=\"elementor-widget-container\">\n\t\t\t\t\t\t\t\t\t<div>Si tenir una fam\u00edlia implica grans responsabilitats, es pot dir que, en els casos de fam\u00edlies monoparentals, aquestes responsabilitats es dupliquen. I aqu\u00ed no fem refer\u00e8ncia nom\u00e9s a les responsabilitats financeres, sin\u00f3 que a tots els esfor\u00e7os diaris fets per promoure les millors condicions i oportunitats als menors. El que molts no saben \u00e9s que tenir el reconeixement del t\u00edtol de fam\u00edlia nombrosa pot ser ben\u00e8fic de diverses maneres i aix\u00f2 \u00e9s el que tractarem en aquest article.<\/div>\n<div>En primer lloc, \u00e9s fonamental definir la fam\u00edlia monoparental com aquella que est\u00e0 composta per un \u00fanic progenitor (mare, pare o tutor legal) i per un o m\u00e9s fills vint-i-un anys, o de vint-sis si estudien. Segons l&#8217;INE, el nombre de llars monoparentals el 2020 \u00e9s de 1.944.800, i \u00e9s un 81,40% format per mares i fills.<\/div>\n<div>\n<p>Perqu\u00e8 aquestes fam\u00edlies puguin aferrar-se a una s\u00e8rie de bonificacions, avantatges i beneficis, cal acreditar aquesta condici\u00f3 de fam\u00edlia nombrosa davant de la seva comunitat aut\u00f2noma. En el cas de Catalunya, per exemple, la sol\u00b7licitud ha de ser tramesa al Departament de Treball, Afers Socials i Fam\u00edlies, de la Generalitat de Catalunya. Es tracta d&#8217;una sol\u00b7licitud senzilla, que es pot fer via presencial (mitjan\u00e7ant cita pr\u00e8via) o b\u00e9, via telem\u00e0tica, des que el sol\u00b7licitant disposi d&#8217;un certificat digital en vigor, o d&#8217;una cl@veu o d&#8217;un certificat IdCAT M\u00f2bil. La documentaci\u00f3 general d&#8217;una primera sol\u00b7licitud consisteix a:<\/p>\n<\/div>\n<ul>\n<li>DNI\/NIF\/NIE del sol\u00b7licitant progenitora i dels fills o filles majors de 18 anys que formen part de la unitat familiar.<\/li>\n<li>Llibre\/s de fam\u00edlia complet\/so sent\u00e8ncia, acta notarial o resoluci\u00f3 administrativa de l&#8217;adopci\u00f3, \u00fanicament en el cas que aquest document no s&#8217;hagi lliurat pr\u00e8viament a l&#8217;Institut Catal\u00e0 de l&#8217;Acollida i de l&#8217;Adopci\u00f3 o que no consti al llibre de fam\u00edlia; o resoluci\u00f3 judicial de tutela, o administrativa d&#8217;acolliment familiar.<\/li>\n<\/ul>\n<div>Com diem a Mart\u00ednez &amp; Caballero Advocats, cada cas \u00e9s un cas, i depenent de les condicions de la fam\u00edlia, com en els casos de divorcis, vidu\u00eftat i\/o adopci\u00f3, la documentaci\u00f3 requerida pot ser una mica m\u00e9s extensa, tenint en compte que tot ha de ser indicat minuciosament a l&#8217;Administraci\u00f3, i aix\u00ed, garantir que la sol\u00b7licitud sigui resolta favorablement de manera r\u00e0pida i \u00f2ptima.<\/div>\n<div>Un cop reconegut el t\u00edtol de fam\u00edlia nombrosa, molts seran els avantatges disponibles, sigui a l&#8217;\u00e0mbit educatiu i cultural, al sanitari, fiscal, transport p\u00fablic i en altres administracions. Destaquem les principals?<\/div>\n<ul>\n<li>Ajut econ\u00f2mic per fill menor a c\u00e0rrec.<\/li>\n<li>Bonificacions en t\u00edtols de transport p\u00fablic.<\/li>\n<li>Bonificaci\u00f3 de fins a un 50 % del preu p\u00fablic de les escoles bressol p\u00fabliques.<\/li>\n<li>Deducci\u00f3 a la declaraci\u00f3 de la renda.<\/li>\n<li>Bonificaci\u00f3 del 45% a les quotes de Seguretat Social en personal contractat per a la cura de la llar i dels fills.<\/li>\n<li>Ajut directe a l&#8217;entrada per a l&#8217;adquisici\u00f3 d&#8217;un habitatge protegit.<\/li>\n<li>Carnet familiar d&#8217;alberguista gratu\u00eft (amb aquest carnet, es poden allotjar als albergs totes les persones de la unitat familiar monoparental).<\/li>\n<li>Acc\u00e9s a l&#8217;Ingr\u00e9s M\u00ednim Vital.<\/li>\n<li>Exempci\u00f3 del pagament de taxes administratives del DNI i passaport espanyol.<\/li>\n<li>Descomptes al?entrada de museus, centres esportius i culturals.<\/li>\n<\/ul>\n<div>&nbsp;<\/div>\n<div>Podr\u00edem seguir amb el llistat d&#8217;ajuts i avantatges disponibles a fam\u00edlies monoparentals, perqu\u00e8 s\u00f3n molt\u00edssimes! Per\u00f2 voldr\u00edem destacar la import\u00e0ncia d&#8217;aquesta gesti\u00f3, que, a primera vista, sembla massa burocr\u00e0tica, per\u00f2 que obre portes a tota la fam\u00edlia, possibilitant que la llar sigui m\u00e9s sana i segura, tant a curt com a llarg termini, permetent que la responsable per la fam\u00edlia aconsegueixi conciliar les responsabilitats professionals amb les personals i que els fills gaudeixin d&#8217;oportunitats riques de valor i sentit.<\/div>\n<div>&nbsp;<\/div>\n<div><p>T&#8217;animem a posar-te en contacte amb el nostre departament administratiu perqu\u00e8 s\u00e0pigues exactament el pas a pas per a l&#8217;obtenci\u00f3 del teu t\u00edtol.&nbsp;<span style=\"font-size: 14.8571px; letter-spacing: 0px;\">Prioritza la teva fam\u00edlia prioritzant els teus drets amb nosaltres, tenim un equip capacitat per ajudar-te a tu ia tots els teus.<\/span><\/p><\/div>\n<div>&nbsp;<\/div>\n<div>J\u00falia Oliveira<br>Auxiliar Administrativa<br>Mart\u00ednez Caballero Advocats<\/div>\t\t\t\t\t\t\t\t<\/div>\n\t\t\t\t<\/div>\n\t\t\t\t\t<\/div>\n\t\t<\/div>\n\t\t\t\t\t<\/div>\n\t\t<\/section>\n\t\t\t\t<\/div>\n\t\t","protected":false},"excerpt":{"rendered":"<p>Si tenir una fam\u00edlia implica grans responsabilitats, es pot dir que, en els casos de fam\u00edlies monoparentals, aquestes responsabilitats es dupliquen. I aqu\u00ed no fem refer\u00e8ncia nom\u00e9s a les responsabilitats financeres, sin\u00f3 que a tots els esfor\u00e7os diaris fets per promoure les millors condicions i oportunitats als menors. El que molts no saben \u00e9s que tenir el reconeixement del t\u00edtol de fam\u00edlia nombrosa pot ser ben\u00e8fic de diverses maneres i aix\u00f2 \u00e9s el que tractarem en aquest article. En primer&hellip;<\/p>\n","protected":false},"author":1,"featured_media":15933,"comment_status":"closed","ping_status":"closed","sticky":false,"template":"","format":"standard","meta":{"_monsterinsights_skip_tracking":false,"_monsterinsights_sitenote_active":false,"_monsterinsights_sitenote_note":"","_monsterinsights_sitenote_category":0,"_joinchat":[],"footnotes":""},"categories":[70,45,85,595,75,69],"tags":[],"class_list":["post-15947","post","type-post","status-publish","format-standard","has-post-thumbnail","hentry","category-ayudas","category-derecho-de-familia","category-familia","category-familia-monoparental","category-menores-de-edad","category-subsidio"],"yoast_head":"<!-- This site is optimized with the Yoast SEO plugin v26.8 - https:\/\/yoast.com\/product\/yoast-seo-wordpress\/ -->\n<title>Tramet el carnet de fam\u00edlia monoparental - Martinez Caballero Advocats<\/title>\n<meta name=\"description\" content=\"Coneix els avantatges de prioritzar la teva fam\u00edlia i tramita el Carnet de fam\u00edlia monoparental per a fam\u00edlies compostes per un \u00fanic progenitor.\" \/>\n<meta name=\"robots\" content=\"index, follow, max-snippet:-1, max-image-preview:large, max-video-preview:-1\" \/>\n<link rel=\"canonical\" href=\"https:\/\/martinezcaballeroabogados.com\/ca\/com-prioritzar-la-teva-familia-amb-el-carnet-de-familia-monoparental\/\" \/>\n<meta property=\"og:locale\" content=\"ca_ES\" \/>\n<meta property=\"og:type\" content=\"article\" \/>\n<meta property=\"og:title\" content=\"Tramet el carnet de fam\u00edlia monoparental - Martinez Caballero Advocats\" \/>\n<meta property=\"og:description\" content=\"Coneix els avantatges de prioritzar la teva fam\u00edlia i tramita el Carnet de fam\u00edlia monoparental per a fam\u00edlies compostes per un \u00fanic progenitor.\" \/>\n<meta property=\"og:url\" content=\"https:\/\/martinezcaballeroabogados.com\/ca\/com-prioritzar-la-teva-familia-amb-el-carnet-de-familia-monoparental\/\" \/>\n<meta property=\"og:site_name\" content=\"Martinez Caballero Advocats\" \/>\n<meta property=\"article:publisher\" content=\"https:\/\/www.facebook.com\/martinezcaballeroabogados\/\" \/>\n<meta property=\"article:published_time\" content=\"2023-12-11T15:10:55+00:00\" \/>\n<meta property=\"article:modified_time\" content=\"2023-12-11T15:50:38+00:00\" \/>\n<meta property=\"og:image\" content=\"https:\/\/martinezcaballeroabogados.com\/wp-content\/uploads\/2023\/12\/como-tramitar-el-carne-de-familia-monoparental.webp\" \/>\n\t<meta property=\"og:image:width\" content=\"1920\" \/>\n\t<meta property=\"og:image:height\" content=\"1080\" \/>\n\t<meta property=\"og:image:type\" content=\"image\/webp\" \/>\n<meta name=\"author\" content=\"martinez-admin\" \/>\n<meta name=\"twitter:card\" content=\"summary_large_image\" \/>\n<meta name=\"twitter:creator\" content=\"@MC_abogados_\" \/>\n<meta name=\"twitter:site\" content=\"@MC_abogados_\" \/>\n<meta name=\"twitter:label1\" content=\"Escrit per\" \/>\n\t<meta name=\"twitter:data1\" content=\"martinez-admin\" \/>\n\t<meta name=\"twitter:label2\" content=\"Temps estimat de lectura\" \/>\n\t<meta name=\"twitter:data2\" content=\"4 minuts\" \/>\n<script type=\"application\/ld+json\" class=\"yoast-schema-graph\">{\"@context\":\"https:\/\/schema.org\",\"@graph\":[{\"@type\":\"Article\",\"@id\":\"https:\/\/martinezcaballeroabogados.com\/ca\/com-prioritzar-la-teva-familia-amb-el-carnet-de-familia-monoparental\/#article\",\"isPartOf\":{\"@id\":\"https:\/\/martinezcaballeroabogados.com\/ca\/com-prioritzar-la-teva-familia-amb-el-carnet-de-familia-monoparental\/\"},\"author\":{\"name\":\"martinez-admin\",\"@id\":\"https:\/\/martinezcaballeroabogados.com\/ca\/#\/schema\/person\/ee5a2bfe30c40c7af67cac2f7f0836d3\"},\"headline\":\"Com prioritzar la teva fam\u00edlia amb el carnet de fam\u00edlia monoparental\",\"datePublished\":\"2023-12-11T15:10:55+00:00\",\"dateModified\":\"2023-12-11T15:50:38+00:00\",\"mainEntityOfPage\":{\"@id\":\"https:\/\/martinezcaballeroabogados.com\/ca\/com-prioritzar-la-teva-familia-amb-el-carnet-de-familia-monoparental\/\"},\"wordCount\":714,\"publisher\":{\"@id\":\"https:\/\/martinezcaballeroabogados.com\/ca\/#organization\"},\"image\":{\"@id\":\"https:\/\/martinezcaballeroabogados.com\/ca\/com-prioritzar-la-teva-familia-amb-el-carnet-de-familia-monoparental\/#primaryimage\"},\"thumbnailUrl\":\"https:\/\/martinezcaballeroabogados.com\/wp-content\/uploads\/2023\/12\/como-tramitar-el-carne-de-familia-monoparental.webp\",\"articleSection\":[\"Ayudas\",\"Derecho de familia\",\"Familia\",\"Familia monoparental\",\"Menores de edad\",\"Subsidio\"],\"inLanguage\":\"ca\"},{\"@type\":\"WebPage\",\"@id\":\"https:\/\/martinezcaballeroabogados.com\/ca\/com-prioritzar-la-teva-familia-amb-el-carnet-de-familia-monoparental\/\",\"url\":\"https:\/\/martinezcaballeroabogados.com\/ca\/com-prioritzar-la-teva-familia-amb-el-carnet-de-familia-monoparental\/\",\"name\":\"Tramet el carnet de fam\u00edlia monoparental - Martinez Caballero Advocats\",\"isPartOf\":{\"@id\":\"https:\/\/martinezcaballeroabogados.com\/ca\/#website\"},\"primaryImageOfPage\":{\"@id\":\"https:\/\/martinezcaballeroabogados.com\/ca\/com-prioritzar-la-teva-familia-amb-el-carnet-de-familia-monoparental\/#primaryimage\"},\"image\":{\"@id\":\"https:\/\/martinezcaballeroabogados.com\/ca\/com-prioritzar-la-teva-familia-amb-el-carnet-de-familia-monoparental\/#primaryimage\"},\"thumbnailUrl\":\"https:\/\/martinezcaballeroabogados.com\/wp-content\/uploads\/2023\/12\/como-tramitar-el-carne-de-familia-monoparental.webp\",\"datePublished\":\"2023-12-11T15:10:55+00:00\",\"dateModified\":\"2023-12-11T15:50:38+00:00\",\"description\":\"Coneix els avantatges de prioritzar la teva fam\u00edlia i tramita el Carnet de fam\u00edlia monoparental per a fam\u00edlies compostes per un \u00fanic progenitor.\",\"breadcrumb\":{\"@id\":\"https:\/\/martinezcaballeroabogados.com\/ca\/com-prioritzar-la-teva-familia-amb-el-carnet-de-familia-monoparental\/#breadcrumb\"},\"inLanguage\":\"ca\",\"potentialAction\":[{\"@type\":\"ReadAction\",\"target\":[\"https:\/\/martinezcaballeroabogados.com\/ca\/com-prioritzar-la-teva-familia-amb-el-carnet-de-familia-monoparental\/\"]}]},{\"@type\":\"ImageObject\",\"inLanguage\":\"ca\",\"@id\":\"https:\/\/martinezcaballeroabogados.com\/ca\/com-prioritzar-la-teva-familia-amb-el-carnet-de-familia-monoparental\/#primaryimage\",\"url\":\"https:\/\/martinezcaballeroabogados.com\/wp-content\/uploads\/2023\/12\/como-tramitar-el-carne-de-familia-monoparental.webp\",\"contentUrl\":\"https:\/\/martinezcaballeroabogados.com\/wp-content\/uploads\/2023\/12\/como-tramitar-el-carne-de-familia-monoparental.webp\",\"width\":1920,\"height\":1080,\"caption\":\"Madre soltera de familia monoparental cuidando a su hija\"},{\"@type\":\"BreadcrumbList\",\"@id\":\"https:\/\/martinezcaballeroabogados.com\/ca\/com-prioritzar-la-teva-familia-amb-el-carnet-de-familia-monoparental\/#breadcrumb\",\"itemListElement\":[{\"@type\":\"ListItem\",\"position\":1,\"name\":\"Portada\",\"item\":\"https:\/\/martinezcaballeroabogados.com\/ca\/advocats-a-barcelona\/\"},{\"@type\":\"ListItem\",\"position\":2,\"name\":\"Com prioritzar la teva fam\u00edlia amb el carnet de fam\u00edlia monoparental\"}]},{\"@type\":\"WebSite\",\"@id\":\"https:\/\/martinezcaballeroabogados.com\/ca\/#website\",\"url\":\"https:\/\/martinezcaballeroabogados.com\/ca\/\",\"name\":\"Martinez & Caballero Abogados\",\"description\":\"Advocats Integrals a Barcelona\",\"publisher\":{\"@id\":\"https:\/\/martinezcaballeroabogados.com\/ca\/#organization\"},\"potentialAction\":[{\"@type\":\"SearchAction\",\"target\":{\"@type\":\"EntryPoint\",\"urlTemplate\":\"https:\/\/martinezcaballeroabogados.com\/ca\/?s={search_term_string}\"},\"query-input\":{\"@type\":\"PropertyValueSpecification\",\"valueRequired\":true,\"valueName\":\"search_term_string\"}}],\"inLanguage\":\"ca\"},{\"@type\":\"Organization\",\"@id\":\"https:\/\/martinezcaballeroabogados.com\/ca\/#organization\",\"name\":\"Martinez & Caballero Abogados\",\"url\":\"https:\/\/martinezcaballeroabogados.com\/ca\/\",\"logo\":{\"@type\":\"ImageObject\",\"inLanguage\":\"ca\",\"@id\":\"https:\/\/martinezcaballeroabogados.com\/ca\/#\/schema\/logo\/image\/\",\"url\":\"https:\/\/martinezcaballeroabogados.com\/wp-content\/uploads\/2020\/02\/cropped-cropped-logo-mc-abogados-web-1-e1497812507401-1.png\",\"contentUrl\":\"https:\/\/martinezcaballeroabogados.com\/wp-content\/uploads\/2020\/02\/cropped-cropped-logo-mc-abogados-web-1-e1497812507401-1.png\",\"width\":300,\"height\":150,\"caption\":\"Martinez & Caballero Abogados\"},\"image\":{\"@id\":\"https:\/\/martinezcaballeroabogados.com\/ca\/#\/schema\/logo\/image\/\"},\"sameAs\":[\"https:\/\/www.facebook.com\/martinezcaballeroabogados\/\",\"https:\/\/x.com\/MC_abogados_\",\"https:\/\/www.instagram.com\/extranjeriabarcelonaabogados\/\"]},{\"@type\":\"Person\",\"@id\":\"https:\/\/martinezcaballeroabogados.com\/ca\/#\/schema\/person\/ee5a2bfe30c40c7af67cac2f7f0836d3\",\"name\":\"martinez-admin\",\"image\":{\"@type\":\"ImageObject\",\"inLanguage\":\"ca\",\"@id\":\"https:\/\/martinezcaballeroabogados.com\/ca\/#\/schema\/person\/image\/\",\"url\":\"https:\/\/secure.gravatar.com\/avatar\/e75c4c04fb977670e5006b7e6fc3f34d?s=96&d=mm&r=g\",\"contentUrl\":\"https:\/\/secure.gravatar.com\/avatar\/e75c4c04fb977670e5006b7e6fc3f34d?s=96&d=mm&r=g\",\"caption\":\"martinez-admin\"}}]}<\/script>\n<!-- \/ Yoast SEO plugin. -->","yoast_head_json":{"title":"Tramet el carnet de fam\u00edlia monoparental - Martinez Caballero Advocats","description":"Coneix els avantatges de prioritzar la teva fam\u00edlia i tramita el Carnet de fam\u00edlia monoparental per a fam\u00edlies compostes per un \u00fanic progenitor.","robots":{"index":"index","follow":"follow","max-snippet":"max-snippet:-1","max-image-preview":"max-image-preview:large","max-video-preview":"max-video-preview:-1"},"canonical":"https:\/\/martinezcaballeroabogados.com\/ca\/com-prioritzar-la-teva-familia-amb-el-carnet-de-familia-monoparental\/","og_locale":"ca_ES","og_type":"article","og_title":"Tramet el carnet de fam\u00edlia monoparental - Martinez Caballero Advocats","og_description":"Coneix els avantatges de prioritzar la teva fam\u00edlia i tramita el Carnet de fam\u00edlia monoparental per a fam\u00edlies compostes per un \u00fanic progenitor.","og_url":"https:\/\/martinezcaballeroabogados.com\/ca\/com-prioritzar-la-teva-familia-amb-el-carnet-de-familia-monoparental\/","og_site_name":"Martinez Caballero Advocats","article_publisher":"https:\/\/www.facebook.com\/martinezcaballeroabogados\/","article_published_time":"2023-12-11T15:10:55+00:00","article_modified_time":"2023-12-11T15:50:38+00:00","og_image":[{"width":1920,"height":1080,"url":"https:\/\/martinezcaballeroabogados.com\/wp-content\/uploads\/2023\/12\/como-tramitar-el-carne-de-familia-monoparental.webp","type":"image\/webp"}],"author":"martinez-admin","twitter_card":"summary_large_image","twitter_creator":"@MC_abogados_","twitter_site":"@MC_abogados_","twitter_misc":{"Escrit per":"martinez-admin","Temps estimat de lectura":"4 minuts"},"schema":{"@context":"https:\/\/schema.org","@graph":[{"@type":"Article","@id":"https:\/\/martinezcaballeroabogados.com\/ca\/com-prioritzar-la-teva-familia-amb-el-carnet-de-familia-monoparental\/#article","isPartOf":{"@id":"https:\/\/martinezcaballeroabogados.com\/ca\/com-prioritzar-la-teva-familia-amb-el-carnet-de-familia-monoparental\/"},"author":{"name":"martinez-admin","@id":"https:\/\/martinezcaballeroabogados.com\/ca\/#\/schema\/person\/ee5a2bfe30c40c7af67cac2f7f0836d3"},"headline":"Com prioritzar la teva fam\u00edlia amb el carnet de fam\u00edlia monoparental","datePublished":"2023-12-11T15:10:55+00:00","dateModified":"2023-12-11T15:50:38+00:00","mainEntityOfPage":{"@id":"https:\/\/martinezcaballeroabogados.com\/ca\/com-prioritzar-la-teva-familia-amb-el-carnet-de-familia-monoparental\/"},"wordCount":714,"publisher":{"@id":"https:\/\/martinezcaballeroabogados.com\/ca\/#organization"},"image":{"@id":"https:\/\/martinezcaballeroabogados.com\/ca\/com-prioritzar-la-teva-familia-amb-el-carnet-de-familia-monoparental\/#primaryimage"},"thumbnailUrl":"https:\/\/martinezcaballeroabogados.com\/wp-content\/uploads\/2023\/12\/como-tramitar-el-carne-de-familia-monoparental.webp","articleSection":["Ayudas","Derecho de familia","Familia","Familia monoparental","Menores de edad","Subsidio"],"inLanguage":"ca"},{"@type":"WebPage","@id":"https:\/\/martinezcaballeroabogados.com\/ca\/com-prioritzar-la-teva-familia-amb-el-carnet-de-familia-monoparental\/","url":"https:\/\/martinezcaballeroabogados.com\/ca\/com-prioritzar-la-teva-familia-amb-el-carnet-de-familia-monoparental\/","name":"Tramet el carnet de fam\u00edlia monoparental - Martinez Caballero Advocats","isPartOf":{"@id":"https:\/\/martinezcaballeroabogados.com\/ca\/#website"},"primaryImageOfPage":{"@id":"https:\/\/martinezcaballeroabogados.com\/ca\/com-prioritzar-la-teva-familia-amb-el-carnet-de-familia-monoparental\/#primaryimage"},"image":{"@id":"https:\/\/martinezcaballeroabogados.com\/ca\/com-prioritzar-la-teva-familia-amb-el-carnet-de-familia-monoparental\/#primaryimage"},"thumbnailUrl":"https:\/\/martinezcaballeroabogados.com\/wp-content\/uploads\/2023\/12\/como-tramitar-el-carne-de-familia-monoparental.webp","datePublished":"2023-12-11T15:10:55+00:00","dateModified":"2023-12-11T15:50:38+00:00","description":"Coneix els avantatges de prioritzar la teva fam\u00edlia i tramita el Carnet de fam\u00edlia monoparental per a fam\u00edlies compostes per un \u00fanic progenitor.","breadcrumb":{"@id":"https:\/\/martinezcaballeroabogados.com\/ca\/com-prioritzar-la-teva-familia-amb-el-carnet-de-familia-monoparental\/#breadcrumb"},"inLanguage":"ca","potentialAction":[{"@type":"ReadAction","target":["https:\/\/martinezcaballeroabogados.com\/ca\/com-prioritzar-la-teva-familia-amb-el-carnet-de-familia-monoparental\/"]}]},{"@type":"ImageObject","inLanguage":"ca","@id":"https:\/\/martinezcaballeroabogados.com\/ca\/com-prioritzar-la-teva-familia-amb-el-carnet-de-familia-monoparental\/#primaryimage","url":"https:\/\/martinezcaballeroabogados.com\/wp-content\/uploads\/2023\/12\/como-tramitar-el-carne-de-familia-monoparental.webp","contentUrl":"https:\/\/martinezcaballeroabogados.com\/wp-content\/uploads\/2023\/12\/como-tramitar-el-carne-de-familia-monoparental.webp","width":1920,"height":1080,"caption":"Madre soltera de familia monoparental cuidando a su hija"},{"@type":"BreadcrumbList","@id":"https:\/\/martinezcaballeroabogados.com\/ca\/com-prioritzar-la-teva-familia-amb-el-carnet-de-familia-monoparental\/#breadcrumb","itemListElement":[{"@type":"ListItem","position":1,"name":"Portada","item":"https:\/\/martinezcaballeroabogados.com\/ca\/advocats-a-barcelona\/"},{"@type":"ListItem","position":2,"name":"Com prioritzar la teva fam\u00edlia amb el carnet de fam\u00edlia monoparental"}]},{"@type":"WebSite","@id":"https:\/\/martinezcaballeroabogados.com\/ca\/#website","url":"https:\/\/martinezcaballeroabogados.com\/ca\/","name":"Martinez & Caballero Abogados","description":"Advocats Integrals a Barcelona","publisher":{"@id":"https:\/\/martinezcaballeroabogados.com\/ca\/#organization"},"potentialAction":[{"@type":"SearchAction","target":{"@type":"EntryPoint","urlTemplate":"https:\/\/martinezcaballeroabogados.com\/ca\/?s={search_term_string}"},"query-input":{"@type":"PropertyValueSpecification","valueRequired":true,"valueName":"search_term_string"}}],"inLanguage":"ca"},{"@type":"Organization","@id":"https:\/\/martinezcaballeroabogados.com\/ca\/#organization","name":"Martinez & Caballero Abogados","url":"https:\/\/martinezcaballeroabogados.com\/ca\/","logo":{"@type":"ImageObject","inLanguage":"ca","@id":"https:\/\/martinezcaballeroabogados.com\/ca\/#\/schema\/logo\/image\/","url":"https:\/\/martinezcaballeroabogados.com\/wp-content\/uploads\/2020\/02\/cropped-cropped-logo-mc-abogados-web-1-e1497812507401-1.png","contentUrl":"https:\/\/martinezcaballeroabogados.com\/wp-content\/uploads\/2020\/02\/cropped-cropped-logo-mc-abogados-web-1-e1497812507401-1.png","width":300,"height":150,"caption":"Martinez & Caballero Abogados"},"image":{"@id":"https:\/\/martinezcaballeroabogados.com\/ca\/#\/schema\/logo\/image\/"},"sameAs":["https:\/\/www.facebook.com\/martinezcaballeroabogados\/","https:\/\/x.com\/MC_abogados_","https:\/\/www.instagram.com\/extranjeriabarcelonaabogados\/"]},{"@type":"Person","@id":"https:\/\/martinezcaballeroabogados.com\/ca\/#\/schema\/person\/ee5a2bfe30c40c7af67cac2f7f0836d3","name":"martinez-admin","image":{"@type":"ImageObject","inLanguage":"ca","@id":"https:\/\/martinezcaballeroabogados.com\/ca\/#\/schema\/person\/image\/","url":"https:\/\/secure.gravatar.com\/avatar\/e75c4c04fb977670e5006b7e6fc3f34d?s=96&d=mm&r=g","contentUrl":"https:\/\/secure.gravatar.com\/avatar\/e75c4c04fb977670e5006b7e6fc3f34d?s=96&d=mm&r=g","caption":"martinez-admin"}}]}},"_links":{"self":[{"href":"https:\/\/martinezcaballeroabogados.com\/ca\/wp-json\/wp\/v2\/posts\/15947","targetHints":{"allow":["GET"]}}],"collection":[{"href":"https:\/\/martinezcaballeroabogados.com\/ca\/wp-json\/wp\/v2\/posts"}],"about":[{"href":"https:\/\/martinezcaballeroabogados.com\/ca\/wp-json\/wp\/v2\/types\/post"}],"author":[{"embeddable":true,"href":"https:\/\/martinezcaballeroabogados.com\/ca\/wp-json\/wp\/v2\/users\/1"}],"replies":[{"embeddable":true,"href":"https:\/\/martinezcaballeroabogados.com\/ca\/wp-json\/wp\/v2\/comments?post=15947"}],"version-history":[{"count":7,"href":"https:\/\/martinezcaballeroabogados.com\/ca\/wp-json\/wp\/v2\/posts\/15947\/revisions"}],"predecessor-version":[{"id":15974,"href":"https:\/\/martinezcaballeroabogados.com\/ca\/wp-json\/wp\/v2\/posts\/15947\/revisions\/15974"}],"wp:featuredmedia":[{"embeddable":true,"href":"https:\/\/martinezcaballeroabogados.com\/ca\/wp-json\/wp\/v2\/media\/15933"}],"wp:attachment":[{"href":"https:\/\/martinezcaballeroabogados.com\/ca\/wp-json\/wp\/v2\/media?parent=15947"}],"wp:term":[{"taxonomy":"category","embeddable":true,"href":"https:\/\/martinezcaballeroabogados.com\/ca\/wp-json\/wp\/v2\/categories?post=15947"},{"taxonomy":"post_tag","embeddable":true,"href":"https:\/\/martinezcaballeroabogados.com\/ca\/wp-json\/wp\/v2\/tags?post=15947"}],"curies":[{"name":"wp","href":"https:\/\/api.w.org\/{rel}","templated":true}]}}