{"id":10384,"date":"2018-08-28T13:03:14","date_gmt":"2018-08-28T13:03:14","guid":{"rendered":"https:\/\/martinezcaballeroabogados.com\/que-es-un-conveni-regulador\/"},"modified":"2023-07-14T08:03:47","modified_gmt":"2023-07-14T08:03:47","slug":"que-es-un-conveni-regulador","status":"publish","type":"post","link":"https:\/\/martinezcaballeroabogados.com\/ca\/que-es-un-conveni-regulador\/","title":{"rendered":"Qu\u00e8 \u00e9s un conveni regulador?"},"content":{"rendered":"\t\t<div data-elementor-type=\"wp-post\" data-elementor-id=\"10384\" class=\"elementor elementor-10384 elementor-144\" data-elementor-post-type=\"post\">\n\t\t\t\t\t\t<section class=\"elementor-section elementor-top-section elementor-element elementor-element-21414c3f elementor-section-boxed elementor-section-height-default elementor-section-height-default\" data-id=\"21414c3f\" data-element_type=\"section\" data-e-type=\"section\">\n\t\t\t\t\t\t<div class=\"elementor-container elementor-column-gap-extended\">\n\t\t\t\t\t<div class=\"elementor-column elementor-col-100 elementor-top-column elementor-element elementor-element-2dc8bffe sc_inner_width_none sc_layouts_column_icons_position_left\" data-id=\"2dc8bffe\" data-element_type=\"column\" data-e-type=\"column\">\n\t\t\t<div class=\"elementor-widget-wrap elementor-element-populated\">\n\t\t\t\t\t\t<div class=\"elementor-element elementor-element-79baccef sc_fly_static elementor-widget elementor-widget-text-editor\" data-id=\"79baccef\" data-element_type=\"widget\" data-e-type=\"widget\" data-widget_type=\"text-editor.default\">\n\t\t\t\t<div class=\"elementor-widget-container\">\n\t\t\t\t\t\t\t\t\t<div>\n<h4><strong>Qu\u00e8 \u00e9s un Conveni Regulador? <\/strong><\/h4>\n<\/div>\n<div>\n<p>El Conveni Regulador \u00e9s una terminologia que s&#8217;utilitza dins l&#8217;\u00e0mbit del dret de fam\u00edlia. Es tracta d&#8217;un acord que recull la lliure voluntat dels c\u00f2njuges respecte de les conseq\u00fc\u00e8ncies jur\u00eddiques del cessament de la conviv\u00e8ncia matrimonial o del matrimoni dels c\u00f2njuges.<\/p>\n<\/div>\n<div>\n<p>Aquest document, una vegada signat i aprovat pels dos c\u00f2njuges, es presenta al jutge juntament amb la demanda de separaci\u00f3 o de divorci de mutu acord. Tamb\u00e9 us podeu presentar amb el consentiment de l&#8217;altre c\u00f2njuge. Cal tenir en compte que el Conveni Regulador no \u00e9s vinculant fins que \u00e9s ratificat al jutjat.<\/p>\n<\/div>\n<div>\n<p>Despr\u00e9s de la ratificaci\u00f3, es dicta la sent\u00e8ncia de separaci\u00f3 o de divorci. Podria donar-se el cas que el jutge no ho admeti perqu\u00e8 considera que hi ha punts que s&#8217;haurien de contemplar millor. En aquest cas, caldr\u00e0 presentar una nova proposta per a la seva aprovaci\u00f3.<\/p>\n<\/div>\n<div><b>Quines q\u00fcestions ha de contenir el Conveni regulador? <\/b><\/div>\n<ul>\n<li>Atribuci\u00f3 de la guarda i cust\u00f2dia dels fills.<\/li>\n<li>Determinaci\u00f3 del r\u00e8gim de visites i comunicacions amb els fills.<\/li>\n<li>L&#8217;atribuci\u00f3 de l&#8217;\u00fas de l&#8217;habitatge i aixovar familiar.<\/li>\n<li>La contribuci\u00f3 a les c\u00e0rregues del matrimoni i aliments.<\/li>\n<li>La pensi\u00f3 compensat\u00f2ria, la pensi\u00f3 per ra\u00f3 de feina, etc.<\/li>\n<li>Altres.<\/li>\n<\/ul>\n<p>Aix\u00ed que ja saps, si tens dubtes o preguntes sobre qu\u00e8 \u00e9s un conveni regulador i com pots manejar una situaci\u00f3 en qu\u00e8 ho necessitis, no dubtis a posar-te en contacte amb Martinez &amp; Caballero Advocats.<\/p>\n<div> <\/div>\n<div>Anna Nicol\u00e0s Tor\u00e1n <br \/>Advocada a Mart\u00ednez Caballero Advocats.<\/div>\n\t\t\t\t\t\t\t\t<\/div>\n\t\t\t\t<\/div>\n\t\t\t\t\t<\/div>\n\t\t<\/div>\n\t\t\t\t\t<\/div>\n\t\t<\/section>\n\t\t\t\t<\/div>\n\t\t","protected":false},"excerpt":{"rendered":"<p>El Conveni Regulador \u00e9s una terminologia que s&#8217;utilitza dins l&#8217;\u00e0mbit del dret de fam\u00edlia. Es tracta d&#8217;un acord que recull la lliure voluntat dels c\u00f2njuges respecte de les conseq\u00fc\u00e8ncies jur\u00eddiques del cessament de la conviv\u00e8ncia matrimonial o del matrimoni dels c\u00f2njuges.<\/p>\n","protected":false},"author":1,"featured_media":7404,"comment_status":"closed","ping_status":"open","sticky":false,"template":"","format":"standard","meta":{"_monsterinsights_skip_tracking":false,"_monsterinsights_sitenote_active":false,"_monsterinsights_sitenote_note":"","_monsterinsights_sitenote_category":0,"_joinchat":[],"footnotes":""},"categories":[580,475,462],"tags":[464,581,465],"class_list":["post-10384","post","type-post","status-publish","format-standard","has-post-thumbnail","hentry","category-dret-civil","category-dret-de-familia","category-noticies-i-actualitat","tag-articles-ca","tag-familia-ca","tag-lleis"],"yoast_head":"<!-- This site is optimized with the Yoast SEO plugin v26.8 - https:\/\/yoast.com\/product\/yoast-seo-wordpress\/ -->\n<title>Qu\u00e8 \u00e9s un conveni regulador? - Martinez Caballero Advocats<\/title>\n<meta name=\"description\" content=\"Un conveni regulador \u00e9s un acord que recull voluntat dels c\u00f2njuges. Si vols saber m\u00e9s en aquest article t&#039;ho expliquem tot.\" \/>\n<meta name=\"robots\" content=\"index, follow, max-snippet:-1, max-image-preview:large, max-video-preview:-1\" \/>\n<link rel=\"canonical\" href=\"https:\/\/martinezcaballeroabogados.com\/ca\/que-es-un-conveni-regulador\/\" \/>\n<meta property=\"og:locale\" content=\"ca_ES\" \/>\n<meta property=\"og:type\" content=\"article\" \/>\n<meta property=\"og:title\" content=\"Qu\u00e8 \u00e9s un conveni regulador? - Martinez Caballero Advocats\" \/>\n<meta property=\"og:description\" content=\"Un conveni regulador \u00e9s un acord que recull voluntat dels c\u00f2njuges. Si vols saber m\u00e9s en aquest article t&#039;ho expliquem tot.\" \/>\n<meta property=\"og:url\" content=\"https:\/\/martinezcaballeroabogados.com\/ca\/que-es-un-conveni-regulador\/\" \/>\n<meta property=\"og:site_name\" content=\"Martinez Caballero Advocats\" \/>\n<meta property=\"article:publisher\" content=\"https:\/\/www.facebook.com\/martinezcaballeroabogados\/\" \/>\n<meta property=\"article:published_time\" content=\"2018-08-28T13:03:14+00:00\" \/>\n<meta property=\"article:modified_time\" content=\"2023-07-14T08:03:47+00:00\" \/>\n<meta property=\"og:image\" content=\"https:\/\/martinezcaballeroabogados.com\/wp-content\/uploads\/2018\/08\/que-es-un-convenio-regulador-martinez-caballero-abogados-barcelona.jpg\" \/>\n\t<meta property=\"og:image:width\" content=\"1980\" \/>\n\t<meta property=\"og:image:height\" content=\"1570\" \/>\n\t<meta property=\"og:image:type\" content=\"image\/jpeg\" \/>\n<meta name=\"author\" content=\"martinez-admin\" \/>\n<meta name=\"twitter:card\" content=\"summary_large_image\" \/>\n<meta name=\"twitter:creator\" content=\"@MC_abogados_\" \/>\n<meta name=\"twitter:site\" content=\"@MC_abogados_\" \/>\n<meta name=\"twitter:label1\" content=\"Escrit per\" \/>\n\t<meta name=\"twitter:data1\" content=\"martinez-admin\" \/>\n\t<meta name=\"twitter:label2\" content=\"Temps estimat de lectura\" \/>\n\t<meta name=\"twitter:data2\" content=\"1 minut\" \/>\n<script type=\"application\/ld+json\" class=\"yoast-schema-graph\">{\"@context\":\"https:\/\/schema.org\",\"@graph\":[{\"@type\":\"Article\",\"@id\":\"https:\/\/martinezcaballeroabogados.com\/ca\/que-es-un-conveni-regulador\/#article\",\"isPartOf\":{\"@id\":\"https:\/\/martinezcaballeroabogados.com\/ca\/que-es-un-conveni-regulador\/\"},\"author\":{\"name\":\"martinez-admin\",\"@id\":\"https:\/\/martinezcaballeroabogados.com\/ca\/#\/schema\/person\/ee5a2bfe30c40c7af67cac2f7f0836d3\"},\"headline\":\"Qu\u00e8 \u00e9s un conveni regulador?\",\"datePublished\":\"2018-08-28T13:03:14+00:00\",\"dateModified\":\"2023-07-14T08:03:47+00:00\",\"mainEntityOfPage\":{\"@id\":\"https:\/\/martinezcaballeroabogados.com\/ca\/que-es-un-conveni-regulador\/\"},\"wordCount\":269,\"publisher\":{\"@id\":\"https:\/\/martinezcaballeroabogados.com\/ca\/#organization\"},\"image\":{\"@id\":\"https:\/\/martinezcaballeroabogados.com\/ca\/que-es-un-conveni-regulador\/#primaryimage\"},\"thumbnailUrl\":\"https:\/\/martinezcaballeroabogados.com\/wp-content\/uploads\/2018\/08\/que-es-un-convenio-regulador-martinez-caballero-abogados-barcelona.jpg\",\"keywords\":[\"Articles\",\"Fam\u00edlia\",\"Lleis\"],\"articleSection\":[\"Dret civil\",\"Dret de fam\u00edlia\",\"Not\u00edcies i Actualitat\"],\"inLanguage\":\"ca\"},{\"@type\":\"WebPage\",\"@id\":\"https:\/\/martinezcaballeroabogados.com\/ca\/que-es-un-conveni-regulador\/\",\"url\":\"https:\/\/martinezcaballeroabogados.com\/ca\/que-es-un-conveni-regulador\/\",\"name\":\"Qu\u00e8 \u00e9s un conveni regulador? - Martinez Caballero Advocats\",\"isPartOf\":{\"@id\":\"https:\/\/martinezcaballeroabogados.com\/ca\/#website\"},\"primaryImageOfPage\":{\"@id\":\"https:\/\/martinezcaballeroabogados.com\/ca\/que-es-un-conveni-regulador\/#primaryimage\"},\"image\":{\"@id\":\"https:\/\/martinezcaballeroabogados.com\/ca\/que-es-un-conveni-regulador\/#primaryimage\"},\"thumbnailUrl\":\"https:\/\/martinezcaballeroabogados.com\/wp-content\/uploads\/2018\/08\/que-es-un-convenio-regulador-martinez-caballero-abogados-barcelona.jpg\",\"datePublished\":\"2018-08-28T13:03:14+00:00\",\"dateModified\":\"2023-07-14T08:03:47+00:00\",\"description\":\"Un conveni regulador \u00e9s un acord que recull voluntat dels c\u00f2njuges. Si vols saber m\u00e9s en aquest article t'ho expliquem tot.\",\"breadcrumb\":{\"@id\":\"https:\/\/martinezcaballeroabogados.com\/ca\/que-es-un-conveni-regulador\/#breadcrumb\"},\"inLanguage\":\"ca\",\"potentialAction\":[{\"@type\":\"ReadAction\",\"target\":[\"https:\/\/martinezcaballeroabogados.com\/ca\/que-es-un-conveni-regulador\/\"]}]},{\"@type\":\"ImageObject\",\"inLanguage\":\"ca\",\"@id\":\"https:\/\/martinezcaballeroabogados.com\/ca\/que-es-un-conveni-regulador\/#primaryimage\",\"url\":\"https:\/\/martinezcaballeroabogados.com\/wp-content\/uploads\/2018\/08\/que-es-un-convenio-regulador-martinez-caballero-abogados-barcelona.jpg\",\"contentUrl\":\"https:\/\/martinezcaballeroabogados.com\/wp-content\/uploads\/2018\/08\/que-es-un-convenio-regulador-martinez-caballero-abogados-barcelona.jpg\",\"width\":1980,\"height\":1570,\"caption\":\"Qu\u00e8 \u00e9s un conveni regulador - Martinez & Caballero Advocats - Barcelona\"},{\"@type\":\"BreadcrumbList\",\"@id\":\"https:\/\/martinezcaballeroabogados.com\/ca\/que-es-un-conveni-regulador\/#breadcrumb\",\"itemListElement\":[{\"@type\":\"ListItem\",\"position\":1,\"name\":\"Portada\",\"item\":\"https:\/\/martinezcaballeroabogados.com\/ca\/advocats-a-barcelona\/\"},{\"@type\":\"ListItem\",\"position\":2,\"name\":\"Qu\u00e8 \u00e9s un conveni regulador?\"}]},{\"@type\":\"WebSite\",\"@id\":\"https:\/\/martinezcaballeroabogados.com\/ca\/#website\",\"url\":\"https:\/\/martinezcaballeroabogados.com\/ca\/\",\"name\":\"Martinez & Caballero Abogados\",\"description\":\"Advocats Integrals a Barcelona\",\"publisher\":{\"@id\":\"https:\/\/martinezcaballeroabogados.com\/ca\/#organization\"},\"potentialAction\":[{\"@type\":\"SearchAction\",\"target\":{\"@type\":\"EntryPoint\",\"urlTemplate\":\"https:\/\/martinezcaballeroabogados.com\/ca\/?s={search_term_string}\"},\"query-input\":{\"@type\":\"PropertyValueSpecification\",\"valueRequired\":true,\"valueName\":\"search_term_string\"}}],\"inLanguage\":\"ca\"},{\"@type\":\"Organization\",\"@id\":\"https:\/\/martinezcaballeroabogados.com\/ca\/#organization\",\"name\":\"Martinez & Caballero Abogados\",\"url\":\"https:\/\/martinezcaballeroabogados.com\/ca\/\",\"logo\":{\"@type\":\"ImageObject\",\"inLanguage\":\"ca\",\"@id\":\"https:\/\/martinezcaballeroabogados.com\/ca\/#\/schema\/logo\/image\/\",\"url\":\"https:\/\/martinezcaballeroabogados.com\/wp-content\/uploads\/2020\/02\/cropped-cropped-logo-mc-abogados-web-1-e1497812507401-1.png\",\"contentUrl\":\"https:\/\/martinezcaballeroabogados.com\/wp-content\/uploads\/2020\/02\/cropped-cropped-logo-mc-abogados-web-1-e1497812507401-1.png\",\"width\":300,\"height\":150,\"caption\":\"Martinez & Caballero Abogados\"},\"image\":{\"@id\":\"https:\/\/martinezcaballeroabogados.com\/ca\/#\/schema\/logo\/image\/\"},\"sameAs\":[\"https:\/\/www.facebook.com\/martinezcaballeroabogados\/\",\"https:\/\/x.com\/MC_abogados_\",\"https:\/\/www.instagram.com\/extranjeriabarcelonaabogados\/\"]},{\"@type\":\"Person\",\"@id\":\"https:\/\/martinezcaballeroabogados.com\/ca\/#\/schema\/person\/ee5a2bfe30c40c7af67cac2f7f0836d3\",\"name\":\"martinez-admin\",\"image\":{\"@type\":\"ImageObject\",\"inLanguage\":\"ca\",\"@id\":\"https:\/\/martinezcaballeroabogados.com\/ca\/#\/schema\/person\/image\/\",\"url\":\"https:\/\/secure.gravatar.com\/avatar\/e75c4c04fb977670e5006b7e6fc3f34d?s=96&d=mm&r=g\",\"contentUrl\":\"https:\/\/secure.gravatar.com\/avatar\/e75c4c04fb977670e5006b7e6fc3f34d?s=96&d=mm&r=g\",\"caption\":\"martinez-admin\"}}]}<\/script>\n<!-- \/ Yoast SEO plugin. -->","yoast_head_json":{"title":"Qu\u00e8 \u00e9s un conveni regulador? - Martinez Caballero Advocats","description":"Un conveni regulador \u00e9s un acord que recull voluntat dels c\u00f2njuges. Si vols saber m\u00e9s en aquest article t'ho expliquem tot.","robots":{"index":"index","follow":"follow","max-snippet":"max-snippet:-1","max-image-preview":"max-image-preview:large","max-video-preview":"max-video-preview:-1"},"canonical":"https:\/\/martinezcaballeroabogados.com\/ca\/que-es-un-conveni-regulador\/","og_locale":"ca_ES","og_type":"article","og_title":"Qu\u00e8 \u00e9s un conveni regulador? - Martinez Caballero Advocats","og_description":"Un conveni regulador \u00e9s un acord que recull voluntat dels c\u00f2njuges. Si vols saber m\u00e9s en aquest article t'ho expliquem tot.","og_url":"https:\/\/martinezcaballeroabogados.com\/ca\/que-es-un-conveni-regulador\/","og_site_name":"Martinez Caballero Advocats","article_publisher":"https:\/\/www.facebook.com\/martinezcaballeroabogados\/","article_published_time":"2018-08-28T13:03:14+00:00","article_modified_time":"2023-07-14T08:03:47+00:00","og_image":[{"width":1980,"height":1570,"url":"https:\/\/martinezcaballeroabogados.com\/wp-content\/uploads\/2018\/08\/que-es-un-convenio-regulador-martinez-caballero-abogados-barcelona.jpg","type":"image\/jpeg"}],"author":"martinez-admin","twitter_card":"summary_large_image","twitter_creator":"@MC_abogados_","twitter_site":"@MC_abogados_","twitter_misc":{"Escrit per":"martinez-admin","Temps estimat de lectura":"1 minut"},"schema":{"@context":"https:\/\/schema.org","@graph":[{"@type":"Article","@id":"https:\/\/martinezcaballeroabogados.com\/ca\/que-es-un-conveni-regulador\/#article","isPartOf":{"@id":"https:\/\/martinezcaballeroabogados.com\/ca\/que-es-un-conveni-regulador\/"},"author":{"name":"martinez-admin","@id":"https:\/\/martinezcaballeroabogados.com\/ca\/#\/schema\/person\/ee5a2bfe30c40c7af67cac2f7f0836d3"},"headline":"Qu\u00e8 \u00e9s un conveni regulador?","datePublished":"2018-08-28T13:03:14+00:00","dateModified":"2023-07-14T08:03:47+00:00","mainEntityOfPage":{"@id":"https:\/\/martinezcaballeroabogados.com\/ca\/que-es-un-conveni-regulador\/"},"wordCount":269,"publisher":{"@id":"https:\/\/martinezcaballeroabogados.com\/ca\/#organization"},"image":{"@id":"https:\/\/martinezcaballeroabogados.com\/ca\/que-es-un-conveni-regulador\/#primaryimage"},"thumbnailUrl":"https:\/\/martinezcaballeroabogados.com\/wp-content\/uploads\/2018\/08\/que-es-un-convenio-regulador-martinez-caballero-abogados-barcelona.jpg","keywords":["Articles","Fam\u00edlia","Lleis"],"articleSection":["Dret civil","Dret de fam\u00edlia","Not\u00edcies i Actualitat"],"inLanguage":"ca"},{"@type":"WebPage","@id":"https:\/\/martinezcaballeroabogados.com\/ca\/que-es-un-conveni-regulador\/","url":"https:\/\/martinezcaballeroabogados.com\/ca\/que-es-un-conveni-regulador\/","name":"Qu\u00e8 \u00e9s un conveni regulador? - Martinez Caballero Advocats","isPartOf":{"@id":"https:\/\/martinezcaballeroabogados.com\/ca\/#website"},"primaryImageOfPage":{"@id":"https:\/\/martinezcaballeroabogados.com\/ca\/que-es-un-conveni-regulador\/#primaryimage"},"image":{"@id":"https:\/\/martinezcaballeroabogados.com\/ca\/que-es-un-conveni-regulador\/#primaryimage"},"thumbnailUrl":"https:\/\/martinezcaballeroabogados.com\/wp-content\/uploads\/2018\/08\/que-es-un-convenio-regulador-martinez-caballero-abogados-barcelona.jpg","datePublished":"2018-08-28T13:03:14+00:00","dateModified":"2023-07-14T08:03:47+00:00","description":"Un conveni regulador \u00e9s un acord que recull voluntat dels c\u00f2njuges. Si vols saber m\u00e9s en aquest article t'ho expliquem tot.","breadcrumb":{"@id":"https:\/\/martinezcaballeroabogados.com\/ca\/que-es-un-conveni-regulador\/#breadcrumb"},"inLanguage":"ca","potentialAction":[{"@type":"ReadAction","target":["https:\/\/martinezcaballeroabogados.com\/ca\/que-es-un-conveni-regulador\/"]}]},{"@type":"ImageObject","inLanguage":"ca","@id":"https:\/\/martinezcaballeroabogados.com\/ca\/que-es-un-conveni-regulador\/#primaryimage","url":"https:\/\/martinezcaballeroabogados.com\/wp-content\/uploads\/2018\/08\/que-es-un-convenio-regulador-martinez-caballero-abogados-barcelona.jpg","contentUrl":"https:\/\/martinezcaballeroabogados.com\/wp-content\/uploads\/2018\/08\/que-es-un-convenio-regulador-martinez-caballero-abogados-barcelona.jpg","width":1980,"height":1570,"caption":"Qu\u00e8 \u00e9s un conveni regulador - Martinez & Caballero Advocats - Barcelona"},{"@type":"BreadcrumbList","@id":"https:\/\/martinezcaballeroabogados.com\/ca\/que-es-un-conveni-regulador\/#breadcrumb","itemListElement":[{"@type":"ListItem","position":1,"name":"Portada","item":"https:\/\/martinezcaballeroabogados.com\/ca\/advocats-a-barcelona\/"},{"@type":"ListItem","position":2,"name":"Qu\u00e8 \u00e9s un conveni regulador?"}]},{"@type":"WebSite","@id":"https:\/\/martinezcaballeroabogados.com\/ca\/#website","url":"https:\/\/martinezcaballeroabogados.com\/ca\/","name":"Martinez & Caballero Abogados","description":"Advocats Integrals a Barcelona","publisher":{"@id":"https:\/\/martinezcaballeroabogados.com\/ca\/#organization"},"potentialAction":[{"@type":"SearchAction","target":{"@type":"EntryPoint","urlTemplate":"https:\/\/martinezcaballeroabogados.com\/ca\/?s={search_term_string}"},"query-input":{"@type":"PropertyValueSpecification","valueRequired":true,"valueName":"search_term_string"}}],"inLanguage":"ca"},{"@type":"Organization","@id":"https:\/\/martinezcaballeroabogados.com\/ca\/#organization","name":"Martinez & Caballero Abogados","url":"https:\/\/martinezcaballeroabogados.com\/ca\/","logo":{"@type":"ImageObject","inLanguage":"ca","@id":"https:\/\/martinezcaballeroabogados.com\/ca\/#\/schema\/logo\/image\/","url":"https:\/\/martinezcaballeroabogados.com\/wp-content\/uploads\/2020\/02\/cropped-cropped-logo-mc-abogados-web-1-e1497812507401-1.png","contentUrl":"https:\/\/martinezcaballeroabogados.com\/wp-content\/uploads\/2020\/02\/cropped-cropped-logo-mc-abogados-web-1-e1497812507401-1.png","width":300,"height":150,"caption":"Martinez & Caballero Abogados"},"image":{"@id":"https:\/\/martinezcaballeroabogados.com\/ca\/#\/schema\/logo\/image\/"},"sameAs":["https:\/\/www.facebook.com\/martinezcaballeroabogados\/","https:\/\/x.com\/MC_abogados_","https:\/\/www.instagram.com\/extranjeriabarcelonaabogados\/"]},{"@type":"Person","@id":"https:\/\/martinezcaballeroabogados.com\/ca\/#\/schema\/person\/ee5a2bfe30c40c7af67cac2f7f0836d3","name":"martinez-admin","image":{"@type":"ImageObject","inLanguage":"ca","@id":"https:\/\/martinezcaballeroabogados.com\/ca\/#\/schema\/person\/image\/","url":"https:\/\/secure.gravatar.com\/avatar\/e75c4c04fb977670e5006b7e6fc3f34d?s=96&d=mm&r=g","contentUrl":"https:\/\/secure.gravatar.com\/avatar\/e75c4c04fb977670e5006b7e6fc3f34d?s=96&d=mm&r=g","caption":"martinez-admin"}}]}},"_links":{"self":[{"href":"https:\/\/martinezcaballeroabogados.com\/ca\/wp-json\/wp\/v2\/posts\/10384","targetHints":{"allow":["GET"]}}],"collection":[{"href":"https:\/\/martinezcaballeroabogados.com\/ca\/wp-json\/wp\/v2\/posts"}],"about":[{"href":"https:\/\/martinezcaballeroabogados.com\/ca\/wp-json\/wp\/v2\/types\/post"}],"author":[{"embeddable":true,"href":"https:\/\/martinezcaballeroabogados.com\/ca\/wp-json\/wp\/v2\/users\/1"}],"replies":[{"embeddable":true,"href":"https:\/\/martinezcaballeroabogados.com\/ca\/wp-json\/wp\/v2\/comments?post=10384"}],"version-history":[{"count":1,"href":"https:\/\/martinezcaballeroabogados.com\/ca\/wp-json\/wp\/v2\/posts\/10384\/revisions"}],"predecessor-version":[{"id":10385,"href":"https:\/\/martinezcaballeroabogados.com\/ca\/wp-json\/wp\/v2\/posts\/10384\/revisions\/10385"}],"wp:featuredmedia":[{"embeddable":true,"href":"https:\/\/martinezcaballeroabogados.com\/ca\/wp-json\/wp\/v2\/media\/7404"}],"wp:attachment":[{"href":"https:\/\/martinezcaballeroabogados.com\/ca\/wp-json\/wp\/v2\/media?parent=10384"}],"wp:term":[{"taxonomy":"category","embeddable":true,"href":"https:\/\/martinezcaballeroabogados.com\/ca\/wp-json\/wp\/v2\/categories?post=10384"},{"taxonomy":"post_tag","embeddable":true,"href":"https:\/\/martinezcaballeroabogados.com\/ca\/wp-json\/wp\/v2\/tags?post=10384"}],"curies":[{"name":"wp","href":"https:\/\/api.w.org\/{rel}","templated":true}]}}