{"id":10372,"date":"2020-05-18T18:22:44","date_gmt":"2020-05-18T18:22:44","guid":{"rendered":"https:\/\/martinezcaballeroabogados.com\/autorizacion-de-treball-a-favor-de-menors-estrangers-en-edat-laboral\/"},"modified":"2023-01-27T16:02:41","modified_gmt":"2023-01-27T16:02:41","slug":"autorizacion-de-treball-a-favor-de-menors-estrangers-en-edat-laboral","status":"publish","type":"post","link":"https:\/\/martinezcaballeroabogados.com\/ca\/autorizacion-de-treball-a-favor-de-menors-estrangers-en-edat-laboral\/","title":{"rendered":"AUTORIZACION DE TREBALL A favor DE MENORS ESTRANGERS EN EDAT LABORAL."},"content":{"rendered":"\t\t<div data-elementor-type=\"wp-post\" data-elementor-id=\"10372\" class=\"elementor elementor-10372 elementor-3787\" data-elementor-post-type=\"post\">\n\t\t\t\t\t\t<section class=\"elementor-section elementor-top-section elementor-element elementor-element-c0c2076 elementor-section-boxed elementor-section-height-default elementor-section-height-default\" data-id=\"c0c2076\" data-element_type=\"section\" data-e-type=\"section\">\n\t\t\t\t\t\t<div class=\"elementor-container elementor-column-gap-extended\">\n\t\t\t\t\t<div class=\"elementor-column elementor-col-100 elementor-top-column elementor-element elementor-element-17cd7baa sc_inner_width_none sc_layouts_column_icons_position_left\" data-id=\"17cd7baa\" data-element_type=\"column\" data-e-type=\"column\">\n\t\t\t<div class=\"elementor-widget-wrap elementor-element-populated\">\n\t\t\t\t\t\t<div class=\"elementor-element elementor-element-6df128cf sc_fly_static elementor-widget elementor-widget-text-editor\" data-id=\"6df128cf\" data-element_type=\"widget\" data-e-type=\"widget\" data-widget_type=\"text-editor.default\">\n\t\t\t\t<div class=\"elementor-widget-container\">\n\t\t\t\t\t\t\t\t\t<h4 style=\"text-align: left;\">Lautoritzaci\u00f3 de treball a favor de menors estrangers.<\/h4>\n<p>El passat 6 de mar\u00e7 del 2020 la Secret\u00e0ria d&#8217;Estat i Migracions va emetre la Instrucci\u00f3 1\/2020 en qu\u00e8 manifesta que la<strong> concessi\u00f3 de l&#8217;autoritzaci\u00f3 de resid\u00e8ncia, expedida a favor dels menors estrangers far\u00e0 tamb\u00e9 les vegades d&#8217;autoritzaci\u00f3 de treball i habilitar\u00e0 per a l&#8217;exercici de l&#8217;activitat laboral per compte d&#8217;altri en el moment en qu\u00e8 aquests assoleixin 16 anys, sense necessitat de cap altre tr\u00e0mit administratiu en mat\u00e8ria destrangeria. <\/strong><\/p>\n<h6><strong>Qu\u00e8 \u00e9s un menor no acompanyat?<\/strong><\/h6>\n<p>S\u00f3n els <strong>menors estrangers<\/strong> que arriben a Espanya sols i <strong>sense adult ni fam\u00edlia<\/strong> que els acompanyi.<\/p>\n<p>Els menors d&#8217;edat sense la pres\u00e8ncia d&#8217;adults o persones responsables, entre els quals<\/p>\n<p>subratlla la franja d&#8217;edat inclosa entre els <strong>16 i 18 anys<\/strong> .<\/p>\n<p>Donada la seva condici\u00f3 de menors de 18 anys, els menors estrangers s\u00f3n atesos a Espanya per part dels serveis competents de protecci\u00f3 de menors<\/p>\n<h6><strong>T\u00e9 autoritzaci\u00f3 de resid\u00e8ncia el menor no acompanyat?<\/strong><\/h6>\n<p>Al menor no acompanyat se li atorga una autoritzaci\u00f3 de resid\u00e8ncia, amb data efectes des del moment en qu\u00e8 hagi estat posat a disposici\u00f3 dels serveis de protecci\u00f3 de menors, per\u00f2 no est\u00e0 habilitant a treballar autom\u00e0ticament.<\/p>\n<h6><strong>A Espanya, quina \u00e9s l&#8217;edat laboral?<\/strong><\/h6>\n<p>A Espanya es permet treballar a partir dels 16 anys, d&#8217;acord amb unes regles especials de protecci\u00f3, i no podent dur a terme abans de la majoria d&#8217;edat, treballs nocturns, ni ocupar llocs que siguin insalubres, penosos, nocius o perillosos salut o per a la formaci\u00f3 tant professional com humana.<\/p>\n<h6><strong>Un menor estranger en edat laboral com pot treballar?<\/strong><\/h6>\n<p>els estrangers, larticle 36.1 de la Llei Org\u00e0nica 4\/2000 recull que els estrangers majors de 16 anys necessitaran lautoritzaci\u00f3 administrativa pr\u00e8via per treballar.<\/p>\n<h6><strong>Qu\u00e8 passa amb la situaci\u00f3 nacional d&#8217;ocupaci\u00f3 en aquests casos de menors estrangers en edat laboral?<\/strong><\/h6>\n<p>La llei porta una <strong>exempci\u00f3 de la situaci\u00f3 nacional d&#8217;ocupaci\u00f3<\/strong> aquells sup\u00f2sits en qu\u00e8 el <strong>contracte de treball s&#8217;adreci a menors estrangers en edat laboral,<\/strong> titulars d&#8217;una autoritzaci\u00f3 de resid\u00e8ncia, i tutelats per l&#8217;entitat de protecci\u00f3 de menors competent, donant la possibilitat que el menor estranger tutelat pugui treballar a partir dels 16 anys, amb les limitacions i el compliment previ de les salvaguardes que, si escau , procedeixin a l&#8217;empara de la normativa laboral vigent, i amb el compliment previ de les regles especials de protecci\u00f3 que es trobin previstes al respecte en l&#8217;ordenament jur\u00eddic.<\/p>\n<p>S&#8217;ha de tenir en compte que, en el cas de menors emancipats es requereix el consentiment previ dels seus tutors o de la persona que estiguin a c\u00e0rrec i, en el cas d&#8217;aquells que no visquin de forma independent, es requereix l&#8217;autoritzaci\u00f3 de pares o de els seus representants legals. Tot aix\u00f2, a l&#8217;empara de l&#8217;inter\u00e8s superior del menor.<\/p>\n<p>Martinez &amp; Caballero Advocats<\/p>\n\t\t\t\t\t\t\t\t<\/div>\n\t\t\t\t<\/div>\n\t\t\t\t\t<\/div>\n\t\t<\/div>\n\t\t\t\t\t<\/div>\n\t\t<\/section>\n\t\t\t\t<\/div>\n\t\t","protected":false},"excerpt":{"rendered":"<p>Lautoritzaci\u00f3 de treball a favor de menors estrangers. El passat 6 de mar\u00e7 del 2020 la Secret\u00e0ria d&#8217;Estat i Migracions va emetre la Instrucci\u00f3 1\/2020 en qu\u00e8 manifesta que la concessi\u00f3 de l&#8217;autoritzaci\u00f3 de resid\u00e8ncia, expedida a favor dels menors estrangers far\u00e0 tamb\u00e9 les vegades d&#8217;autoritzaci\u00f3 de treball i habilitar\u00e0 per a l&#8217;exercici de l&#8217;activitat laboral per compte d&#8217;altri en el moment en qu\u00e8 aquests assoleixin 16 anys, sense necessitat de cap altre tr\u00e0mit administratiu en mat\u00e8ria destrangeria. Qu\u00e8 \u00e9s&hellip;<\/p>\n","protected":false},"author":1,"featured_media":7664,"comment_status":"closed","ping_status":"open","sticky":false,"template":"","format":"standard","meta":{"_monsterinsights_skip_tracking":false,"_monsterinsights_sitenote_active":false,"_monsterinsights_sitenote_note":"","_monsterinsights_sitenote_category":0,"_joinchat":[],"footnotes":""},"categories":[481,484,463,509,462,510],"tags":[],"class_list":["post-10372","post","type-post","status-publish","format-standard","has-post-thumbnail","hentry","category-autoritzacio","category-dret-laboral","category-estrangeria","category-menors-dedat","category-noticies-i-actualitat","category-permis-de-treball"],"yoast_head":"<!-- This site is optimized with the Yoast SEO plugin v26.8 - https:\/\/yoast.com\/product\/yoast-seo-wordpress\/ -->\n<title>Autoritzaci\u00f3 de treball de menors - Martinez Caballero Advocats<\/title>\n<meta name=\"description\" content=\"L&#039;autoritzaci\u00f3 de treball per a un menor d&#039;edat a Espanya es d\u00f3na a partir dels 16 anys i no requereix cap tramitaci\u00f3 en estrangeria.\" \/>\n<meta name=\"robots\" content=\"index, follow, max-snippet:-1, max-image-preview:large, max-video-preview:-1\" \/>\n<link rel=\"canonical\" href=\"https:\/\/martinezcaballeroabogados.com\/ca\/autorizacion-de-treball-a-favor-de-menors-estrangers-en-edat-laboral\/\" \/>\n<meta property=\"og:locale\" content=\"ca_ES\" \/>\n<meta property=\"og:type\" content=\"article\" \/>\n<meta property=\"og:title\" content=\"Autoritzaci\u00f3 de treball de menors - Martinez Caballero Advocats\" \/>\n<meta property=\"og:description\" content=\"L&#039;autoritzaci\u00f3 de treball per a un menor d&#039;edat a Espanya es d\u00f3na a partir dels 16 anys i no requereix cap tramitaci\u00f3 en estrangeria.\" \/>\n<meta property=\"og:url\" content=\"https:\/\/martinezcaballeroabogados.com\/ca\/autorizacion-de-treball-a-favor-de-menors-estrangers-en-edat-laboral\/\" \/>\n<meta property=\"og:site_name\" content=\"Martinez Caballero Advocats\" \/>\n<meta property=\"article:publisher\" content=\"https:\/\/www.facebook.com\/martinezcaballeroabogados\/\" \/>\n<meta property=\"article:published_time\" content=\"2020-05-18T18:22:44+00:00\" \/>\n<meta property=\"article:modified_time\" content=\"2023-01-27T16:02:41+00:00\" \/>\n<meta property=\"og:image\" content=\"https:\/\/martinezcaballeroabogados.com\/wp-content\/uploads\/2020\/05\/thoughtful-teenager-at-school-FTMU4H8.jpg\" \/>\n\t<meta property=\"og:image:width\" content=\"1980\" \/>\n\t<meta property=\"og:image:height\" content=\"1321\" \/>\n\t<meta property=\"og:image:type\" content=\"image\/jpeg\" \/>\n<meta name=\"author\" content=\"martinez-admin\" \/>\n<meta name=\"twitter:card\" content=\"summary_large_image\" \/>\n<meta name=\"twitter:creator\" content=\"@MC_abogados_\" \/>\n<meta name=\"twitter:site\" content=\"@MC_abogados_\" \/>\n<meta name=\"twitter:label1\" content=\"Escrit per\" \/>\n\t<meta name=\"twitter:data1\" content=\"martinez-admin\" \/>\n\t<meta name=\"twitter:label2\" content=\"Temps estimat de lectura\" \/>\n\t<meta name=\"twitter:data2\" content=\"2 minuts\" \/>\n<script type=\"application\/ld+json\" class=\"yoast-schema-graph\">{\"@context\":\"https:\/\/schema.org\",\"@graph\":[{\"@type\":\"Article\",\"@id\":\"https:\/\/martinezcaballeroabogados.com\/ca\/autorizacion-de-treball-a-favor-de-menors-estrangers-en-edat-laboral\/#article\",\"isPartOf\":{\"@id\":\"https:\/\/martinezcaballeroabogados.com\/ca\/autorizacion-de-treball-a-favor-de-menors-estrangers-en-edat-laboral\/\"},\"author\":{\"name\":\"martinez-admin\",\"@id\":\"https:\/\/martinezcaballeroabogados.com\/ca\/#\/schema\/person\/ee5a2bfe30c40c7af67cac2f7f0836d3\"},\"headline\":\"AUTORIZACION DE TREBALL A favor DE MENORS ESTRANGERS EN EDAT LABORAL.\",\"datePublished\":\"2020-05-18T18:22:44+00:00\",\"dateModified\":\"2023-01-27T16:02:41+00:00\",\"mainEntityOfPage\":{\"@id\":\"https:\/\/martinezcaballeroabogados.com\/ca\/autorizacion-de-treball-a-favor-de-menors-estrangers-en-edat-laboral\/\"},\"wordCount\":474,\"publisher\":{\"@id\":\"https:\/\/martinezcaballeroabogados.com\/ca\/#organization\"},\"image\":{\"@id\":\"https:\/\/martinezcaballeroabogados.com\/ca\/autorizacion-de-treball-a-favor-de-menors-estrangers-en-edat-laboral\/#primaryimage\"},\"thumbnailUrl\":\"https:\/\/martinezcaballeroabogados.com\/wp-content\/uploads\/2020\/05\/thoughtful-teenager-at-school-FTMU4H8.jpg\",\"articleSection\":[\"Autoritzaci\u00f3\",\"Dret laboral\",\"Estrangeria\",\"Menors d'edat\",\"Not\u00edcies i Actualitat\",\"Perm\u00eds de treball\"],\"inLanguage\":\"ca\"},{\"@type\":\"WebPage\",\"@id\":\"https:\/\/martinezcaballeroabogados.com\/ca\/autorizacion-de-treball-a-favor-de-menors-estrangers-en-edat-laboral\/\",\"url\":\"https:\/\/martinezcaballeroabogados.com\/ca\/autorizacion-de-treball-a-favor-de-menors-estrangers-en-edat-laboral\/\",\"name\":\"Autoritzaci\u00f3 de treball de menors - Martinez Caballero Advocats\",\"isPartOf\":{\"@id\":\"https:\/\/martinezcaballeroabogados.com\/ca\/#website\"},\"primaryImageOfPage\":{\"@id\":\"https:\/\/martinezcaballeroabogados.com\/ca\/autorizacion-de-treball-a-favor-de-menors-estrangers-en-edat-laboral\/#primaryimage\"},\"image\":{\"@id\":\"https:\/\/martinezcaballeroabogados.com\/ca\/autorizacion-de-treball-a-favor-de-menors-estrangers-en-edat-laboral\/#primaryimage\"},\"thumbnailUrl\":\"https:\/\/martinezcaballeroabogados.com\/wp-content\/uploads\/2020\/05\/thoughtful-teenager-at-school-FTMU4H8.jpg\",\"datePublished\":\"2020-05-18T18:22:44+00:00\",\"dateModified\":\"2023-01-27T16:02:41+00:00\",\"description\":\"L'autoritzaci\u00f3 de treball per a un menor d'edat a Espanya es d\u00f3na a partir dels 16 anys i no requereix cap tramitaci\u00f3 en estrangeria.\",\"breadcrumb\":{\"@id\":\"https:\/\/martinezcaballeroabogados.com\/ca\/autorizacion-de-treball-a-favor-de-menors-estrangers-en-edat-laboral\/#breadcrumb\"},\"inLanguage\":\"ca\",\"potentialAction\":[{\"@type\":\"ReadAction\",\"target\":[\"https:\/\/martinezcaballeroabogados.com\/ca\/autorizacion-de-treball-a-favor-de-menors-estrangers-en-edat-laboral\/\"]}]},{\"@type\":\"ImageObject\",\"inLanguage\":\"ca\",\"@id\":\"https:\/\/martinezcaballeroabogados.com\/ca\/autorizacion-de-treball-a-favor-de-menors-estrangers-en-edat-laboral\/#primaryimage\",\"url\":\"https:\/\/martinezcaballeroabogados.com\/wp-content\/uploads\/2020\/05\/thoughtful-teenager-at-school-FTMU4H8.jpg\",\"contentUrl\":\"https:\/\/martinezcaballeroabogados.com\/wp-content\/uploads\/2020\/05\/thoughtful-teenager-at-school-FTMU4H8.jpg\",\"width\":1980,\"height\":1321},{\"@type\":\"BreadcrumbList\",\"@id\":\"https:\/\/martinezcaballeroabogados.com\/ca\/autorizacion-de-treball-a-favor-de-menors-estrangers-en-edat-laboral\/#breadcrumb\",\"itemListElement\":[{\"@type\":\"ListItem\",\"position\":1,\"name\":\"Portada\",\"item\":\"https:\/\/martinezcaballeroabogados.com\/ca\/advocats-a-barcelona\/\"},{\"@type\":\"ListItem\",\"position\":2,\"name\":\"AUTORIZACION DE TREBALL A favor DE MENORS ESTRANGERS EN EDAT LABORAL.\"}]},{\"@type\":\"WebSite\",\"@id\":\"https:\/\/martinezcaballeroabogados.com\/ca\/#website\",\"url\":\"https:\/\/martinezcaballeroabogados.com\/ca\/\",\"name\":\"Martinez & Caballero Abogados\",\"description\":\"Advocats Integrals a Barcelona\",\"publisher\":{\"@id\":\"https:\/\/martinezcaballeroabogados.com\/ca\/#organization\"},\"potentialAction\":[{\"@type\":\"SearchAction\",\"target\":{\"@type\":\"EntryPoint\",\"urlTemplate\":\"https:\/\/martinezcaballeroabogados.com\/ca\/?s={search_term_string}\"},\"query-input\":{\"@type\":\"PropertyValueSpecification\",\"valueRequired\":true,\"valueName\":\"search_term_string\"}}],\"inLanguage\":\"ca\"},{\"@type\":\"Organization\",\"@id\":\"https:\/\/martinezcaballeroabogados.com\/ca\/#organization\",\"name\":\"Martinez & Caballero Abogados\",\"url\":\"https:\/\/martinezcaballeroabogados.com\/ca\/\",\"logo\":{\"@type\":\"ImageObject\",\"inLanguage\":\"ca\",\"@id\":\"https:\/\/martinezcaballeroabogados.com\/ca\/#\/schema\/logo\/image\/\",\"url\":\"https:\/\/martinezcaballeroabogados.com\/wp-content\/uploads\/2020\/02\/cropped-cropped-logo-mc-abogados-web-1-e1497812507401-1.png\",\"contentUrl\":\"https:\/\/martinezcaballeroabogados.com\/wp-content\/uploads\/2020\/02\/cropped-cropped-logo-mc-abogados-web-1-e1497812507401-1.png\",\"width\":300,\"height\":150,\"caption\":\"Martinez & Caballero Abogados\"},\"image\":{\"@id\":\"https:\/\/martinezcaballeroabogados.com\/ca\/#\/schema\/logo\/image\/\"},\"sameAs\":[\"https:\/\/www.facebook.com\/martinezcaballeroabogados\/\",\"https:\/\/x.com\/MC_abogados_\",\"https:\/\/www.instagram.com\/extranjeriabarcelonaabogados\/\"]},{\"@type\":\"Person\",\"@id\":\"https:\/\/martinezcaballeroabogados.com\/ca\/#\/schema\/person\/ee5a2bfe30c40c7af67cac2f7f0836d3\",\"name\":\"martinez-admin\",\"image\":{\"@type\":\"ImageObject\",\"inLanguage\":\"ca\",\"@id\":\"https:\/\/martinezcaballeroabogados.com\/ca\/#\/schema\/person\/image\/\",\"url\":\"https:\/\/secure.gravatar.com\/avatar\/e75c4c04fb977670e5006b7e6fc3f34d?s=96&d=mm&r=g\",\"contentUrl\":\"https:\/\/secure.gravatar.com\/avatar\/e75c4c04fb977670e5006b7e6fc3f34d?s=96&d=mm&r=g\",\"caption\":\"martinez-admin\"}}]}<\/script>\n<!-- \/ Yoast SEO plugin. -->","yoast_head_json":{"title":"Autoritzaci\u00f3 de treball de menors - Martinez Caballero Advocats","description":"L'autoritzaci\u00f3 de treball per a un menor d'edat a Espanya es d\u00f3na a partir dels 16 anys i no requereix cap tramitaci\u00f3 en estrangeria.","robots":{"index":"index","follow":"follow","max-snippet":"max-snippet:-1","max-image-preview":"max-image-preview:large","max-video-preview":"max-video-preview:-1"},"canonical":"https:\/\/martinezcaballeroabogados.com\/ca\/autorizacion-de-treball-a-favor-de-menors-estrangers-en-edat-laboral\/","og_locale":"ca_ES","og_type":"article","og_title":"Autoritzaci\u00f3 de treball de menors - Martinez Caballero Advocats","og_description":"L'autoritzaci\u00f3 de treball per a un menor d'edat a Espanya es d\u00f3na a partir dels 16 anys i no requereix cap tramitaci\u00f3 en estrangeria.","og_url":"https:\/\/martinezcaballeroabogados.com\/ca\/autorizacion-de-treball-a-favor-de-menors-estrangers-en-edat-laboral\/","og_site_name":"Martinez Caballero Advocats","article_publisher":"https:\/\/www.facebook.com\/martinezcaballeroabogados\/","article_published_time":"2020-05-18T18:22:44+00:00","article_modified_time":"2023-01-27T16:02:41+00:00","og_image":[{"width":1980,"height":1321,"url":"https:\/\/martinezcaballeroabogados.com\/wp-content\/uploads\/2020\/05\/thoughtful-teenager-at-school-FTMU4H8.jpg","type":"image\/jpeg"}],"author":"martinez-admin","twitter_card":"summary_large_image","twitter_creator":"@MC_abogados_","twitter_site":"@MC_abogados_","twitter_misc":{"Escrit per":"martinez-admin","Temps estimat de lectura":"2 minuts"},"schema":{"@context":"https:\/\/schema.org","@graph":[{"@type":"Article","@id":"https:\/\/martinezcaballeroabogados.com\/ca\/autorizacion-de-treball-a-favor-de-menors-estrangers-en-edat-laboral\/#article","isPartOf":{"@id":"https:\/\/martinezcaballeroabogados.com\/ca\/autorizacion-de-treball-a-favor-de-menors-estrangers-en-edat-laboral\/"},"author":{"name":"martinez-admin","@id":"https:\/\/martinezcaballeroabogados.com\/ca\/#\/schema\/person\/ee5a2bfe30c40c7af67cac2f7f0836d3"},"headline":"AUTORIZACION DE TREBALL A favor DE MENORS ESTRANGERS EN EDAT LABORAL.","datePublished":"2020-05-18T18:22:44+00:00","dateModified":"2023-01-27T16:02:41+00:00","mainEntityOfPage":{"@id":"https:\/\/martinezcaballeroabogados.com\/ca\/autorizacion-de-treball-a-favor-de-menors-estrangers-en-edat-laboral\/"},"wordCount":474,"publisher":{"@id":"https:\/\/martinezcaballeroabogados.com\/ca\/#organization"},"image":{"@id":"https:\/\/martinezcaballeroabogados.com\/ca\/autorizacion-de-treball-a-favor-de-menors-estrangers-en-edat-laboral\/#primaryimage"},"thumbnailUrl":"https:\/\/martinezcaballeroabogados.com\/wp-content\/uploads\/2020\/05\/thoughtful-teenager-at-school-FTMU4H8.jpg","articleSection":["Autoritzaci\u00f3","Dret laboral","Estrangeria","Menors d'edat","Not\u00edcies i Actualitat","Perm\u00eds de treball"],"inLanguage":"ca"},{"@type":"WebPage","@id":"https:\/\/martinezcaballeroabogados.com\/ca\/autorizacion-de-treball-a-favor-de-menors-estrangers-en-edat-laboral\/","url":"https:\/\/martinezcaballeroabogados.com\/ca\/autorizacion-de-treball-a-favor-de-menors-estrangers-en-edat-laboral\/","name":"Autoritzaci\u00f3 de treball de menors - Martinez Caballero Advocats","isPartOf":{"@id":"https:\/\/martinezcaballeroabogados.com\/ca\/#website"},"primaryImageOfPage":{"@id":"https:\/\/martinezcaballeroabogados.com\/ca\/autorizacion-de-treball-a-favor-de-menors-estrangers-en-edat-laboral\/#primaryimage"},"image":{"@id":"https:\/\/martinezcaballeroabogados.com\/ca\/autorizacion-de-treball-a-favor-de-menors-estrangers-en-edat-laboral\/#primaryimage"},"thumbnailUrl":"https:\/\/martinezcaballeroabogados.com\/wp-content\/uploads\/2020\/05\/thoughtful-teenager-at-school-FTMU4H8.jpg","datePublished":"2020-05-18T18:22:44+00:00","dateModified":"2023-01-27T16:02:41+00:00","description":"L'autoritzaci\u00f3 de treball per a un menor d'edat a Espanya es d\u00f3na a partir dels 16 anys i no requereix cap tramitaci\u00f3 en estrangeria.","breadcrumb":{"@id":"https:\/\/martinezcaballeroabogados.com\/ca\/autorizacion-de-treball-a-favor-de-menors-estrangers-en-edat-laboral\/#breadcrumb"},"inLanguage":"ca","potentialAction":[{"@type":"ReadAction","target":["https:\/\/martinezcaballeroabogados.com\/ca\/autorizacion-de-treball-a-favor-de-menors-estrangers-en-edat-laboral\/"]}]},{"@type":"ImageObject","inLanguage":"ca","@id":"https:\/\/martinezcaballeroabogados.com\/ca\/autorizacion-de-treball-a-favor-de-menors-estrangers-en-edat-laboral\/#primaryimage","url":"https:\/\/martinezcaballeroabogados.com\/wp-content\/uploads\/2020\/05\/thoughtful-teenager-at-school-FTMU4H8.jpg","contentUrl":"https:\/\/martinezcaballeroabogados.com\/wp-content\/uploads\/2020\/05\/thoughtful-teenager-at-school-FTMU4H8.jpg","width":1980,"height":1321},{"@type":"BreadcrumbList","@id":"https:\/\/martinezcaballeroabogados.com\/ca\/autorizacion-de-treball-a-favor-de-menors-estrangers-en-edat-laboral\/#breadcrumb","itemListElement":[{"@type":"ListItem","position":1,"name":"Portada","item":"https:\/\/martinezcaballeroabogados.com\/ca\/advocats-a-barcelona\/"},{"@type":"ListItem","position":2,"name":"AUTORIZACION DE TREBALL A favor DE MENORS ESTRANGERS EN EDAT LABORAL."}]},{"@type":"WebSite","@id":"https:\/\/martinezcaballeroabogados.com\/ca\/#website","url":"https:\/\/martinezcaballeroabogados.com\/ca\/","name":"Martinez & Caballero Abogados","description":"Advocats Integrals a Barcelona","publisher":{"@id":"https:\/\/martinezcaballeroabogados.com\/ca\/#organization"},"potentialAction":[{"@type":"SearchAction","target":{"@type":"EntryPoint","urlTemplate":"https:\/\/martinezcaballeroabogados.com\/ca\/?s={search_term_string}"},"query-input":{"@type":"PropertyValueSpecification","valueRequired":true,"valueName":"search_term_string"}}],"inLanguage":"ca"},{"@type":"Organization","@id":"https:\/\/martinezcaballeroabogados.com\/ca\/#organization","name":"Martinez & Caballero Abogados","url":"https:\/\/martinezcaballeroabogados.com\/ca\/","logo":{"@type":"ImageObject","inLanguage":"ca","@id":"https:\/\/martinezcaballeroabogados.com\/ca\/#\/schema\/logo\/image\/","url":"https:\/\/martinezcaballeroabogados.com\/wp-content\/uploads\/2020\/02\/cropped-cropped-logo-mc-abogados-web-1-e1497812507401-1.png","contentUrl":"https:\/\/martinezcaballeroabogados.com\/wp-content\/uploads\/2020\/02\/cropped-cropped-logo-mc-abogados-web-1-e1497812507401-1.png","width":300,"height":150,"caption":"Martinez & Caballero Abogados"},"image":{"@id":"https:\/\/martinezcaballeroabogados.com\/ca\/#\/schema\/logo\/image\/"},"sameAs":["https:\/\/www.facebook.com\/martinezcaballeroabogados\/","https:\/\/x.com\/MC_abogados_","https:\/\/www.instagram.com\/extranjeriabarcelonaabogados\/"]},{"@type":"Person","@id":"https:\/\/martinezcaballeroabogados.com\/ca\/#\/schema\/person\/ee5a2bfe30c40c7af67cac2f7f0836d3","name":"martinez-admin","image":{"@type":"ImageObject","inLanguage":"ca","@id":"https:\/\/martinezcaballeroabogados.com\/ca\/#\/schema\/person\/image\/","url":"https:\/\/secure.gravatar.com\/avatar\/e75c4c04fb977670e5006b7e6fc3f34d?s=96&d=mm&r=g","contentUrl":"https:\/\/secure.gravatar.com\/avatar\/e75c4c04fb977670e5006b7e6fc3f34d?s=96&d=mm&r=g","caption":"martinez-admin"}}]}},"_links":{"self":[{"href":"https:\/\/martinezcaballeroabogados.com\/ca\/wp-json\/wp\/v2\/posts\/10372","targetHints":{"allow":["GET"]}}],"collection":[{"href":"https:\/\/martinezcaballeroabogados.com\/ca\/wp-json\/wp\/v2\/posts"}],"about":[{"href":"https:\/\/martinezcaballeroabogados.com\/ca\/wp-json\/wp\/v2\/types\/post"}],"author":[{"embeddable":true,"href":"https:\/\/martinezcaballeroabogados.com\/ca\/wp-json\/wp\/v2\/users\/1"}],"replies":[{"embeddable":true,"href":"https:\/\/martinezcaballeroabogados.com\/ca\/wp-json\/wp\/v2\/comments?post=10372"}],"version-history":[{"count":1,"href":"https:\/\/martinezcaballeroabogados.com\/ca\/wp-json\/wp\/v2\/posts\/10372\/revisions"}],"predecessor-version":[{"id":10373,"href":"https:\/\/martinezcaballeroabogados.com\/ca\/wp-json\/wp\/v2\/posts\/10372\/revisions\/10373"}],"wp:featuredmedia":[{"embeddable":true,"href":"https:\/\/martinezcaballeroabogados.com\/ca\/wp-json\/wp\/v2\/media\/7664"}],"wp:attachment":[{"href":"https:\/\/martinezcaballeroabogados.com\/ca\/wp-json\/wp\/v2\/media?parent=10372"}],"wp:term":[{"taxonomy":"category","embeddable":true,"href":"https:\/\/martinezcaballeroabogados.com\/ca\/wp-json\/wp\/v2\/categories?post=10372"},{"taxonomy":"post_tag","embeddable":true,"href":"https:\/\/martinezcaballeroabogados.com\/ca\/wp-json\/wp\/v2\/tags?post=10372"}],"curies":[{"name":"wp","href":"https:\/\/api.w.org\/{rel}","templated":true}]}}