{"id":10356,"date":"2020-09-11T19:51:05","date_gmt":"2020-09-11T19:51:05","guid":{"rendered":"https:\/\/martinezcaballeroabogados.com\/vulnerabilitat-economica-mesures-dirigides-a-families-i-col%c2%b7lectius-vulnerables\/"},"modified":"2023-07-14T08:22:09","modified_gmt":"2023-07-14T08:22:09","slug":"vulnerabilitat-economica-mesures-dirigides-a-families-i-col%c2%b7lectius-vulnerables","status":"publish","type":"post","link":"https:\/\/martinezcaballeroabogados.com\/ca\/vulnerabilitat-economica-mesures-dirigides-a-families-i-col%c2%b7lectius-vulnerables\/","title":{"rendered":"VULNERABILITAT ECON\u00d2MICA, MESURES DIRIGIDES A FAM\u00cdLIES I COL\u00b7LECTIUS VULNERABLES"},"content":{"rendered":"\t\t<div data-elementor-type=\"wp-post\" data-elementor-id=\"10356\" class=\"elementor elementor-10356\" data-elementor-post-type=\"post\">\n\t\t\t\t\t\t<section class=\"elementor-section elementor-top-section elementor-element elementor-element-c0c2076 elementor-section-boxed elementor-section-height-default elementor-section-height-default\" data-id=\"c0c2076\" data-element_type=\"section\" data-e-type=\"section\">\n\t\t\t\t\t\t<div class=\"elementor-container elementor-column-gap-extended\">\n\t\t\t\t\t<div class=\"elementor-column elementor-col-100 elementor-top-column elementor-element elementor-element-17cd7baa sc_inner_width_none sc_layouts_column_icons_position_left\" data-id=\"17cd7baa\" data-element_type=\"column\" data-e-type=\"column\">\n\t\t\t<div class=\"elementor-widget-wrap elementor-element-populated\">\n\t\t\t\t\t\t<div class=\"elementor-element elementor-element-6df128cf sc_fly_static elementor-widget elementor-widget-text-editor\" data-id=\"6df128cf\" data-element_type=\"widget\" data-e-type=\"widget\" data-widget_type=\"text-editor.default\">\n\t\t\t\t<div class=\"elementor-widget-container\">\n\t\t\t\t\t\t\t\t\t<h4><b>Segons El Real Decreto Llei 11\/2020 De 31 De Mar\u00e7.<\/b><b><\/b><\/h4>\n<ul>\n<li><b>VULNERABILITAT ECON\u00d2MICA: APLICACI\u00d3 AUTOM\u00c0TICA DE LA MORAT\u00d2RIA DEL DEUTE ARREND\u00c0TIC en cas de grans forquilles i empreses o entitats p\u00fabliques d&#8217;habitatge.<\/b><\/li>\n<\/ul>\n<p><b>Qui pot demanar l&#8217;ajornament del lloguer?<\/b><\/p>\n<ul>\n<li><span style=\"font-weight: 400;\">Les persones en cas de vulnerabilitat econ\u00f2mica deguda al coronavirus que,<\/span> <b><i>el mes anterior a la sol\u00b7licitud de l&#8217;ajornament passin a estar:<\/i><\/b><\/li>\n<li><span style=\"font-weight: 400;\">En situaci\u00f3 de desocupaci\u00f3.<\/span><\/li>\n<li><span style=\"font-weight: 400;\">Dins un ERT.<\/span><\/li>\n<li><span style=\"font-weight: 400;\">Hagen redu\u00eft la seva jornada per motiu de cura de persones grans o menors.<\/span><\/li>\n<\/ul>\n<p><span style=\"font-weight: 400;\">En cas de ser empresari, o altres circumst\u00e0ncies semblants, se sofreixin una p\u00e8rdua substancial d&#8217;ingressos.<\/span><\/p>\n<p><span style=\"font-weight: 400;\">La persona amb contracte d&#8217;habitatge habitual subscrit a l&#8217;empara de la Llei d&#8217;arrendaments urbans, que es trobe en situaci\u00f3 de vulnerabilitat econ\u00f2mica, ( vegeu art 5 reial decret) i el <\/span><span style=\"font-weight: 400;\">arrendador sigui una empresa o entitat p\u00fablica d&#8217;habitatge o una gran forquilla, entenent per tal la persona f\u00edsica o jur\u00eddica que sigui titular de m\u00e9s de deu immobles urbans<\/span><span style=\"font-weight: 400;\">, excloent garatges i trasters, o una superf\u00edcie constru\u00efda de m\u00e9s de 1.500 m2, <\/span><span style=\"font-weight: 400;\">en el termini d&#8217;un mes des de l&#8217;entrada en vigor d&#8217;aquest Reial decret llei<\/span><span style=\"font-weight: 400;\">:  <\/span><\/p>\n<h6><span style=\"font-weight: 400;\">L&#8217;arrendador, en el termini m\u00e0xim de 7 dies laborables, ha de comunicar alguna de les dues: <\/span><\/h6>\n<ol>\n<li style=\"font-weight: 400;\"><b>Una reducci\u00f3 del 50% de la renda arrendat\u00edcia durant el temps que duri l&#8217;estat d&#8217;alarma<\/b> <span style=\"font-weight: 400;\">, amb un m\u00e0xim de quatre mesos.<\/span> <\/li>\n<\/ol>\n<ul>\n<li><b><b> Una morat\u00f2ria en el pagament de la renda arrendat\u00edcia.<\/b><\/b>\n<\/p>\n<\/li>\n<li><b>SUSPENSI\u00d3 DEL PROCEDIMENT DE DESNONAMENT i dels llan\u00e7aments per a llars vulnerables sense alternativa habitacional.<\/b><\/li>\n<\/ul>\n<h6><b>Se suspenen<\/b><span style=\"font-weight: 400;\"> els procediments de desnonaments derivats dels contractes d&#8217;arrendament d&#8217;habitatge, a causa dels efectes derivats del COVID-19 pels quals la <\/span><span style=\"font-weight: 400;\">persona arrendat\u00e0ria es trobe en una situaci\u00f3 de vulnerabilitat social o econ\u00f2mica<\/span><span style=\"font-weight: 400;\"> sobrevinguda, per un termini m\u00e0xim de 6 mesos des de l&#8217;entrada en vigor d&#8217;aquest RD-llei al BOE, \u00e9s a dir, des del 2 d&#8217;abril fins al 2 d&#8217;octubre del 2020.<\/span><\/h6>\n<h3><b>Qui<\/b> <b>pot estar en situaci\u00f3 de vulnerabilitat econ\u00f2mica?<\/b><\/h3>\n<p><span style=\"font-weight: 400;\">En situaci\u00f3 d&#8217;atur, &#8211; Dins d&#8217;un ERTE, &#8211; hagin redu\u00eft la seva jornada per motiu de cura de persones grans o menors, &#8211; en cas de ser empresari, o altres circumst\u00e0ncies similars, es pateixin una p\u00e8rdua substancial d&#8217;ingressos, ADEMAS compleixin els requisits<\/span> <b>seg\u00fcents<\/b> <span style=\"font-weight: 400;\">:<\/span><\/p>\n<ul>\n<li style=\"list-style-type: none;\">\n<ul>\n<li style=\"font-weight: 400;\"><span style=\"font-weight: 400;\">No assoleixin en el conjunt dels ingressos dels membres de la unitat familiar*, amb car\u00e0cter general, el l\u00edmit de tres vegades l&#8217;Indicador P\u00fablic de Renda d&#8217;Efectes M\u00faltiples mensual (IPREM), que suposaria uns 1.614\u20ac al mes. Es podr\u00e0 incrementar 0,1 vegades l&#8217;IPREM per cada fill a c\u00e0rrec o major de 65 anys a la unitat familiar (0,15 si \u00e9s unitat familiar monoparental). Aquest l\u00edmit pujar\u00e0 quatre o cinc vegades l&#8217;IPREM si algun dels membres de la unitat familiar tingui declarada discapacitat superior al 33% o al 65%, respectivament.<\/span><\/li>\n<\/ul>\n<\/li>\n<\/ul>\n<ul>\n<li style=\"list-style-type: none;\">\n<ul>\n<li style=\"font-weight: 400;\"><span style=\"font-weight: 400;\">La renda del lloguer, m\u00e9s les despeses i els subministraments b\u00e0sics, sigui superior o igual al 35% dels ingressos nets que percebi el conjunt dels membres de la unitat familiar.<\/span><\/li>\n<\/ul>\n<\/li>\n<\/ul>\n<ul>\n<li style=\"list-style-type: none;\">\n<ul>\n<li style=\"font-weight: 400;\"><span style=\"font-weight: 400;\">Cap dels membres de la unitat familiar sigui propietari d&#8217;un habitatge o tingui en usdefruit un habitatge a Espanya.<\/span><\/li>\n<\/ul>\n<\/li>\n<\/ul>\n<h6><b><i>S&#8217;ent\u00e9n per UNITAT FAMILIAR: <\/i><\/b><i><span style=\"font-weight: 400;\">la composta per la persona que deu la renda arrendat\u00edcia, el seu c\u00f2njuge no separat legalment o parella de fet inscrita i els fills, amb independ\u00e8ncia de la seva edat, que resideixin a l&#8217;habitatge, incloent-hi els vinculats per una relaci\u00f3 de tutela, guarda o acolliment familiar i el c\u00f2njuge no separat legalment o parella de fet inscrita, que resideixin a l&#8217;habitatge.<\/span><\/i><\/h6>\n<ul>\n<li style=\"list-style-type: none;\">\n<ul>\n<li style=\"font-weight: 400;\"><b>No s&#8217;entendr\u00e0 que concorren els sup\u00f2sits de vulnerabilitat<\/b> <span style=\"font-weight: 400;\">econ\u00f2mica a conseq\u00fc\u00e8ncia de l&#8217;emerg\u00e8ncia sanit\u00e0ria ocasionada pel COVID-19:<\/span> <span style=\"font-weight: 400;\">arrendat\u00e0ria o qualsevol de les persones que componen la unitat familiar que habita aquella sigui propiet\u00e0ria o usufructu\u00e0ria d&#8217;algun habitatge a Espanya,<\/span> <i><i><span style=\"font-weight: 400;\">amb excepcions.<\/span><\/i><\/i>\n<\/p>\n<\/li>\n<\/ul>\n<\/li>\n<li><b>QUAN L&#8217;ARRENDADOR NO SIGUI grans forquilles i empreses o entitats p\u00fabliques d&#8217;habitatge (<\/b> <b>Art. 8).<\/b><\/li>\n<\/ul>\n<p><span style=\"font-weight: 400;\">La persona en situacions vulnerabilitat (art. 5) en el termini d&#8217;un mes des de l&#8217;entrada en vigor d&#8217;aquest Reial decret llei pot sol\u00b7licitar:<\/span><\/p>\n<ul>\n<li style=\"font-weight: 400;\"><b>Ajornament temporal i extraordinari en el pagament de la renda.<\/b><\/li>\n<\/ul>\n<p><span style=\"font-weight: 400;\">la persona arrendadora ha de comunicar les condicions d&#8217;ajornament o fraccionament del deute que accepta o les alternatives, en el termini m\u00e0xim de 7 dies laborables.<\/span><\/p>\n<h6><span style=\"font-weight: 400;\">Si la persona f\u00edsica arrendadora no accept\u00e9s cap acord, aquesta podr\u00e0 <strong>tenir<\/strong><\/span> <b>acc\u00e9s al programa d&#8217;AJUDES TRANSIT\u00d2RIES DE FINAN\u00c7AMENT regulades per l&#8217;article 9 Reial decret.<\/b><\/h6>\n<ul>\n<li style=\"font-weight: 400;\"><span style=\"font-weight: 400;\">S\u00f3n pr\u00e9stecs de les entitats banc\u00e0ries, avalats per l&#8217;ICO, a les persones que estiguin a la situaci\u00f3 de vulnerabilitat definida anteriorment. Els criteris i els requisits es complementaran a trav\u00e9s d&#8217;una Ordre del Ministeri de Transports, Mobilitat i Agenda Urbana.<\/span><\/li>\n<li style=\"font-weight: 400;\"><span style=\"font-weight: 400;\">Tenen un termini de devoluci\u00f3 de fins a sis anys, prorrogable excepcionalment per quatre m\u00e9s, i no suposa cap tipus de despeses i interessos per al sol\u00b7licitant.<\/span><\/li>\n<li style=\"font-weight: 400;\"><span style=\"font-weight: 400;\">Aquests ajuts s&#8217;han de dedicar al pagament de la renda de l&#8217;arrendament d&#8217;habitatge i es poden cobrir un import m\u00e0xim de sis mensualitats de renda.<\/span><\/li>\n<li style=\"font-weight: 400;\"><span style=\"font-weight: 400;\">Tamb\u00e9 podran demanar-la els llogaters de les grans forquilles<\/span><\/li>\n<li style=\"font-weight: 400;\"><b>PR\u00d2RROGA EXTRAORDIN\u00c0RIA DELS CONTRACTES D&#8217;ARRENDAMENT D&#8217;HABITATGE HABITUAL.<\/b><\/li>\n<\/ul>\n<p><span style=\"font-weight: 400;\">Als contractes d&#8217;arrendament d&#8217;habitatge habitual en qu\u00e8, dins del per\u00edode compr\u00e8s des de l&#8217;entrada en vigor d&#8217;aquest Reial decret llei fins al dia en qu\u00e8 hagin transcorregut dos mesos des de la finalitzaci\u00f3 de l&#8217;estat d&#8217;alarma, finalitzi el per\u00edode de pr\u00f2rroga obligat\u00f2ria previst a l&#8217;article o el per\u00edode de pr\u00f2rroga t\u00e0cita previst al <\/span><a href=\"https:\/\/2019.vlex.com\/vid\/127005\/node\/10.1\"><span style=\"font-weight: 400;\">article 10.1<\/span><\/a> <span style=\"font-weight: 400;\">de la<\/span> <a href=\"https:\/\/2019.vlex.com\/vid\/127005\"><span style=\"font-weight: 400;\">LAU<\/span><\/a> <span style=\"font-weight: 400;\">, podr\u00e0 aplicar-se,<\/span> <b>pr\u00e8via sol\u00b7licitud de l&#8217;arrendatari<\/b> <span style=\"font-weight: 400;\">, una<\/span> <b>pr\u00f2rroga extraordin\u00e0ria del termini del contracte per un per\u00edode m\u00e0xim de 6 mesos<\/b><span style=\"font-weight: 400;\">. Aquesta sol\u00b7licitud de pr\u00f2rroga extraordin\u00e0ria haur\u00e0 de ser <\/span><b>acceptada per l&#8217;arrendador<\/b> <span style=\"font-weight: 400;\">, llevat que es fixin altres termes o condicions per acord entre les parts.<\/span><\/p>\n\t\t\t\t\t\t\t\t<\/div>\n\t\t\t\t<\/div>\n\t\t\t\t\t<\/div>\n\t\t<\/div>\n\t\t\t\t\t<\/div>\n\t\t<\/section>\n\t\t\t\t<section class=\"elementor-section elementor-top-section elementor-element elementor-element-d897a35 elementor-section-boxed elementor-section-height-default elementor-section-height-default\" data-id=\"d897a35\" data-element_type=\"section\" data-e-type=\"section\">\n\t\t\t\t\t\t<div class=\"elementor-container elementor-column-gap-extended\">\n\t\t\t\t\t<div class=\"elementor-column elementor-col-100 elementor-top-column elementor-element elementor-element-5821f04 sc_inner_width_none sc_layouts_column_icons_position_left\" data-id=\"5821f04\" data-element_type=\"column\" data-e-type=\"column\">\n\t\t\t<div class=\"elementor-widget-wrap\">\n\t\t\t\t\t\t\t<\/div>\n\t\t<\/div>\n\t\t\t\t\t<\/div>\n\t\t<\/section>\n\t\t\t\t<\/div>\n\t\t","protected":false},"excerpt":{"rendered":"<p>Segons El Real Decreto Llei 11\/2020 De 31 De Mar\u00e7. VULNERABILITAT ECON\u00d2MICA: APLICACI\u00d3 AUTOM\u00c0TICA DE LA MORAT\u00d2RIA DEL DEUTE ARREND\u00c0TIC en cas de grans forquilles i empreses o entitats p\u00fabliques d&#8217;habitatge. Qui pot demanar l&#8217;ajornament del lloguer? Les persones en cas de vulnerabilitat econ\u00f2mica deguda al coronavirus que, el mes anterior a la sol\u00b7licitud de l&#8217;ajornament passin a estar: En situaci\u00f3 de desocupaci\u00f3. Dins un ERT. Hagen redu\u00eft la seva jornada per motiu de cura de persones grans o menors.&hellip;<\/p>\n","protected":false},"author":1,"featured_media":8194,"comment_status":"closed","ping_status":"open","sticky":false,"template":"","format":"standard","meta":{"_monsterinsights_skip_tracking":false,"_monsterinsights_sitenote_active":false,"_monsterinsights_sitenote_note":"","_monsterinsights_sitenote_category":0,"_joinchat":[],"footnotes":""},"categories":[505,503,476,462,499,504],"tags":[],"class_list":["post-10356","post","type-post","status-publish","format-standard","has-post-thumbnail","hentry","category-ajuts","category-coronavirus-ca","category-familia-ca","category-noticies-i-actualitat","category-reial-decret","category-subsidi"],"yoast_head":"<!-- This site is optimized with the Yoast SEO plugin v26.8 - https:\/\/yoast.com\/product\/yoast-seo-wordpress\/ -->\n<title>Qu\u00e8 \u00e9s la vulnerabilitat econ\u00f2mica - Martinez Caballero Advocats<\/title>\n<meta name=\"description\" content=\"Qu\u00e8 \u00e9s la vulnerabilitat econ\u00f2mica i quines s\u00f3n les mesures adre\u00e7ades a fam\u00edlies i col\u00b7lectius afectats per aquesta. T&#039;ho expliquem aqu\u00ed a M&amp;C\" \/>\n<meta name=\"robots\" content=\"index, follow, max-snippet:-1, max-image-preview:large, max-video-preview:-1\" \/>\n<link rel=\"canonical\" href=\"https:\/\/martinezcaballeroabogados.com\/ca\/vulnerabilitat-economica-mesures-dirigides-a-families-i-col%c2%b7lectius-vulnerables\/\" \/>\n<meta property=\"og:locale\" content=\"ca_ES\" \/>\n<meta property=\"og:type\" content=\"article\" \/>\n<meta property=\"og:title\" content=\"Qu\u00e8 \u00e9s la vulnerabilitat econ\u00f2mica - Martinez Caballero Advocats\" \/>\n<meta property=\"og:description\" content=\"Qu\u00e8 \u00e9s la vulnerabilitat econ\u00f2mica i quines s\u00f3n les mesures adre\u00e7ades a fam\u00edlies i col\u00b7lectius afectats per aquesta. T&#039;ho expliquem aqu\u00ed a M&amp;C\" \/>\n<meta property=\"og:url\" content=\"https:\/\/martinezcaballeroabogados.com\/ca\/vulnerabilitat-economica-mesures-dirigides-a-families-i-col%c2%b7lectius-vulnerables\/\" \/>\n<meta property=\"og:site_name\" content=\"Martinez Caballero Advocats\" \/>\n<meta property=\"article:publisher\" content=\"https:\/\/www.facebook.com\/martinezcaballeroabogados\/\" \/>\n<meta property=\"article:published_time\" content=\"2020-09-11T19:51:05+00:00\" \/>\n<meta property=\"article:modified_time\" content=\"2023-07-14T08:22:09+00:00\" \/>\n<meta property=\"og:image\" content=\"https:\/\/martinezcaballeroabogados.com\/wp-content\/uploads\/2020\/09\/vulnerabilidad-economica-medidas-para-familias-vulnerables.webp\" \/>\n\t<meta property=\"og:image:width\" content=\"1980\" \/>\n\t<meta property=\"og:image:height\" content=\"1321\" \/>\n\t<meta property=\"og:image:type\" content=\"image\/webp\" \/>\n<meta name=\"author\" content=\"martinez-admin\" \/>\n<meta name=\"twitter:card\" content=\"summary_large_image\" \/>\n<meta name=\"twitter:creator\" content=\"@MC_abogados_\" \/>\n<meta name=\"twitter:site\" content=\"@MC_abogados_\" \/>\n<meta name=\"twitter:label1\" content=\"Escrit per\" \/>\n\t<meta name=\"twitter:data1\" content=\"martinez-admin\" \/>\n\t<meta name=\"twitter:label2\" content=\"Temps estimat de lectura\" \/>\n\t<meta name=\"twitter:data2\" content=\"5 minuts\" \/>\n<script type=\"application\/ld+json\" class=\"yoast-schema-graph\">{\"@context\":\"https:\/\/schema.org\",\"@graph\":[{\"@type\":\"Article\",\"@id\":\"https:\/\/martinezcaballeroabogados.com\/ca\/vulnerabilitat-economica-mesures-dirigides-a-families-i-col%c2%b7lectius-vulnerables\/#article\",\"isPartOf\":{\"@id\":\"https:\/\/martinezcaballeroabogados.com\/ca\/vulnerabilitat-economica-mesures-dirigides-a-families-i-col%c2%b7lectius-vulnerables\/\"},\"author\":{\"name\":\"martinez-admin\",\"@id\":\"https:\/\/martinezcaballeroabogados.com\/ca\/#\/schema\/person\/ee5a2bfe30c40c7af67cac2f7f0836d3\"},\"headline\":\"VULNERABILITAT ECON\u00d2MICA, MESURES DIRIGIDES A FAM\u00cdLIES I COL\u00b7LECTIUS VULNERABLES\",\"datePublished\":\"2020-09-11T19:51:05+00:00\",\"dateModified\":\"2023-07-14T08:22:09+00:00\",\"mainEntityOfPage\":{\"@id\":\"https:\/\/martinezcaballeroabogados.com\/ca\/vulnerabilitat-economica-mesures-dirigides-a-families-i-col%c2%b7lectius-vulnerables\/\"},\"wordCount\":981,\"publisher\":{\"@id\":\"https:\/\/martinezcaballeroabogados.com\/ca\/#organization\"},\"image\":{\"@id\":\"https:\/\/martinezcaballeroabogados.com\/ca\/vulnerabilitat-economica-mesures-dirigides-a-families-i-col%c2%b7lectius-vulnerables\/#primaryimage\"},\"thumbnailUrl\":\"https:\/\/martinezcaballeroabogados.com\/wp-content\/uploads\/2020\/09\/vulnerabilidad-economica-medidas-para-familias-vulnerables.webp\",\"articleSection\":[\"Ajuts\",\"Coronavirus\",\"Fam\u00edlia\",\"Not\u00edcies i Actualitat\",\"Reial decret\",\"Subsidi\"],\"inLanguage\":\"ca\"},{\"@type\":\"WebPage\",\"@id\":\"https:\/\/martinezcaballeroabogados.com\/ca\/vulnerabilitat-economica-mesures-dirigides-a-families-i-col%c2%b7lectius-vulnerables\/\",\"url\":\"https:\/\/martinezcaballeroabogados.com\/ca\/vulnerabilitat-economica-mesures-dirigides-a-families-i-col%c2%b7lectius-vulnerables\/\",\"name\":\"Qu\u00e8 \u00e9s la vulnerabilitat econ\u00f2mica - Martinez Caballero Advocats\",\"isPartOf\":{\"@id\":\"https:\/\/martinezcaballeroabogados.com\/ca\/#website\"},\"primaryImageOfPage\":{\"@id\":\"https:\/\/martinezcaballeroabogados.com\/ca\/vulnerabilitat-economica-mesures-dirigides-a-families-i-col%c2%b7lectius-vulnerables\/#primaryimage\"},\"image\":{\"@id\":\"https:\/\/martinezcaballeroabogados.com\/ca\/vulnerabilitat-economica-mesures-dirigides-a-families-i-col%c2%b7lectius-vulnerables\/#primaryimage\"},\"thumbnailUrl\":\"https:\/\/martinezcaballeroabogados.com\/wp-content\/uploads\/2020\/09\/vulnerabilidad-economica-medidas-para-familias-vulnerables.webp\",\"datePublished\":\"2020-09-11T19:51:05+00:00\",\"dateModified\":\"2023-07-14T08:22:09+00:00\",\"description\":\"Qu\u00e8 \u00e9s la vulnerabilitat econ\u00f2mica i quines s\u00f3n les mesures adre\u00e7ades a fam\u00edlies i col\u00b7lectius afectats per aquesta. T'ho expliquem aqu\u00ed a M&C\",\"breadcrumb\":{\"@id\":\"https:\/\/martinezcaballeroabogados.com\/ca\/vulnerabilitat-economica-mesures-dirigides-a-families-i-col%c2%b7lectius-vulnerables\/#breadcrumb\"},\"inLanguage\":\"ca\",\"potentialAction\":[{\"@type\":\"ReadAction\",\"target\":[\"https:\/\/martinezcaballeroabogados.com\/ca\/vulnerabilitat-economica-mesures-dirigides-a-families-i-col%c2%b7lectius-vulnerables\/\"]}]},{\"@type\":\"ImageObject\",\"inLanguage\":\"ca\",\"@id\":\"https:\/\/martinezcaballeroabogados.com\/ca\/vulnerabilitat-economica-mesures-dirigides-a-families-i-col%c2%b7lectius-vulnerables\/#primaryimage\",\"url\":\"https:\/\/martinezcaballeroabogados.com\/wp-content\/uploads\/2020\/09\/vulnerabilidad-economica-medidas-para-familias-vulnerables.webp\",\"contentUrl\":\"https:\/\/martinezcaballeroabogados.com\/wp-content\/uploads\/2020\/09\/vulnerabilidad-economica-medidas-para-familias-vulnerables.webp\",\"width\":1980,\"height\":1321,\"caption\":\"Dona desesperada pels seus deutes\"},{\"@type\":\"BreadcrumbList\",\"@id\":\"https:\/\/martinezcaballeroabogados.com\/ca\/vulnerabilitat-economica-mesures-dirigides-a-families-i-col%c2%b7lectius-vulnerables\/#breadcrumb\",\"itemListElement\":[{\"@type\":\"ListItem\",\"position\":1,\"name\":\"Portada\",\"item\":\"https:\/\/martinezcaballeroabogados.com\/ca\/advocats-a-barcelona\/\"},{\"@type\":\"ListItem\",\"position\":2,\"name\":\"VULNERABILITAT ECON\u00d2MICA, MESURES DIRIGIDES A FAM\u00cdLIES I COL\u00b7LECTIUS VULNERABLES\"}]},{\"@type\":\"WebSite\",\"@id\":\"https:\/\/martinezcaballeroabogados.com\/ca\/#website\",\"url\":\"https:\/\/martinezcaballeroabogados.com\/ca\/\",\"name\":\"Martinez & Caballero Abogados\",\"description\":\"Advocats Integrals a Barcelona\",\"publisher\":{\"@id\":\"https:\/\/martinezcaballeroabogados.com\/ca\/#organization\"},\"potentialAction\":[{\"@type\":\"SearchAction\",\"target\":{\"@type\":\"EntryPoint\",\"urlTemplate\":\"https:\/\/martinezcaballeroabogados.com\/ca\/?s={search_term_string}\"},\"query-input\":{\"@type\":\"PropertyValueSpecification\",\"valueRequired\":true,\"valueName\":\"search_term_string\"}}],\"inLanguage\":\"ca\"},{\"@type\":\"Organization\",\"@id\":\"https:\/\/martinezcaballeroabogados.com\/ca\/#organization\",\"name\":\"Martinez & Caballero Abogados\",\"url\":\"https:\/\/martinezcaballeroabogados.com\/ca\/\",\"logo\":{\"@type\":\"ImageObject\",\"inLanguage\":\"ca\",\"@id\":\"https:\/\/martinezcaballeroabogados.com\/ca\/#\/schema\/logo\/image\/\",\"url\":\"https:\/\/martinezcaballeroabogados.com\/wp-content\/uploads\/2020\/02\/cropped-cropped-logo-mc-abogados-web-1-e1497812507401-1.png\",\"contentUrl\":\"https:\/\/martinezcaballeroabogados.com\/wp-content\/uploads\/2020\/02\/cropped-cropped-logo-mc-abogados-web-1-e1497812507401-1.png\",\"width\":300,\"height\":150,\"caption\":\"Martinez & Caballero Abogados\"},\"image\":{\"@id\":\"https:\/\/martinezcaballeroabogados.com\/ca\/#\/schema\/logo\/image\/\"},\"sameAs\":[\"https:\/\/www.facebook.com\/martinezcaballeroabogados\/\",\"https:\/\/x.com\/MC_abogados_\",\"https:\/\/www.instagram.com\/extranjeriabarcelonaabogados\/\"]},{\"@type\":\"Person\",\"@id\":\"https:\/\/martinezcaballeroabogados.com\/ca\/#\/schema\/person\/ee5a2bfe30c40c7af67cac2f7f0836d3\",\"name\":\"martinez-admin\",\"image\":{\"@type\":\"ImageObject\",\"inLanguage\":\"ca\",\"@id\":\"https:\/\/martinezcaballeroabogados.com\/ca\/#\/schema\/person\/image\/\",\"url\":\"https:\/\/secure.gravatar.com\/avatar\/e75c4c04fb977670e5006b7e6fc3f34d?s=96&d=mm&r=g\",\"contentUrl\":\"https:\/\/secure.gravatar.com\/avatar\/e75c4c04fb977670e5006b7e6fc3f34d?s=96&d=mm&r=g\",\"caption\":\"martinez-admin\"}}]}<\/script>\n<!-- \/ Yoast SEO plugin. -->","yoast_head_json":{"title":"Qu\u00e8 \u00e9s la vulnerabilitat econ\u00f2mica - Martinez Caballero Advocats","description":"Qu\u00e8 \u00e9s la vulnerabilitat econ\u00f2mica i quines s\u00f3n les mesures adre\u00e7ades a fam\u00edlies i col\u00b7lectius afectats per aquesta. T'ho expliquem aqu\u00ed a M&C","robots":{"index":"index","follow":"follow","max-snippet":"max-snippet:-1","max-image-preview":"max-image-preview:large","max-video-preview":"max-video-preview:-1"},"canonical":"https:\/\/martinezcaballeroabogados.com\/ca\/vulnerabilitat-economica-mesures-dirigides-a-families-i-col%c2%b7lectius-vulnerables\/","og_locale":"ca_ES","og_type":"article","og_title":"Qu\u00e8 \u00e9s la vulnerabilitat econ\u00f2mica - Martinez Caballero Advocats","og_description":"Qu\u00e8 \u00e9s la vulnerabilitat econ\u00f2mica i quines s\u00f3n les mesures adre\u00e7ades a fam\u00edlies i col\u00b7lectius afectats per aquesta. T'ho expliquem aqu\u00ed a M&C","og_url":"https:\/\/martinezcaballeroabogados.com\/ca\/vulnerabilitat-economica-mesures-dirigides-a-families-i-col%c2%b7lectius-vulnerables\/","og_site_name":"Martinez Caballero Advocats","article_publisher":"https:\/\/www.facebook.com\/martinezcaballeroabogados\/","article_published_time":"2020-09-11T19:51:05+00:00","article_modified_time":"2023-07-14T08:22:09+00:00","og_image":[{"width":1980,"height":1321,"url":"https:\/\/martinezcaballeroabogados.com\/wp-content\/uploads\/2020\/09\/vulnerabilidad-economica-medidas-para-familias-vulnerables.webp","type":"image\/webp"}],"author":"martinez-admin","twitter_card":"summary_large_image","twitter_creator":"@MC_abogados_","twitter_site":"@MC_abogados_","twitter_misc":{"Escrit per":"martinez-admin","Temps estimat de lectura":"5 minuts"},"schema":{"@context":"https:\/\/schema.org","@graph":[{"@type":"Article","@id":"https:\/\/martinezcaballeroabogados.com\/ca\/vulnerabilitat-economica-mesures-dirigides-a-families-i-col%c2%b7lectius-vulnerables\/#article","isPartOf":{"@id":"https:\/\/martinezcaballeroabogados.com\/ca\/vulnerabilitat-economica-mesures-dirigides-a-families-i-col%c2%b7lectius-vulnerables\/"},"author":{"name":"martinez-admin","@id":"https:\/\/martinezcaballeroabogados.com\/ca\/#\/schema\/person\/ee5a2bfe30c40c7af67cac2f7f0836d3"},"headline":"VULNERABILITAT ECON\u00d2MICA, MESURES DIRIGIDES A FAM\u00cdLIES I COL\u00b7LECTIUS VULNERABLES","datePublished":"2020-09-11T19:51:05+00:00","dateModified":"2023-07-14T08:22:09+00:00","mainEntityOfPage":{"@id":"https:\/\/martinezcaballeroabogados.com\/ca\/vulnerabilitat-economica-mesures-dirigides-a-families-i-col%c2%b7lectius-vulnerables\/"},"wordCount":981,"publisher":{"@id":"https:\/\/martinezcaballeroabogados.com\/ca\/#organization"},"image":{"@id":"https:\/\/martinezcaballeroabogados.com\/ca\/vulnerabilitat-economica-mesures-dirigides-a-families-i-col%c2%b7lectius-vulnerables\/#primaryimage"},"thumbnailUrl":"https:\/\/martinezcaballeroabogados.com\/wp-content\/uploads\/2020\/09\/vulnerabilidad-economica-medidas-para-familias-vulnerables.webp","articleSection":["Ajuts","Coronavirus","Fam\u00edlia","Not\u00edcies i Actualitat","Reial decret","Subsidi"],"inLanguage":"ca"},{"@type":"WebPage","@id":"https:\/\/martinezcaballeroabogados.com\/ca\/vulnerabilitat-economica-mesures-dirigides-a-families-i-col%c2%b7lectius-vulnerables\/","url":"https:\/\/martinezcaballeroabogados.com\/ca\/vulnerabilitat-economica-mesures-dirigides-a-families-i-col%c2%b7lectius-vulnerables\/","name":"Qu\u00e8 \u00e9s la vulnerabilitat econ\u00f2mica - Martinez Caballero Advocats","isPartOf":{"@id":"https:\/\/martinezcaballeroabogados.com\/ca\/#website"},"primaryImageOfPage":{"@id":"https:\/\/martinezcaballeroabogados.com\/ca\/vulnerabilitat-economica-mesures-dirigides-a-families-i-col%c2%b7lectius-vulnerables\/#primaryimage"},"image":{"@id":"https:\/\/martinezcaballeroabogados.com\/ca\/vulnerabilitat-economica-mesures-dirigides-a-families-i-col%c2%b7lectius-vulnerables\/#primaryimage"},"thumbnailUrl":"https:\/\/martinezcaballeroabogados.com\/wp-content\/uploads\/2020\/09\/vulnerabilidad-economica-medidas-para-familias-vulnerables.webp","datePublished":"2020-09-11T19:51:05+00:00","dateModified":"2023-07-14T08:22:09+00:00","description":"Qu\u00e8 \u00e9s la vulnerabilitat econ\u00f2mica i quines s\u00f3n les mesures adre\u00e7ades a fam\u00edlies i col\u00b7lectius afectats per aquesta. T'ho expliquem aqu\u00ed a M&C","breadcrumb":{"@id":"https:\/\/martinezcaballeroabogados.com\/ca\/vulnerabilitat-economica-mesures-dirigides-a-families-i-col%c2%b7lectius-vulnerables\/#breadcrumb"},"inLanguage":"ca","potentialAction":[{"@type":"ReadAction","target":["https:\/\/martinezcaballeroabogados.com\/ca\/vulnerabilitat-economica-mesures-dirigides-a-families-i-col%c2%b7lectius-vulnerables\/"]}]},{"@type":"ImageObject","inLanguage":"ca","@id":"https:\/\/martinezcaballeroabogados.com\/ca\/vulnerabilitat-economica-mesures-dirigides-a-families-i-col%c2%b7lectius-vulnerables\/#primaryimage","url":"https:\/\/martinezcaballeroabogados.com\/wp-content\/uploads\/2020\/09\/vulnerabilidad-economica-medidas-para-familias-vulnerables.webp","contentUrl":"https:\/\/martinezcaballeroabogados.com\/wp-content\/uploads\/2020\/09\/vulnerabilidad-economica-medidas-para-familias-vulnerables.webp","width":1980,"height":1321,"caption":"Dona desesperada pels seus deutes"},{"@type":"BreadcrumbList","@id":"https:\/\/martinezcaballeroabogados.com\/ca\/vulnerabilitat-economica-mesures-dirigides-a-families-i-col%c2%b7lectius-vulnerables\/#breadcrumb","itemListElement":[{"@type":"ListItem","position":1,"name":"Portada","item":"https:\/\/martinezcaballeroabogados.com\/ca\/advocats-a-barcelona\/"},{"@type":"ListItem","position":2,"name":"VULNERABILITAT ECON\u00d2MICA, MESURES DIRIGIDES A FAM\u00cdLIES I COL\u00b7LECTIUS VULNERABLES"}]},{"@type":"WebSite","@id":"https:\/\/martinezcaballeroabogados.com\/ca\/#website","url":"https:\/\/martinezcaballeroabogados.com\/ca\/","name":"Martinez & Caballero Abogados","description":"Advocats Integrals a Barcelona","publisher":{"@id":"https:\/\/martinezcaballeroabogados.com\/ca\/#organization"},"potentialAction":[{"@type":"SearchAction","target":{"@type":"EntryPoint","urlTemplate":"https:\/\/martinezcaballeroabogados.com\/ca\/?s={search_term_string}"},"query-input":{"@type":"PropertyValueSpecification","valueRequired":true,"valueName":"search_term_string"}}],"inLanguage":"ca"},{"@type":"Organization","@id":"https:\/\/martinezcaballeroabogados.com\/ca\/#organization","name":"Martinez & Caballero Abogados","url":"https:\/\/martinezcaballeroabogados.com\/ca\/","logo":{"@type":"ImageObject","inLanguage":"ca","@id":"https:\/\/martinezcaballeroabogados.com\/ca\/#\/schema\/logo\/image\/","url":"https:\/\/martinezcaballeroabogados.com\/wp-content\/uploads\/2020\/02\/cropped-cropped-logo-mc-abogados-web-1-e1497812507401-1.png","contentUrl":"https:\/\/martinezcaballeroabogados.com\/wp-content\/uploads\/2020\/02\/cropped-cropped-logo-mc-abogados-web-1-e1497812507401-1.png","width":300,"height":150,"caption":"Martinez & Caballero Abogados"},"image":{"@id":"https:\/\/martinezcaballeroabogados.com\/ca\/#\/schema\/logo\/image\/"},"sameAs":["https:\/\/www.facebook.com\/martinezcaballeroabogados\/","https:\/\/x.com\/MC_abogados_","https:\/\/www.instagram.com\/extranjeriabarcelonaabogados\/"]},{"@type":"Person","@id":"https:\/\/martinezcaballeroabogados.com\/ca\/#\/schema\/person\/ee5a2bfe30c40c7af67cac2f7f0836d3","name":"martinez-admin","image":{"@type":"ImageObject","inLanguage":"ca","@id":"https:\/\/martinezcaballeroabogados.com\/ca\/#\/schema\/person\/image\/","url":"https:\/\/secure.gravatar.com\/avatar\/e75c4c04fb977670e5006b7e6fc3f34d?s=96&d=mm&r=g","contentUrl":"https:\/\/secure.gravatar.com\/avatar\/e75c4c04fb977670e5006b7e6fc3f34d?s=96&d=mm&r=g","caption":"martinez-admin"}}]}},"_links":{"self":[{"href":"https:\/\/martinezcaballeroabogados.com\/ca\/wp-json\/wp\/v2\/posts\/10356","targetHints":{"allow":["GET"]}}],"collection":[{"href":"https:\/\/martinezcaballeroabogados.com\/ca\/wp-json\/wp\/v2\/posts"}],"about":[{"href":"https:\/\/martinezcaballeroabogados.com\/ca\/wp-json\/wp\/v2\/types\/post"}],"author":[{"embeddable":true,"href":"https:\/\/martinezcaballeroabogados.com\/ca\/wp-json\/wp\/v2\/users\/1"}],"replies":[{"embeddable":true,"href":"https:\/\/martinezcaballeroabogados.com\/ca\/wp-json\/wp\/v2\/comments?post=10356"}],"version-history":[{"count":1,"href":"https:\/\/martinezcaballeroabogados.com\/ca\/wp-json\/wp\/v2\/posts\/10356\/revisions"}],"predecessor-version":[{"id":10357,"href":"https:\/\/martinezcaballeroabogados.com\/ca\/wp-json\/wp\/v2\/posts\/10356\/revisions\/10357"}],"wp:featuredmedia":[{"embeddable":true,"href":"https:\/\/martinezcaballeroabogados.com\/ca\/wp-json\/wp\/v2\/media\/8194"}],"wp:attachment":[{"href":"https:\/\/martinezcaballeroabogados.com\/ca\/wp-json\/wp\/v2\/media?parent=10356"}],"wp:term":[{"taxonomy":"category","embeddable":true,"href":"https:\/\/martinezcaballeroabogados.com\/ca\/wp-json\/wp\/v2\/categories?post=10356"},{"taxonomy":"post_tag","embeddable":true,"href":"https:\/\/martinezcaballeroabogados.com\/ca\/wp-json\/wp\/v2\/tags?post=10356"}],"curies":[{"name":"wp","href":"https:\/\/api.w.org\/{rel}","templated":true}]}}