{"id":10308,"date":"2020-12-21T07:00:00","date_gmt":"2020-12-21T07:00:00","guid":{"rendered":"https:\/\/martinezcaballeroabogados.com\/els-drons-aspectes-clau-del-seu-us\/"},"modified":"2023-07-14T08:22:27","modified_gmt":"2023-07-14T08:22:27","slug":"els-drons-aspectes-clau-del-seu-us","status":"publish","type":"post","link":"https:\/\/martinezcaballeroabogados.com\/ca\/els-drons-aspectes-clau-del-seu-us\/","title":{"rendered":"ELS DRONS. ASPECTES CLAU DEL SEU \u00daS."},"content":{"rendered":"\t\t<div data-elementor-type=\"wp-post\" data-elementor-id=\"10308\" class=\"elementor elementor-10308 elementor-4066\" data-elementor-post-type=\"post\">\n\t\t\t\t\t\t<section class=\"elementor-section elementor-top-section elementor-element elementor-element-c0c2076 elementor-section-boxed elementor-section-height-default elementor-section-height-default\" data-id=\"c0c2076\" data-element_type=\"section\" data-e-type=\"section\">\n\t\t\t\t\t\t<div class=\"elementor-container elementor-column-gap-extended\">\n\t\t\t\t\t<div class=\"elementor-column elementor-col-100 elementor-top-column elementor-element elementor-element-17cd7baa sc_inner_width_none sc_layouts_column_icons_position_left\" data-id=\"17cd7baa\" data-element_type=\"column\" data-e-type=\"column\">\n\t\t\t<div class=\"elementor-widget-wrap elementor-element-populated\">\n\t\t\t\t\t\t<div class=\"elementor-element elementor-element-6df128cf sc_fly_static elementor-widget elementor-widget-text-editor\" data-id=\"6df128cf\" data-element_type=\"widget\" data-e-type=\"widget\" data-widget_type=\"text-editor.default\">\n\t\t\t\t<div class=\"elementor-widget-container\">\n\t\t\t\t\t\t\t\t\t<p><span style=\"font-weight: 400;\">S&#8217;ent\u00e9n per drone aquell vehicle aeri no tripulat capa\u00e7 de tenir un vol controlat i de forma sostinguda. Els drones tenen un gran potencial i s\u00f3n capa\u00e7os de despla\u00e7ar-se molt r\u00e0pidament sobre diversos tipus de terreny, fins i tot per esquivar algun obstacle. El control dun dron permet que aconsegueixis imatges fascinants. En els darrers anys, el m\u00f3n dels drones ha crescut de forma exponencial. <\/span><\/p>\n<\/p>\n<p><b>NORMATIVA REGULADORA ACTUAL I PROBLEM\u00c0TICA ANTERIOR<\/b><\/p>\n<p><span style=\"font-weight: 400;\">L&#8217;Ag\u00e8ncia Estatal de Seguretat A\u00e8ria (AESA) regula l&#8217;\u00fas dels drones. La norma que el recolza \u00e9s el Reial decret 1036\/2017, de 15 de desembre (que modifica l&#8217;anterior Reial decret 552\/2014, de 27 de juny).<\/span><\/p>\n<p><span style=\"font-weight: 400;\">La normativa anterior era molt estricta ja que nom\u00e9s regulava el vol de drones amb fins professionals (per exemple, per a investigacions) i no tenia en consideraci\u00f3 els vols recreatius. Aix\u00ed mateix, tampoc no s&#8217;havia pres en consideraci\u00f3 regular en quins escenaris era possible fer-los servir. Aquests defectes o llacunes a la normativa provocaven molts problemes a la pr\u00e0ctica i va abocar cap a la nova normativa actual.<\/span><\/p>\n<\/p>\n<p><b>LA NOVA NORMATIVA. Q\u00dcESTIONS QUE DESTACAR <\/b><\/p>\n<ul>\n<li style=\"font-weight: 400;\" aria-level=\"1\"><span style=\"font-weight: 400;\">S&#8217;amplien les possibilitats de vol professional, sobretot el vol a zones urbanes o realitzats a la nit. Aquests vols han de tenir una autoritzaci\u00f3 expressa de l&#8217;Ag\u00e8ncia Estatal de Seguretat A\u00e8ria. <\/span><\/li>\n<li style=\"font-weight: 400;\" aria-level=\"1\"><span style=\"font-weight: 400;\">Als vols nocturns, el dron haur\u00e0 de comptar amb algun element reflector: pintura, bandes o llums.<\/span><\/li>\n<li style=\"font-weight: 400;\" aria-level=\"1\"><span style=\"font-weight: 400;\">Es regulen tamb\u00e9 les limitacions per a vol recreatiu de drones a Espanya.<\/span><\/li>\n<\/ul>\n<p><b>REQUISITS PER A L&#8217;\u00daS DE DRONS RECREATIUS A ESPANYA<\/b><\/p>\n<ol>\n<li style=\"font-weight: 400;\" aria-level=\"1\"><span style=\"font-weight: 400;\">El dron sempre a l&#8217;abast visual del pilot.<\/span><\/li>\n<li style=\"font-weight: 400;\" aria-level=\"1\"><span style=\"font-weight: 400;\">No ha de sobrepassar mai els 120 m d&#8217;al\u00e7ada en vol.<\/span><\/li>\n<li style=\"font-weight: 400;\" aria-level=\"1\"><span style=\"font-weight: 400;\">Est\u00e0 prohibit volar un m\u00ednim de 8 km de qualsevol aeroport, aer\u00f2drom o espai aeri controlat.<\/span><\/li>\n<li style=\"font-weight: 400;\" aria-level=\"1\"><span style=\"font-weight: 400;\">No \u00e9s obligat\u00f2ria l&#8217;asseguran\u00e7a de responsabilitat civil, per\u00f2 \u00e9s molt recomanable tenir-ne una, at\u00e8s que el pilot ser\u00e0 el responsable dels possibles danys que causi l&#8217;aeronau.<\/span><\/li>\n<li style=\"font-weight: 400;\" aria-level=\"1\"><span style=\"font-weight: 400;\">El dron haur\u00e0 de portar una placa identificativa amb el nom del fabricant, el model, el n\u00famero de s\u00e8rie (si escau) i les dades de contacte del pilot.<\/span><\/li>\n<li style=\"font-weight: 400;\" aria-level=\"1\"><span style=\"font-weight: 400;\">Cal protegir el dret a la intimitat dels individus que poguessin apar\u00e8ixer a les imatges captades pel dron, i tenir especial cura amb la seva divulgaci\u00f3 p\u00fablica per no vulnerar la Llei de Protecci\u00f3 de Dades (especial atenci\u00f3 al Dret a l&#8217;Honor ia la intimitat)<\/span><\/li>\n<\/ol>\n<p><b>NORMATIVA PER A DRONS DE MENYS DE 250 GRAMS<\/b><\/p>\n<p><span style=\"font-weight: 400;\">Com m\u00e9s baix \u00e9s el pes del dron, la legislaci\u00f3 \u00e9s m\u00e9s permissiva. Ara b\u00e9, tamb\u00e9 hi ha una s\u00e8rie de requisits per volar aquest tipus de dron. <\/span><\/p>\n<ol>\n<li style=\"font-weight: 400;\" aria-level=\"1\"><span style=\"font-weight: 400;\">Es permet volar el dron fins a 20 metres d&#8217;al\u00e7ada del terra sobre aglomeracions de persones, zones urbanes o edificis.<\/span><\/li>\n<li style=\"font-weight: 400;\" aria-level=\"1\"><span style=\"font-weight: 400;\">Est\u00e0 prohibit volar-lo a Parcs Nacionals, aix\u00ed com espais naturals protegits.<\/span><\/li>\n<li style=\"font-weight: 400;\" aria-level=\"1\"><span style=\"font-weight: 400;\">Prohibit volar-ho en un radi de 8 km de qualsevol aeroport, aer\u00f2drom o altres espais aeris controlats.<\/span><\/li>\n<li style=\"font-weight: 400;\" aria-level=\"1\"><span style=\"font-weight: 400;\">En cas que el dron porti c\u00e0mera, haur\u00e0s d&#8217;atendre el que estableix la Llei de protecci\u00f3 de dades i el dret a l&#8217;honor i la intimitat de les persones, perqu\u00e8 no la vulneris.<\/span><\/li>\n<li style=\"font-weight: 400;\" aria-level=\"1\"><span style=\"font-weight: 400;\">Has d&#8217;identificar-ho: Fabricant, tipus de dron, model, n\u00famero de s\u00e8rie, nom del pilot i dades de contacte.<\/span><\/li>\n<\/ol>\n<p><b>NECESSITO LLIC\u00c8NCIA PER VOLAR UN DRON A ESPANYA?<\/b><\/p>\n<p><span style=\"font-weight: 400;\">En aquest cas cal diferenciar entre si es tracta de volar drones per a \u00fas professional o per a \u00fas recreatiu.<\/span><\/p>\n<ul>\n<li style=\"font-weight: 400;\" aria-level=\"1\"><span style=\"font-weight: 400;\">Per volar drones de manera professional, \u00e9s obligatori tenir llic\u00e8ncia de drones; a m\u00e9s d&#8217;estar donat d&#8217;alta com a operador de drones davant de l&#8217;Ag\u00e8ncia Estatal de Seguretat A\u00e8ria (AESA). Cal afegir que ser\u00e0 obligatori estar en possessi\u00f3 d&#8217;un certificat m\u00e8dic per a llic\u00e8ncia de pilot d&#8217;aeronau lleugera per a drones fins a 25 kg, i un certificat m\u00e8dic per a drones de m\u00e9s categoria (pes m\u00e9s gran de 25 kg).<\/span><\/li>\n<li style=\"font-weight: 400;\" aria-level=\"1\"><span style=\"font-weight: 400;\">Tot i aix\u00f2, per als vols de drones d&#8217;\u00fas recreatiu, nom\u00e9s cal tenir els coneixements per pilotar l&#8217;aeronau amb seguretat. Es considera dron recreatiu el que pesa com a m\u00e0xim 2 kg. Ara b\u00e9, cal una habilitaci\u00f3 especial aprovada per l&#8217;Ag\u00e8ncia Estatal de Seguretat A\u00e8ria.<\/span><\/li>\n<\/ul>\n<p><b>NOVETATS A LA LEGISLACI\u00d3 ESPANYOLA PER A 2021<\/b><\/p>\n<p><span style=\"font-weight: 400;\">S&#8217;est\u00e0 remenant la idea de cara al 2021 de crear tres categories per regular les restriccions de vol. <\/span><\/p>\n<ul>\n<li style=\"font-weight: 400;\" aria-level=\"1\"><span style=\"font-weight: 400;\">Categoria oberta, on s&#8217;englobarien els vols de baix risc operats per pilots aficionats.<\/span><\/li>\n<li style=\"font-weight: 400;\" aria-level=\"1\"><span style=\"font-weight: 400;\">Categoria espec\u00edfica, per a les operacions de risc mitj\u00e0 que requereixen autoritzaci\u00f3.<\/span><\/li>\n<li style=\"font-weight: 400;\" aria-level=\"1\"><span style=\"font-weight: 400;\">Categoria certificada, reservada per als vols d&#8217;alt risc, per als quals el pilot haur\u00e0 d&#8217;estar certificat com a operador.<\/span><\/li>\n<\/ul>\n<p><span style=\"font-weight: 400;\">Per saber on pots fer volar el teu dron, la web d&#8217;ENAIRE Drones, que pertany al Ministeri de Foment, especifica les zones habilitades per la nostra geografia. \u00c9s important tenir en compte que tant si l&#8217;\u00fas del drone \u00e9s professional com recreatiu, has de garantir la seguretat del vol i has de ser responsable amb el seu \u00fas, a m\u00e9s de prudent. Aix\u00ed mateix, mai no has de perdre de vista la nau ni volar-la amb condicions meteorol\u00f2giques adverses, com ara pluja o vent. <\/span><\/p>\n<\/p>\n<p><b>Anna Nicol\u00e1s Tor\u00e1n<\/b><\/p>\n<p><i><span style=\"font-weight: 400;\">Advocada de Mart\u00ednez &amp; Caballero Advocats<\/span><\/i><\/p><\/p>\n\t\t\t\t\t\t\t\t<\/div>\n\t\t\t\t<\/div>\n\t\t\t\t\t<\/div>\n\t\t<\/div>\n\t\t\t\t\t<\/div>\n\t\t<\/section>\n\t\t\t\t<section class=\"elementor-section elementor-top-section elementor-element elementor-element-d897a35 elementor-section-boxed elementor-section-height-default elementor-section-height-default\" data-id=\"d897a35\" data-element_type=\"section\" data-e-type=\"section\">\n\t\t\t\t\t\t<div class=\"elementor-container elementor-column-gap-extended\">\n\t\t\t\t\t<div class=\"elementor-column elementor-col-100 elementor-top-column elementor-element elementor-element-5821f04 sc_inner_width_none sc_layouts_column_icons_position_left\" data-id=\"5821f04\" data-element_type=\"column\" data-e-type=\"column\">\n\t\t\t<div class=\"elementor-widget-wrap\">\n\t\t\t\t\t\t\t<\/div>\n\t\t<\/div>\n\t\t\t\t\t<\/div>\n\t\t<\/section>\n\t\t\t\t<\/div>\n\t\t","protected":false},"excerpt":{"rendered":"<p>S&#8217;ent\u00e9n per drone aquell vehicle aeri no tripulat capa\u00e7 de tenir un vol controlat i de forma sostinguda. Els drones tenen un gran potencial i s\u00f3n capa\u00e7os de despla\u00e7ar-se molt r\u00e0pidament sobre diversos tipus de terreny, fins i tot per esquivar algun obstacle. El control dun dron permet que aconsegueixis imatges fascinants. En els darrers anys, el m\u00f3n dels drones ha crescut de forma exponencial. NORMATIVA REGULADORA ACTUAL I PROBLEM\u00c0TICA ANTERIOR L&#8217;Ag\u00e8ncia Estatal de Seguretat A\u00e8ria (AESA) regula l&#8217;\u00fas dels&hellip;<\/p>\n","protected":false},"author":1,"featured_media":8134,"comment_status":"closed","ping_status":"open","sticky":false,"template":"","format":"standard","meta":{"_monsterinsights_skip_tracking":false,"_monsterinsights_sitenote_active":false,"_monsterinsights_sitenote_note":"","_monsterinsights_sitenote_category":0,"_joinchat":[],"footnotes":""},"categories":[462],"tags":[],"class_list":["post-10308","post","type-post","status-publish","format-standard","has-post-thumbnail","hentry","category-noticies-i-actualitat"],"yoast_head":"<!-- This site is optimized with the Yoast SEO plugin v26.8 - https:\/\/yoast.com\/product\/yoast-seo-wordpress\/ -->\n<title>Claus de l&#039;\u00fas dels drones - Martinez Caballero Advocats<\/title>\n<meta name=\"description\" content=\"Aspectes clau de l\u00fas dels drones a Espanya. Els drones tenen potencial i s\u00f3n capa\u00e7os de despla\u00e7ar-se per complir tasques espec\u00edfiques\" \/>\n<meta name=\"robots\" content=\"index, follow, max-snippet:-1, max-image-preview:large, max-video-preview:-1\" \/>\n<link rel=\"canonical\" href=\"https:\/\/martinezcaballeroabogados.com\/ca\/els-drons-aspectes-clau-del-seu-us\/\" \/>\n<meta property=\"og:locale\" content=\"ca_ES\" \/>\n<meta property=\"og:type\" content=\"article\" \/>\n<meta property=\"og:title\" content=\"Claus de l&#039;\u00fas dels drones - Martinez Caballero Advocats\" \/>\n<meta property=\"og:description\" content=\"Aspectes clau de l\u00fas dels drones a Espanya. Els drones tenen potencial i s\u00f3n capa\u00e7os de despla\u00e7ar-se per complir tasques espec\u00edfiques\" \/>\n<meta property=\"og:url\" content=\"https:\/\/martinezcaballeroabogados.com\/ca\/els-drons-aspectes-clau-del-seu-us\/\" \/>\n<meta property=\"og:site_name\" content=\"Martinez Caballero Advocats\" \/>\n<meta property=\"article:publisher\" content=\"https:\/\/www.facebook.com\/martinezcaballeroabogados\/\" \/>\n<meta property=\"article:published_time\" content=\"2020-12-21T07:00:00+00:00\" \/>\n<meta property=\"article:modified_time\" content=\"2023-07-14T08:22:27+00:00\" \/>\n<meta property=\"og:image\" content=\"https:\/\/martinezcaballeroabogados.com\/wp-content\/uploads\/2020\/12\/aspectos-claves-del-uso-de-los-drones.webp\" \/>\n\t<meta property=\"og:image:width\" content=\"1980\" \/>\n\t<meta property=\"og:image:height\" content=\"1322\" \/>\n\t<meta property=\"og:image:type\" content=\"image\/webp\" \/>\n<meta name=\"author\" content=\"martinez-admin\" \/>\n<meta name=\"twitter:card\" content=\"summary_large_image\" \/>\n<meta name=\"twitter:creator\" content=\"@MC_abogados_\" \/>\n<meta name=\"twitter:site\" content=\"@MC_abogados_\" \/>\n<meta name=\"twitter:label1\" content=\"Escrit per\" \/>\n\t<meta name=\"twitter:data1\" content=\"martinez-admin\" \/>\n\t<meta name=\"twitter:label2\" content=\"Temps estimat de lectura\" \/>\n\t<meta name=\"twitter:data2\" content=\"4 minuts\" \/>\n<script type=\"application\/ld+json\" class=\"yoast-schema-graph\">{\"@context\":\"https:\/\/schema.org\",\"@graph\":[{\"@type\":\"Article\",\"@id\":\"https:\/\/martinezcaballeroabogados.com\/ca\/els-drons-aspectes-clau-del-seu-us\/#article\",\"isPartOf\":{\"@id\":\"https:\/\/martinezcaballeroabogados.com\/ca\/els-drons-aspectes-clau-del-seu-us\/\"},\"author\":{\"name\":\"martinez-admin\",\"@id\":\"https:\/\/martinezcaballeroabogados.com\/ca\/#\/schema\/person\/ee5a2bfe30c40c7af67cac2f7f0836d3\"},\"headline\":\"ELS DRONS. ASPECTES CLAU DEL SEU \u00daS.\",\"datePublished\":\"2020-12-21T07:00:00+00:00\",\"dateModified\":\"2023-07-14T08:22:27+00:00\",\"mainEntityOfPage\":{\"@id\":\"https:\/\/martinezcaballeroabogados.com\/ca\/els-drons-aspectes-clau-del-seu-us\/\"},\"wordCount\":875,\"publisher\":{\"@id\":\"https:\/\/martinezcaballeroabogados.com\/ca\/#organization\"},\"image\":{\"@id\":\"https:\/\/martinezcaballeroabogados.com\/ca\/els-drons-aspectes-clau-del-seu-us\/#primaryimage\"},\"thumbnailUrl\":\"https:\/\/martinezcaballeroabogados.com\/wp-content\/uploads\/2020\/12\/aspectos-claves-del-uso-de-los-drones.webp\",\"articleSection\":[\"Not\u00edcies i Actualitat\"],\"inLanguage\":\"ca\"},{\"@type\":\"WebPage\",\"@id\":\"https:\/\/martinezcaballeroabogados.com\/ca\/els-drons-aspectes-clau-del-seu-us\/\",\"url\":\"https:\/\/martinezcaballeroabogados.com\/ca\/els-drons-aspectes-clau-del-seu-us\/\",\"name\":\"Claus de l'\u00fas dels drones - Martinez Caballero Advocats\",\"isPartOf\":{\"@id\":\"https:\/\/martinezcaballeroabogados.com\/ca\/#website\"},\"primaryImageOfPage\":{\"@id\":\"https:\/\/martinezcaballeroabogados.com\/ca\/els-drons-aspectes-clau-del-seu-us\/#primaryimage\"},\"image\":{\"@id\":\"https:\/\/martinezcaballeroabogados.com\/ca\/els-drons-aspectes-clau-del-seu-us\/#primaryimage\"},\"thumbnailUrl\":\"https:\/\/martinezcaballeroabogados.com\/wp-content\/uploads\/2020\/12\/aspectos-claves-del-uso-de-los-drones.webp\",\"datePublished\":\"2020-12-21T07:00:00+00:00\",\"dateModified\":\"2023-07-14T08:22:27+00:00\",\"description\":\"Aspectes clau de l\u00fas dels drones a Espanya. Els drones tenen potencial i s\u00f3n capa\u00e7os de despla\u00e7ar-se per complir tasques espec\u00edfiques\",\"breadcrumb\":{\"@id\":\"https:\/\/martinezcaballeroabogados.com\/ca\/els-drons-aspectes-clau-del-seu-us\/#breadcrumb\"},\"inLanguage\":\"ca\",\"potentialAction\":[{\"@type\":\"ReadAction\",\"target\":[\"https:\/\/martinezcaballeroabogados.com\/ca\/els-drons-aspectes-clau-del-seu-us\/\"]}]},{\"@type\":\"ImageObject\",\"inLanguage\":\"ca\",\"@id\":\"https:\/\/martinezcaballeroabogados.com\/ca\/els-drons-aspectes-clau-del-seu-us\/#primaryimage\",\"url\":\"https:\/\/martinezcaballeroabogados.com\/wp-content\/uploads\/2020\/12\/aspectos-claves-del-uso-de-los-drones.webp\",\"contentUrl\":\"https:\/\/martinezcaballeroabogados.com\/wp-content\/uploads\/2020\/12\/aspectos-claves-del-uso-de-los-drones.webp\",\"width\":1980,\"height\":1322,\"caption\":\"Piloto de dron vuela uno para hacer im\u00e1genes\"},{\"@type\":\"BreadcrumbList\",\"@id\":\"https:\/\/martinezcaballeroabogados.com\/ca\/els-drons-aspectes-clau-del-seu-us\/#breadcrumb\",\"itemListElement\":[{\"@type\":\"ListItem\",\"position\":1,\"name\":\"Portada\",\"item\":\"https:\/\/martinezcaballeroabogados.com\/ca\/advocats-a-barcelona\/\"},{\"@type\":\"ListItem\",\"position\":2,\"name\":\"ELS DRONS. ASPECTES CLAU DEL SEU \u00daS.\"}]},{\"@type\":\"WebSite\",\"@id\":\"https:\/\/martinezcaballeroabogados.com\/ca\/#website\",\"url\":\"https:\/\/martinezcaballeroabogados.com\/ca\/\",\"name\":\"Martinez & Caballero Abogados\",\"description\":\"Advocats Integrals a Barcelona\",\"publisher\":{\"@id\":\"https:\/\/martinezcaballeroabogados.com\/ca\/#organization\"},\"potentialAction\":[{\"@type\":\"SearchAction\",\"target\":{\"@type\":\"EntryPoint\",\"urlTemplate\":\"https:\/\/martinezcaballeroabogados.com\/ca\/?s={search_term_string}\"},\"query-input\":{\"@type\":\"PropertyValueSpecification\",\"valueRequired\":true,\"valueName\":\"search_term_string\"}}],\"inLanguage\":\"ca\"},{\"@type\":\"Organization\",\"@id\":\"https:\/\/martinezcaballeroabogados.com\/ca\/#organization\",\"name\":\"Martinez & Caballero Abogados\",\"url\":\"https:\/\/martinezcaballeroabogados.com\/ca\/\",\"logo\":{\"@type\":\"ImageObject\",\"inLanguage\":\"ca\",\"@id\":\"https:\/\/martinezcaballeroabogados.com\/ca\/#\/schema\/logo\/image\/\",\"url\":\"https:\/\/martinezcaballeroabogados.com\/wp-content\/uploads\/2020\/02\/cropped-cropped-logo-mc-abogados-web-1-e1497812507401-1.png\",\"contentUrl\":\"https:\/\/martinezcaballeroabogados.com\/wp-content\/uploads\/2020\/02\/cropped-cropped-logo-mc-abogados-web-1-e1497812507401-1.png\",\"width\":300,\"height\":150,\"caption\":\"Martinez & Caballero Abogados\"},\"image\":{\"@id\":\"https:\/\/martinezcaballeroabogados.com\/ca\/#\/schema\/logo\/image\/\"},\"sameAs\":[\"https:\/\/www.facebook.com\/martinezcaballeroabogados\/\",\"https:\/\/x.com\/MC_abogados_\",\"https:\/\/www.instagram.com\/extranjeriabarcelonaabogados\/\"]},{\"@type\":\"Person\",\"@id\":\"https:\/\/martinezcaballeroabogados.com\/ca\/#\/schema\/person\/ee5a2bfe30c40c7af67cac2f7f0836d3\",\"name\":\"martinez-admin\",\"image\":{\"@type\":\"ImageObject\",\"inLanguage\":\"ca\",\"@id\":\"https:\/\/martinezcaballeroabogados.com\/ca\/#\/schema\/person\/image\/\",\"url\":\"https:\/\/secure.gravatar.com\/avatar\/e75c4c04fb977670e5006b7e6fc3f34d?s=96&d=mm&r=g\",\"contentUrl\":\"https:\/\/secure.gravatar.com\/avatar\/e75c4c04fb977670e5006b7e6fc3f34d?s=96&d=mm&r=g\",\"caption\":\"martinez-admin\"}}]}<\/script>\n<!-- \/ Yoast SEO plugin. -->","yoast_head_json":{"title":"Claus de l'\u00fas dels drones - Martinez Caballero Advocats","description":"Aspectes clau de l\u00fas dels drones a Espanya. Els drones tenen potencial i s\u00f3n capa\u00e7os de despla\u00e7ar-se per complir tasques espec\u00edfiques","robots":{"index":"index","follow":"follow","max-snippet":"max-snippet:-1","max-image-preview":"max-image-preview:large","max-video-preview":"max-video-preview:-1"},"canonical":"https:\/\/martinezcaballeroabogados.com\/ca\/els-drons-aspectes-clau-del-seu-us\/","og_locale":"ca_ES","og_type":"article","og_title":"Claus de l'\u00fas dels drones - Martinez Caballero Advocats","og_description":"Aspectes clau de l\u00fas dels drones a Espanya. Els drones tenen potencial i s\u00f3n capa\u00e7os de despla\u00e7ar-se per complir tasques espec\u00edfiques","og_url":"https:\/\/martinezcaballeroabogados.com\/ca\/els-drons-aspectes-clau-del-seu-us\/","og_site_name":"Martinez Caballero Advocats","article_publisher":"https:\/\/www.facebook.com\/martinezcaballeroabogados\/","article_published_time":"2020-12-21T07:00:00+00:00","article_modified_time":"2023-07-14T08:22:27+00:00","og_image":[{"width":1980,"height":1322,"url":"https:\/\/martinezcaballeroabogados.com\/wp-content\/uploads\/2020\/12\/aspectos-claves-del-uso-de-los-drones.webp","type":"image\/webp"}],"author":"martinez-admin","twitter_card":"summary_large_image","twitter_creator":"@MC_abogados_","twitter_site":"@MC_abogados_","twitter_misc":{"Escrit per":"martinez-admin","Temps estimat de lectura":"4 minuts"},"schema":{"@context":"https:\/\/schema.org","@graph":[{"@type":"Article","@id":"https:\/\/martinezcaballeroabogados.com\/ca\/els-drons-aspectes-clau-del-seu-us\/#article","isPartOf":{"@id":"https:\/\/martinezcaballeroabogados.com\/ca\/els-drons-aspectes-clau-del-seu-us\/"},"author":{"name":"martinez-admin","@id":"https:\/\/martinezcaballeroabogados.com\/ca\/#\/schema\/person\/ee5a2bfe30c40c7af67cac2f7f0836d3"},"headline":"ELS DRONS. ASPECTES CLAU DEL SEU \u00daS.","datePublished":"2020-12-21T07:00:00+00:00","dateModified":"2023-07-14T08:22:27+00:00","mainEntityOfPage":{"@id":"https:\/\/martinezcaballeroabogados.com\/ca\/els-drons-aspectes-clau-del-seu-us\/"},"wordCount":875,"publisher":{"@id":"https:\/\/martinezcaballeroabogados.com\/ca\/#organization"},"image":{"@id":"https:\/\/martinezcaballeroabogados.com\/ca\/els-drons-aspectes-clau-del-seu-us\/#primaryimage"},"thumbnailUrl":"https:\/\/martinezcaballeroabogados.com\/wp-content\/uploads\/2020\/12\/aspectos-claves-del-uso-de-los-drones.webp","articleSection":["Not\u00edcies i Actualitat"],"inLanguage":"ca"},{"@type":"WebPage","@id":"https:\/\/martinezcaballeroabogados.com\/ca\/els-drons-aspectes-clau-del-seu-us\/","url":"https:\/\/martinezcaballeroabogados.com\/ca\/els-drons-aspectes-clau-del-seu-us\/","name":"Claus de l'\u00fas dels drones - Martinez Caballero Advocats","isPartOf":{"@id":"https:\/\/martinezcaballeroabogados.com\/ca\/#website"},"primaryImageOfPage":{"@id":"https:\/\/martinezcaballeroabogados.com\/ca\/els-drons-aspectes-clau-del-seu-us\/#primaryimage"},"image":{"@id":"https:\/\/martinezcaballeroabogados.com\/ca\/els-drons-aspectes-clau-del-seu-us\/#primaryimage"},"thumbnailUrl":"https:\/\/martinezcaballeroabogados.com\/wp-content\/uploads\/2020\/12\/aspectos-claves-del-uso-de-los-drones.webp","datePublished":"2020-12-21T07:00:00+00:00","dateModified":"2023-07-14T08:22:27+00:00","description":"Aspectes clau de l\u00fas dels drones a Espanya. Els drones tenen potencial i s\u00f3n capa\u00e7os de despla\u00e7ar-se per complir tasques espec\u00edfiques","breadcrumb":{"@id":"https:\/\/martinezcaballeroabogados.com\/ca\/els-drons-aspectes-clau-del-seu-us\/#breadcrumb"},"inLanguage":"ca","potentialAction":[{"@type":"ReadAction","target":["https:\/\/martinezcaballeroabogados.com\/ca\/els-drons-aspectes-clau-del-seu-us\/"]}]},{"@type":"ImageObject","inLanguage":"ca","@id":"https:\/\/martinezcaballeroabogados.com\/ca\/els-drons-aspectes-clau-del-seu-us\/#primaryimage","url":"https:\/\/martinezcaballeroabogados.com\/wp-content\/uploads\/2020\/12\/aspectos-claves-del-uso-de-los-drones.webp","contentUrl":"https:\/\/martinezcaballeroabogados.com\/wp-content\/uploads\/2020\/12\/aspectos-claves-del-uso-de-los-drones.webp","width":1980,"height":1322,"caption":"Piloto de dron vuela uno para hacer im\u00e1genes"},{"@type":"BreadcrumbList","@id":"https:\/\/martinezcaballeroabogados.com\/ca\/els-drons-aspectes-clau-del-seu-us\/#breadcrumb","itemListElement":[{"@type":"ListItem","position":1,"name":"Portada","item":"https:\/\/martinezcaballeroabogados.com\/ca\/advocats-a-barcelona\/"},{"@type":"ListItem","position":2,"name":"ELS DRONS. ASPECTES CLAU DEL SEU \u00daS."}]},{"@type":"WebSite","@id":"https:\/\/martinezcaballeroabogados.com\/ca\/#website","url":"https:\/\/martinezcaballeroabogados.com\/ca\/","name":"Martinez & Caballero Abogados","description":"Advocats Integrals a Barcelona","publisher":{"@id":"https:\/\/martinezcaballeroabogados.com\/ca\/#organization"},"potentialAction":[{"@type":"SearchAction","target":{"@type":"EntryPoint","urlTemplate":"https:\/\/martinezcaballeroabogados.com\/ca\/?s={search_term_string}"},"query-input":{"@type":"PropertyValueSpecification","valueRequired":true,"valueName":"search_term_string"}}],"inLanguage":"ca"},{"@type":"Organization","@id":"https:\/\/martinezcaballeroabogados.com\/ca\/#organization","name":"Martinez & Caballero Abogados","url":"https:\/\/martinezcaballeroabogados.com\/ca\/","logo":{"@type":"ImageObject","inLanguage":"ca","@id":"https:\/\/martinezcaballeroabogados.com\/ca\/#\/schema\/logo\/image\/","url":"https:\/\/martinezcaballeroabogados.com\/wp-content\/uploads\/2020\/02\/cropped-cropped-logo-mc-abogados-web-1-e1497812507401-1.png","contentUrl":"https:\/\/martinezcaballeroabogados.com\/wp-content\/uploads\/2020\/02\/cropped-cropped-logo-mc-abogados-web-1-e1497812507401-1.png","width":300,"height":150,"caption":"Martinez & Caballero Abogados"},"image":{"@id":"https:\/\/martinezcaballeroabogados.com\/ca\/#\/schema\/logo\/image\/"},"sameAs":["https:\/\/www.facebook.com\/martinezcaballeroabogados\/","https:\/\/x.com\/MC_abogados_","https:\/\/www.instagram.com\/extranjeriabarcelonaabogados\/"]},{"@type":"Person","@id":"https:\/\/martinezcaballeroabogados.com\/ca\/#\/schema\/person\/ee5a2bfe30c40c7af67cac2f7f0836d3","name":"martinez-admin","image":{"@type":"ImageObject","inLanguage":"ca","@id":"https:\/\/martinezcaballeroabogados.com\/ca\/#\/schema\/person\/image\/","url":"https:\/\/secure.gravatar.com\/avatar\/e75c4c04fb977670e5006b7e6fc3f34d?s=96&d=mm&r=g","contentUrl":"https:\/\/secure.gravatar.com\/avatar\/e75c4c04fb977670e5006b7e6fc3f34d?s=96&d=mm&r=g","caption":"martinez-admin"}}]}},"_links":{"self":[{"href":"https:\/\/martinezcaballeroabogados.com\/ca\/wp-json\/wp\/v2\/posts\/10308","targetHints":{"allow":["GET"]}}],"collection":[{"href":"https:\/\/martinezcaballeroabogados.com\/ca\/wp-json\/wp\/v2\/posts"}],"about":[{"href":"https:\/\/martinezcaballeroabogados.com\/ca\/wp-json\/wp\/v2\/types\/post"}],"author":[{"embeddable":true,"href":"https:\/\/martinezcaballeroabogados.com\/ca\/wp-json\/wp\/v2\/users\/1"}],"replies":[{"embeddable":true,"href":"https:\/\/martinezcaballeroabogados.com\/ca\/wp-json\/wp\/v2\/comments?post=10308"}],"version-history":[{"count":1,"href":"https:\/\/martinezcaballeroabogados.com\/ca\/wp-json\/wp\/v2\/posts\/10308\/revisions"}],"predecessor-version":[{"id":10309,"href":"https:\/\/martinezcaballeroabogados.com\/ca\/wp-json\/wp\/v2\/posts\/10308\/revisions\/10309"}],"wp:featuredmedia":[{"embeddable":true,"href":"https:\/\/martinezcaballeroabogados.com\/ca\/wp-json\/wp\/v2\/media\/8134"}],"wp:attachment":[{"href":"https:\/\/martinezcaballeroabogados.com\/ca\/wp-json\/wp\/v2\/media?parent=10308"}],"wp:term":[{"taxonomy":"category","embeddable":true,"href":"https:\/\/martinezcaballeroabogados.com\/ca\/wp-json\/wp\/v2\/categories?post=10308"},{"taxonomy":"post_tag","embeddable":true,"href":"https:\/\/martinezcaballeroabogados.com\/ca\/wp-json\/wp\/v2\/tags?post=10308"}],"curies":[{"name":"wp","href":"https:\/\/api.w.org\/{rel}","templated":true}]}}